{"id":69032,"date":"2026-01-25T12:09:43","date_gmt":"2026-01-25T17:09:43","guid":{"rendered":"https:\/\/www.turistamagazine.com\/v2\/?p=69032"},"modified":"2026-01-25T12:09:43","modified_gmt":"2026-01-25T17:09:43","slug":"kuelap-lluvias-interrumpen-acceso-a-complejo-arqueologico-y-obligan-al-cierre-del-servicio-de-telecabinas","status":"publish","type":"post","link":"https:\/\/www.turistamagazine.com\/v2\/?p=69032","title":{"rendered":"KU\u00c9LAP: LLUVIAS INTERRUMPEN ACCESO A COMPLEJO ARQUEOL\u00d3GICO Y OBLIGAN AL CIERRE DEL SERVICIO DE TELECABINAS"},"content":{"rendered":"<p style=\"text-align: center;\"><span style=\"color: #333399;\"><em><strong>El servicio de Telecabinas se suspendi\u00f3 por deslizamientos y acumulaci\u00f3n de lodo, mientras las autoridades intensifican labores de restauraci\u00f3n y refuerzo en el monumento<\/strong><\/em><\/span><\/p>\n<p style=\"text-align: justify;\"><span style=\"color: #333399;\"><em><strong>AMAZONAS\/PERU\/25\/01\/2026.-Las persistentes lluvias que afectan la regi\u00f3n Amazonas han generado un nuevo contratiempo para el turismo en el nororiente peruano. El servicio de Telecabinas Ku\u00e9lap fue suspendido nuevamente por las intensas precipitaciones, una medida que responde a protocolos de seguridad activados tras el deslizamiento de rocas y lodo en los alrededores del complejo monumental.<\/strong><\/em><\/span><\/p>\n<p style=\"text-align: justify;\"><span style=\"color: #333399;\"><em><strong>Esta decisi\u00f3n, seg\u00fan la administraci\u00f3n del servicio, tiene como prioridad la protecci\u00f3n de los visitantes y del personal, en un contexto marcado por la inestabilidad clim\u00e1tica que persiste en la zona.<\/strong><\/em><\/span><\/p>\n<p style=\"text-align: justify;\"><span style=\"color: #333399;\"><em><strong>Seg\u00fan informaci\u00f3n proporcionada por Telecabinas Ku\u00e9lap, el sistema opera en dos tramos principales: un recorrido en bus desde la estaci\u00f3n de boletos hasta el and\u00e9n de embarque y, posteriormente, el trayecto en telecabinas hasta La Malca, el punto m\u00e1s pr\u00f3ximo al sitio arqueol\u00f3gico.<\/strong><\/em><\/span><\/p>\n<p style=\"text-align: justify;\"><span style=\"color: #333399;\"><em><strong>Las lluvias han provocado deslizamientos entre los kil\u00f3metros 4 y 7 de la carretera Tingo-Ku\u00e9lap, afectando la movilidad de los buses e impidiendo el funcionamiento regular del servicio. Adem\u00e1s, la acumulaci\u00f3n de lodo en uno de los andenes representa un riesgo adicional para las operaciones.<\/strong><\/em><\/span><\/p>\n<p style=\"text-align: justify;\"><span style=\"color: #333399;\"><em><strong>La empresa ha reiterado que la suspensi\u00f3n del servicio es una medida temporal, adoptada tras las inspecciones diarias que realiza su equipo t\u00e9cnico ante las condiciones adversas. \u201cEvidentemente, por seguridad no podemos iniciar operaciones en estas condiciones. Estamos trabajando para superar estos impases\u201d, inform\u00f3 la administraci\u00f3n de Telecabinas Ku\u00e9lap.<\/strong><\/em><\/span><\/p>\n<p style=\"text-align: justify;\"><span style=\"color: #333399;\"><em><strong>Esta situaci\u00f3n no es nueva: el pasado 16 de enero y, posteriormente, el 20 del mismo mes, el servicio fue cerrado por motivos similares y solo fue reabierto cuando las condiciones lo permitieron.<\/strong><\/em><\/span><\/p>\n<p style=\"text-align: justify;\"><span style=\"color: #333399;\"><em><strong>Restauraci\u00f3n y retos<\/strong><\/em><\/span><\/p>\n<p style=\"text-align: justify;\"><span style=\"color: #333399;\"><em><strong>El complejo arqueol\u00f3gico ha enfrentado desaf\u00edos mayores en los \u00faltimos a\u00f1os, especialmente desde el colapso de parte de su muralla sur en abril de 2022. El Ministerio de Cultura (Mincul) impulsa desde octubre de 2024 el Programa de Investigaci\u00f3n Arqueol\u00f3gica e Interdisciplinaria Ku\u00e9lap (PRIAK 2024-2029), cuyo objetivo es restaurar la estructura da\u00f1ada y prevenir nuevos riesgos.<\/strong><\/em><\/span><\/p>\n<p style=\"text-align: justify;\"><span style=\"color: #333399;\"><em><strong>Este programa, liderado por Moira Novoa Silva, viceministra de Patrimonio Cultural e Industrias Culturales, ya muestra un avance del 78 % en la zona priorizada.<\/strong><\/em><\/span><\/p>\n<p style=\"text-align: justify;\"><span style=\"color: #333399;\"><em><strong>La restauraci\u00f3n abarca 28 puntos del complejo y sigue principios de conservaci\u00f3n que buscan mantener la autenticidad del monumento. Oliver Huam\u00e1n Oros, director del PRIAK, explic\u00f3 que la estrategia prioriza la consolidaci\u00f3n de la parte colapsada y de estructuras adyacentes.<\/strong><\/em><\/span><\/p>\n<p style=\"text-align: justify;\"><span style=\"color: #333399;\"><em><strong>El clima adverso representa un reto constante. El ingeniero especialista en hidrolog\u00eda, Hilton R\u00edos, explic\u00f3 que el plan preventivo incluye la instalaci\u00f3n de una geomembrana bajo el terreno natural, con una pendiente que permite drenar el exceso de agua hacia cajas de drenaje.<\/strong><\/em><\/span><\/p>\n<p style=\"text-align: justify;\"><span style=\"color: #333399;\"><em><strong>\u201cLa impermeabilizaci\u00f3n consiste en una geomembrana instalada bajo el terreno natural con pendiente adecuada. Esto permite que, cuando se presenten precipitaciones fuertes, el agua se drene hacia las cajas de drenaje\u201d, detall\u00f3 R\u00edos.<\/strong><\/em><\/span><\/p>\n<p>F\/Telecabinas Ku\u00e9lap<\/p>\n","protected":false},"excerpt":{"rendered":"<p>El servicio de Telecabinas se suspendi\u00f3 por deslizamientos y acumulaci\u00f3n de lodo, mientras las autoridades intensifican labores de restauraci\u00f3n y refuerzo en el monumento AMAZONAS\/PERU\/25\/01\/2026.-Las persistentes lluvias que afectan la regi\u00f3n Amazonas han generado un nuevo contratiempo para el turismo en el nororiente peruano. El servicio de Telecabinas Ku\u00e9lap fue suspendido nuevamente por las intensas precipitaciones, una medida que responde a protocolos de seguridad activados tras el deslizamiento de rocas y lodo en los alrededores del complejo monumental. Esta decisi\u00f3n, seg\u00fan la administraci\u00f3n del servicio, tiene como prioridad la protecci\u00f3n de los visitantes y del personal, en un contexto marcado&#8230;<\/p>\n","protected":false},"author":1,"featured_media":62517,"comment_status":"open","ping_status":"open","sticky":false,"template":"","format":"standard","meta":{"footnotes":""},"categories":[4,82],"tags":[11846,11472,10219,340],"class_list":["post-69032","post","type-post","status-publish","format-standard","has-post-thumbnail","hentry","category-breaking-news","category-nacionales","tag-elenatejeradirectora","tag-kuelap","tag-semanarioturistamagazine","tag-peru"],"_links":{"self":[{"href":"https:\/\/www.turistamagazine.com\/v2\/index.php?rest_route=\/wp\/v2\/posts\/69032","targetHints":{"allow":["GET"]}}],"collection":[{"href":"https:\/\/www.turistamagazine.com\/v2\/index.php?rest_route=\/wp\/v2\/posts"}],"about":[{"href":"https:\/\/www.turistamagazine.com\/v2\/index.php?rest_route=\/wp\/v2\/types\/post"}],"author":[{"embeddable":true,"href":"https:\/\/www.turistamagazine.com\/v2\/index.php?rest_route=\/wp\/v2\/users\/1"}],"replies":[{"embeddable":true,"href":"https:\/\/www.turistamagazine.com\/v2\/index.php?rest_route=%2Fwp%2Fv2%2Fcomments&post=69032"}],"version-history":[{"count":1,"href":"https:\/\/www.turistamagazine.com\/v2\/index.php?rest_route=\/wp\/v2\/posts\/69032\/revisions"}],"predecessor-version":[{"id":69033,"href":"https:\/\/www.turistamagazine.com\/v2\/index.php?rest_route=\/wp\/v2\/posts\/69032\/revisions\/69033"}],"wp:featuredmedia":[{"embeddable":true,"href":"https:\/\/www.turistamagazine.com\/v2\/index.php?rest_route=\/wp\/v2\/media\/62517"}],"wp:attachment":[{"href":"https:\/\/www.turistamagazine.com\/v2\/index.php?rest_route=%2Fwp%2Fv2%2Fmedia&parent=69032"}],"wp:term":[{"taxonomy":"category","embeddable":true,"href":"https:\/\/www.turistamagazine.com\/v2\/index.php?rest_route=%2Fwp%2Fv2%2Fcategories&post=69032"},{"taxonomy":"post_tag","embeddable":true,"href":"https:\/\/www.turistamagazine.com\/v2\/index.php?rest_route=%2Fwp%2Fv2%2Ftags&post=69032"}],"curies":[{"name":"wp","href":"https:\/\/api.w.org\/{rel}","templated":true}]}}