{"id":69021,"date":"2026-01-25T10:41:53","date_gmt":"2026-01-25T15:41:53","guid":{"rendered":"https:\/\/www.turistamagazine.com\/v2\/?p=69021"},"modified":"2026-01-25T10:43:43","modified_gmt":"2026-01-25T15:43:43","slug":"peru-fortalece-su-proyeccion-turistica-religiosa-internacional","status":"publish","type":"post","link":"https:\/\/www.turistamagazine.com\/v2\/?p=69021","title":{"rendered":"PER\u00da FORTALECE SU PROYECCI\u00d3N TUR\u00cdSTICA RELIGIOSA INTERNACIONAL"},"content":{"rendered":"<p style=\"text-align: justify;\"><span style=\"color: #333399;\"><em><strong>PERU\/25\/01\/2026.-Per\u00fa ha dado un paso estrat\u00e9gico en el posicionamiento internacional de su oferta tur\u00edstica al incorporarse oficialmente como miembro activo de la Red Mundial de Turismo Religioso, una plataforma global orientada a la valorizaci\u00f3n, promoci\u00f3n y gesti\u00f3n sostenible de destinos vinculados a la fe, la espiritualidad y las tradiciones culturales de car\u00e1cter religioso. El anuncio se realiz\u00f3 en el marco de la FITUR, uno de los principales encuentros mundiales del sector tur\u00edstico, consolidando as\u00ed la presencia del pa\u00eds en los grandes foros internacionales especializados.<\/strong><\/em><\/span><\/p>\n<p style=\"text-align: justify;\"><span style=\"color: #333399;\"><em><strong>La ceremonia oficial tuvo lugar en el stand de Per\u00fa, donde se formaliz\u00f3 la entrega del certificado de membres\u00eda al Ministerio de Comercio Exterior y Turismo de Per\u00fa y a PromPer\u00fa, instituciones responsables de liderar la pol\u00edtica tur\u00edstica nacional y su proyecci\u00f3n exterior. El acto reuni\u00f3 a representantes institucionales, profesionales del sector y medios especializados, subrayando la relevancia del hito alcanzado.<\/strong><\/em><\/span><\/p>\n<p style=\"text-align: justify;\"><span style=\"color: #333399;\"><em><strong>Durante su intervenci\u00f3n, la ministra de Comercio Exterior y Turismo, Teresa Mera, destac\u00f3 el valor estrat\u00e9gico del turismo religioso para el pa\u00eds, se\u00f1alando que este segmento constituye una oportunidad concreta para diversificar la oferta tur\u00edstica, dinamizar econom\u00edas locales y poner en valor el patrimonio material e inmaterial de Per\u00fa. La ministra subray\u00f3 que el inter\u00e9s internacional por los destinos vinculados a la fe se ha visto reforzado recientemente por la elecci\u00f3n del Papa Le\u00f3n XIV, un acontecimiento que ha situado nuevamente a Per\u00fa en el centro de la atenci\u00f3n mundial y ha incrementado el potencial de atracci\u00f3n de peregrinos y visitantes motivados por razones espirituales y culturales.<\/strong><\/em><\/span><\/p>\n<p style=\"text-align: justify;\"><span style=\"color: #333399;\"><em><strong>La incorporaci\u00f3n a la Red Mundial de Turismo Religioso supone para Per\u00fa el acceso a un espacio de cooperaci\u00f3n internacional, intercambio de buenas pr\u00e1cticas y desarrollo de proyectos conjuntos con otros pa\u00edses y destinos que apuestan por un turismo responsable, respetuoso con las comunidades anfitrionas y alineado con los principios de sostenibilidad. En este contexto, se abre la posibilidad de dise\u00f1ar productos tur\u00edsticos especializados, fortalecer rutas de peregrinaci\u00f3n, impulsar la investigaci\u00f3n y la formaci\u00f3n, as\u00ed como mejorar la gesti\u00f3n de los flujos tur\u00edsticos asociados a celebraciones, santuarios y manifestaciones religiosas.<\/strong><\/em><\/span><\/p>\n<p style=\"text-align: justify;\"><span style=\"color: #333399;\"><em><strong>Por su parte, la directora general de la Red, Pilar Vald\u00e9s, expres\u00f3 que la incorporaci\u00f3n de Per\u00fa representa \u201cun gran compromiso y una gran oportunidad\u201d para la organizaci\u00f3n, destacando tanto la proyecci\u00f3n internacional que genera el legado del Papa Le\u00f3n XIV como la riqueza de las expresiones ancestrales de la espiritualidad andina. Seg\u00fan Vald\u00e9s, estas manifestaciones, profundamente arraigadas en la identidad cultural del pa\u00eds, despiertan un creciente inter\u00e9s entre peregrinos y viajeros que buscan experiencias aut\u00e9nticas, significativas y conectadas con la historia y la cosmovisi\u00f3n de los pueblos.<\/strong><\/em><\/span><\/p>\n<p style=\"text-align: justify;\"><span style=\"color: #333399;\"><em><strong>Vald\u00e9s puso tambi\u00e9n en valor el papel desempe\u00f1ado por la C\u00e1mara Nacional de Turismo de Per\u00fa, cuya gesti\u00f3n y acompa\u00f1amiento han sido clave para materializar la incorporaci\u00f3n del pa\u00eds a la Red, as\u00ed como el trabajo t\u00e9cnico y el compromiso sostenido del equipo profesional de PromPer\u00fa. Este esfuerzo conjunto refleja una clara voluntad institucional de posicionar el turismo religioso como un eje complementario dentro de la estrategia tur\u00edstica nacional, articulando actores p\u00fablicos y privados en torno a objetivos comunes.<\/strong><\/em><\/span><\/p>\n<p style=\"text-align: justify;\"><span style=\"color: #333399;\"><em><strong>Con esta adhesi\u00f3n, Per\u00fa refuerza su imagen como destino diverso, plural y culturalmente rico, capaz de ofrecer experiencias que integran patrimonio, espiritualidad, naturaleza y comunidad. Al mismo tiempo, la pertenencia a la Red Mundial de Turismo Religioso permitir\u00e1 al pa\u00eds participar activamente en iniciativas internacionales, campa\u00f1as de promoci\u00f3n conjunta y espacios de di\u00e1logo que contribuyen a consolidar el turismo como una herramienta de desarrollo sostenible, cohesi\u00f3n social y proyecci\u00f3n cultural.<\/strong><\/em><\/span><\/p>\n<p style=\"text-align: justify;\"><span style=\"color: #333399;\"><em><strong>La incorporaci\u00f3n de Per\u00fa como miembro activo de la Red no solo reconoce el valor de su legado religioso y espiritual, sino que marca el inicio de una nueva etapa de cooperaci\u00f3n internacional, innovaci\u00f3n tur\u00edstica y fortalecimiento institucional, alineada con las tendencias globales que apuestan por un turismo con sentido, identidad y responsabilidad compartida.<\/strong><\/em><\/span><\/p>\n<p style=\"text-align: justify;\"><span style=\"color: #333399;\">F\/<strong>TSTT<\/strong><\/span><\/p>\n","protected":false},"excerpt":{"rendered":"<p>PERU\/25\/01\/2026.-Per\u00fa ha dado un paso estrat\u00e9gico en el posicionamiento internacional de su oferta tur\u00edstica al incorporarse oficialmente como miembro activo de la Red Mundial de Turismo Religioso, una plataforma global orientada a la valorizaci\u00f3n, promoci\u00f3n y gesti\u00f3n sostenible de destinos vinculados a la fe, la espiritualidad y las tradiciones culturales de car\u00e1cter religioso. El anuncio se realiz\u00f3 en el marco de la FITUR, uno de los principales encuentros mundiales del sector tur\u00edstico, consolidando as\u00ed la presencia del pa\u00eds en los grandes foros internacionales especializados. La ceremonia oficial tuvo lugar en el stand de Per\u00fa, donde se formaliz\u00f3 la entrega del&#8230;<\/p>\n","protected":false},"author":1,"featured_media":69022,"comment_status":"open","ping_status":"open","sticky":false,"template":"","format":"standard","meta":{"footnotes":""},"categories":[4,82],"tags":[11846,10219,10871,7471,340],"class_list":["post-69021","post","type-post","status-publish","format-standard","has-post-thumbnail","hentry","category-breaking-news","category-nacionales","tag-elenatejeradirectora","tag-semanarioturistamagazine","tag-turismoreligioso","tag-elenita-villar-asesora-de-tesis-en-turismo","tag-peru"],"_links":{"self":[{"href":"https:\/\/www.turistamagazine.com\/v2\/index.php?rest_route=\/wp\/v2\/posts\/69021","targetHints":{"allow":["GET"]}}],"collection":[{"href":"https:\/\/www.turistamagazine.com\/v2\/index.php?rest_route=\/wp\/v2\/posts"}],"about":[{"href":"https:\/\/www.turistamagazine.com\/v2\/index.php?rest_route=\/wp\/v2\/types\/post"}],"author":[{"embeddable":true,"href":"https:\/\/www.turistamagazine.com\/v2\/index.php?rest_route=\/wp\/v2\/users\/1"}],"replies":[{"embeddable":true,"href":"https:\/\/www.turistamagazine.com\/v2\/index.php?rest_route=%2Fwp%2Fv2%2Fcomments&post=69021"}],"version-history":[{"count":2,"href":"https:\/\/www.turistamagazine.com\/v2\/index.php?rest_route=\/wp\/v2\/posts\/69021\/revisions"}],"predecessor-version":[{"id":69024,"href":"https:\/\/www.turistamagazine.com\/v2\/index.php?rest_route=\/wp\/v2\/posts\/69021\/revisions\/69024"}],"wp:featuredmedia":[{"embeddable":true,"href":"https:\/\/www.turistamagazine.com\/v2\/index.php?rest_route=\/wp\/v2\/media\/69022"}],"wp:attachment":[{"href":"https:\/\/www.turistamagazine.com\/v2\/index.php?rest_route=%2Fwp%2Fv2%2Fmedia&parent=69021"}],"wp:term":[{"taxonomy":"category","embeddable":true,"href":"https:\/\/www.turistamagazine.com\/v2\/index.php?rest_route=%2Fwp%2Fv2%2Fcategories&post=69021"},{"taxonomy":"post_tag","embeddable":true,"href":"https:\/\/www.turistamagazine.com\/v2\/index.php?rest_route=%2Fwp%2Fv2%2Ftags&post=69021"}],"curies":[{"name":"wp","href":"https:\/\/api.w.org\/{rel}","templated":true}]}}