{"id":69017,"date":"2026-01-24T17:35:23","date_gmt":"2026-01-24T22:35:23","guid":{"rendered":"https:\/\/www.turistamagazine.com\/v2\/?p=69017"},"modified":"2026-01-24T17:35:23","modified_gmt":"2026-01-24T22:35:23","slug":"peru-anuncian-obras-de-rehabilitacion-en-el-aeropuerto-internacional-del-cusco","status":"publish","type":"post","link":"https:\/\/www.turistamagazine.com\/v2\/?p=69017","title":{"rendered":"PER\u00da: ANUNCIAN OBRAS DE REHABILITACI\u00d3N EN EL AEROPUERTO INTERNACIONAL DEL CUSCO"},"content":{"rendered":"<p style=\"text-align: justify;\"><span style=\"color: #333399;\"><em><strong>LIMA\/PERU\/24\/01\/2026.-La Corporaci\u00f3n Peruana de Aeropuertos y Aviaci\u00f3n Comercial (CORPAC), entidad adscrita al Ministerio de Transportes y Comunicaciones (MTC), anunci\u00f3 la rehabilitaci\u00f3n del terminal de pasajeros del Aeropuerto Internacional Alejandro Velasco Astete del Cusco, con el objetivo de fortalecer la seguridad, continuidad operativa y calidad del servicio para los cerca de 5 millones de pasajeros que se movilizan anualmente por este terminal a\u00e9reo.<\/strong><\/em><\/span><\/p>\n<p style=\"text-align: justify;\"><span style=\"color: #333399;\"><em><strong>La medida responde a una evaluaci\u00f3n t\u00e9cnica y operativa que evidencia la necesidad de mejorar la infraestructura del segundo aeropuerto m\u00e1s importante del pa\u00eds en volumen de pasajeros, mientras se concreta la entrada en operaci\u00f3n del nuevo aeropuerto de Chinchero.<\/strong><\/em><\/span><\/p>\n<p style=\"text-align: justify;\"><span style=\"color: #333399;\"><em><strong>Durante una reuni\u00f3n de trabajo liderada por el Presidente del Directorio de CORPAC, Freddy Solano Gonz\u00e1lez, con la participaci\u00f3n de autoridades regionales, municipales y representantes de los gremios empresariales y tur\u00edsticos del Cusco, se inform\u00f3 que el monto de inversi\u00f3n ser\u00e1 definido una vez culminados los estudios de ingenier\u00eda y la estructuraci\u00f3n del financiamiento correspondiente. (\u2026)<\/strong><\/em><\/span><\/p>\n<p style=\"text-align: justify;\"><span style=\"color: #333399;\"><em><strong>En cuanto a la pista de aterrizaje, las labores previstas incluyen el sellado de grietas, reparaci\u00f3n de baches, sellado asf\u00e1ltico y el pintado de se\u00f1alizaci\u00f3n horizontal y vertical, acciones fundamentales para mantener los m\u00e1s altos est\u00e1ndares de seguridad aeron\u00e1utica.<\/strong><\/em><\/span><\/p>\n<p style=\"text-align: justify;\"><span style=\"color: #333399;\"><em><strong>Por su parte, el Gobernador Regional del Cusco, Warner Salcedo, expres\u00f3 su respaldo al proceso de rehabilitaci\u00f3n del terminal a\u00e9reo y, de manera coincidente con el presidente del Directorio de CORPAC, resalt\u00f3 la necesidad de que las entidades del Estado trabajen de manera conjunta por mejorar las oportunidades y la calidad de vida de los ciudadanos.<\/strong><\/em><\/span><\/p>\n<p style=\"text-align: justify;\"><span style=\"color: #333399;\"><em><strong>De otro lado, CORPAC precis\u00f3 que los trabajos se ejecutar\u00e1n por etapas y sin interrumpir las operaciones a\u00e9reas. Para ello, se habilitar\u00e1n progresivamente las \u00e1reas intervenidas y, durante la rehabilitaci\u00f3n de la torre de control, se contar\u00e1 con una torre de control m\u00f3vil que ser\u00e1 trasladada desde el Aeropuerto de Moquegua, garantizando la continuidad del servicio.(\u2026)<\/strong><\/em><\/span><\/p>\n<p style=\"text-align: justify;\"><span style=\"color: #333399;\"><em><strong>El MTC y CORPAC reiteraron que estas intervenciones son indispensables para asegurar que el Aeropuerto Internacional Alejandro Velasco Astete contin\u00fae operando de manera segura y eficiente durante el periodo de transici\u00f3n hasta la puesta en marcha del aeropuerto de Chinchero, prevista para fines del 2027 o inicios del 2028.<\/strong><\/em><\/span><\/p>\n<p>F\/ CORPAC<\/p>\n<p>&nbsp;<\/p>\n","protected":false},"excerpt":{"rendered":"<p>LIMA\/PERU\/24\/01\/2026.-La Corporaci\u00f3n Peruana de Aeropuertos y Aviaci\u00f3n Comercial (CORPAC), entidad adscrita al Ministerio de Transportes y Comunicaciones (MTC), anunci\u00f3 la rehabilitaci\u00f3n del terminal de pasajeros del Aeropuerto Internacional Alejandro Velasco Astete del Cusco, con el objetivo de fortalecer la seguridad, continuidad operativa y calidad del servicio para los cerca de 5 millones de pasajeros que se movilizan anualmente por este terminal a\u00e9reo. La medida responde a una evaluaci\u00f3n t\u00e9cnica y operativa que evidencia la necesidad de mejorar la infraestructura del segundo aeropuerto m\u00e1s importante del pa\u00eds en volumen de pasajeros, mientras se concreta la entrada en operaci\u00f3n del nuevo aeropuerto&#8230;<\/p>\n","protected":false},"author":1,"featured_media":69018,"comment_status":"open","ping_status":"open","sticky":false,"template":"","format":"standard","meta":{"footnotes":""},"categories":[4,82],"tags":[11846,10219,4026,134,7471],"class_list":["post-69017","post","type-post","status-publish","format-standard","has-post-thumbnail","hentry","category-breaking-news","category-nacionales","tag-elenatejeradirectora","tag-semanarioturistamagazine","tag-corpac","tag-cusco","tag-elenita-villar-asesora-de-tesis-en-turismo"],"_links":{"self":[{"href":"https:\/\/www.turistamagazine.com\/v2\/index.php?rest_route=\/wp\/v2\/posts\/69017","targetHints":{"allow":["GET"]}}],"collection":[{"href":"https:\/\/www.turistamagazine.com\/v2\/index.php?rest_route=\/wp\/v2\/posts"}],"about":[{"href":"https:\/\/www.turistamagazine.com\/v2\/index.php?rest_route=\/wp\/v2\/types\/post"}],"author":[{"embeddable":true,"href":"https:\/\/www.turistamagazine.com\/v2\/index.php?rest_route=\/wp\/v2\/users\/1"}],"replies":[{"embeddable":true,"href":"https:\/\/www.turistamagazine.com\/v2\/index.php?rest_route=%2Fwp%2Fv2%2Fcomments&post=69017"}],"version-history":[{"count":1,"href":"https:\/\/www.turistamagazine.com\/v2\/index.php?rest_route=\/wp\/v2\/posts\/69017\/revisions"}],"predecessor-version":[{"id":69019,"href":"https:\/\/www.turistamagazine.com\/v2\/index.php?rest_route=\/wp\/v2\/posts\/69017\/revisions\/69019"}],"wp:featuredmedia":[{"embeddable":true,"href":"https:\/\/www.turistamagazine.com\/v2\/index.php?rest_route=\/wp\/v2\/media\/69018"}],"wp:attachment":[{"href":"https:\/\/www.turistamagazine.com\/v2\/index.php?rest_route=%2Fwp%2Fv2%2Fmedia&parent=69017"}],"wp:term":[{"taxonomy":"category","embeddable":true,"href":"https:\/\/www.turistamagazine.com\/v2\/index.php?rest_route=%2Fwp%2Fv2%2Fcategories&post=69017"},{"taxonomy":"post_tag","embeddable":true,"href":"https:\/\/www.turistamagazine.com\/v2\/index.php?rest_route=%2Fwp%2Fv2%2Ftags&post=69017"}],"curies":[{"name":"wp","href":"https:\/\/api.w.org\/{rel}","templated":true}]}}