{"id":69013,"date":"2026-01-24T17:06:11","date_gmt":"2026-01-24T22:06:11","guid":{"rendered":"https:\/\/www.turistamagazine.com\/v2\/?p=69013"},"modified":"2026-01-24T17:10:07","modified_gmt":"2026-01-24T22:10:07","slug":"el-wttc-firma-un-acuerdo-con-espana-para-trasladar-su-sede-mundial-a-madrid","status":"publish","type":"post","link":"https:\/\/www.turistamagazine.com\/v2\/?p=69013","title":{"rendered":"MADRID SER\u00c1 LA NUEVA SEDE MUNDIAL DEL WTTC"},"content":{"rendered":"<p style=\"text-align: justify;\"><span style=\"color: #333399;\"><em><strong>MADRID\/24\/01\/2026.-Gloria Guevara, reelegida Presidenta y Directora Ejecutiva del WTTC, firm\u00f3 el memorando de entendimiento para iniciar el traslado oficial del WTTC de Londres a Madrid, convirtiendo a Madrid en una potencia tur\u00edstica mundial, con la OMT y el WTTC como sede.<\/strong><\/em><\/span><\/p>\n<p style=\"text-align: justify;\"><span style=\"color: #333399;\"><em><strong>En la principal feria de turismo del mundo, el Consejo Mundial de Viajes y Turismo (WTTC) firm\u00f3 formalmente un Memorando de Entendimiento con el Ministerio de Industria y Turismo de Espa\u00f1a y el Ayuntamiento de Madrid, confirmando el traslado de la sede mundial del WTTC a Madrid. El acuerdo marca un hito hist\u00f3rico para la gobernanza tur\u00edstica mundial y posiciona a la capital espa\u00f1ola como el nuevo centro mundial de liderazgo estrat\u00e9gico en viajes y turismo.<\/strong><\/em><\/span><\/p>\n<p style=\"text-align: justify;\"><span style=\"color: #333399;\"><em><strong>El memorando fue firmado por Gloria Guevara Manzo , presidenta y directora general del WTTC; Jordi Hereu Boher , ministro de Industria y Turismo de Espa\u00f1a; y Jos\u00e9 Luis Mart\u00ednez-Almeida , alcalde de Madrid. La firma tuvo lugar durante FITUR , lo que refuerza el peso simb\u00f3lico del anuncio ante la comunidad tur\u00edstica mundial.<\/strong><\/em><\/span><\/p>\n<p style=\"text-align: justify;\"><span style=\"color: #333399;\"><em><strong>El acuerdo ratifica oficialmente a Madrid como la nueva sede de la Oficina Global del WTTC, tras un competitivo proceso de selecci\u00f3n internacional. La decisi\u00f3n fue aprobada por unanimidad por la Junta Directiva del WTTC, compuesta por 17 l\u00edderes mundiales de la industria, tras una rigurosa evaluaci\u00f3n de las propuestas de varios pa\u00edses. Entre los factores clave se incluyen la disponibilidad de las instalaciones de la sede, un entorno fiscal y regulatorio favorable, incentivos gubernamentales y la agilizaci\u00f3n de los tr\u00e1mites de visados \u200b\u200by permisos de trabajo.<\/strong><\/em><\/span><\/p>\n<p style=\"text-align: justify;\"><span style=\"color: #333399;\"><em><strong>Al establecer su sede mundial en Madrid, el WTTC busca generar valor tangible e intangible para sus casi 200 empresas miembro, que representan las mayores empresas privadas en la cadena de valor de los viajes y el turismo. Tambi\u00e9n se espera que esta medida acelere el crecimiento del sector, fortalezca la colaboraci\u00f3n p\u00fablico-privada y profundice la coordinaci\u00f3n con instituciones internacionales como ONU Turismo .<\/strong><\/em><\/span><\/p>\n<p style=\"text-align: justify;\"><span style=\"color: #333399;\"><em><strong>Tras la firma, Guevara agradeci\u00f3 el firme apoyo de Espa\u00f1a a todos los niveles de gobierno. \u00abEstamos encantados de trasladar oficialmente la Oficina Global del WTTC a Madrid\u00bb, declar\u00f3. \u00abEsta es una ciudad de clase mundial con una competitividad excepcional. Desde aqu\u00ed, Espa\u00f1a se convertir\u00e1 en la capital mundial de la gobernanza tur\u00edstica, donde se definir\u00e1n la agenda mundial y las futuras acciones del sector privado de viajes y turismo. Esta decisi\u00f3n representa una oportunidad \u00fanica que beneficiar\u00e1 a millones de personas en todo el mundo\u00bb.<\/strong><\/em><\/span><\/p>\n<p style=\"text-align: justify;\"><span style=\"color: #333399;\"><em><strong>El ministro de Industria y Turismo de Espa\u00f1a, Jordi Hereu Boher, celebr\u00f3 el acuerdo, fruto de meses de estrecha colaboraci\u00f3n entre el Gobierno espa\u00f1ol y el WTTC. Se\u00f1al\u00f3 que la reubicaci\u00f3n \u00abrefuerza el liderazgo de Espa\u00f1a como potencia tur\u00edstica mundial y confirma el compromiso de nuestro pa\u00eds con el futuro del sector\u00bb.<\/strong><\/em><\/span><\/p>\n<p style=\"text-align: justify;\"><span style=\"color: #333399;\"><em><strong>El alcalde de Madrid, Jos\u00e9 Luis Mart\u00ednez-Almeida, destac\u00f3 la trascendencia internacional de la decisi\u00f3n. \u00abEsta elecci\u00f3n convierte a Madrid en la capital mundial del turismo y demuestra la confianza que las instituciones internacionales depositan en nuestra ciudad\u00bb, afirm\u00f3. \u00abMadrid es una ciudad competitiva y fiable, plenamente capaz de acoger a las organizaciones que definen el rumbo del turismo global\u00bb.<\/strong><\/em><\/span><\/p>\n<p style=\"text-align: justify;\"><span style=\"color: #333399;\"><em><strong>Manfredi Lefebvre , presidente de la Junta Directiva del WTTC, enfatiz\u00f3 la importancia estrat\u00e9gica de la medida, afirmando que \u201cla decisi\u00f3n un\u00e1nime de establecer nuestra Oficina Global en Madrid refleja una visi\u00f3n clara para la nueva era del WTTC, respaldada por un apoyo fuerte y consistente del Gobierno espa\u00f1ol\u201d.<\/strong><\/em><\/span><\/p>\n<p style=\"text-align: justify;\"><span style=\"color: #333399;\"><em><strong>El WTTC es la principal organizaci\u00f3n mundial que representa al sector privado de viajes y turismo, y re\u00fane a casi 200 altos ejecutivos de aerol\u00edneas, hoteler\u00eda, l\u00edneas de cruceros, destinos y tecnolog\u00eda. Desde Madrid, estos l\u00edderes definir\u00e1n la agenda global del sector privado en materia de viajes y turismo.<\/strong><\/em><\/span><\/p>\n<p style=\"text-align: justify;\"><span style=\"color: #333399;\"><em><strong>Seg\u00fan estimaciones del WTTC, 2025 fue un a\u00f1o r\u00e9cord para el sector, aportando 11,7 billones de d\u00f3lares estadounidenses (equivalente al 10,3 % del PIB mundial ) y generando 371 millones de empleos en todo el mundo , o uno de cada tres empleos a nivel mundial . Con su nueva sede en Madrid, el WTTC inicia una nueva etapa destinada a guiar al sector mediante el crecimiento sostenible, la resiliencia y la colaboraci\u00f3n global.<\/strong><\/em><\/span><\/p>\n<p>F\/eTN<\/p>\n<p style=\"text-align: justify;\">\n","protected":false},"excerpt":{"rendered":"<p>MADRID\/24\/01\/2026.-Gloria Guevara, reelegida Presidenta y Directora Ejecutiva del WTTC, firm\u00f3 el memorando de entendimiento para iniciar el traslado oficial del WTTC de Londres a Madrid, convirtiendo a Madrid en una potencia tur\u00edstica mundial, con la OMT y el WTTC como sede. En la principal feria de turismo del mundo, el Consejo Mundial de Viajes y Turismo (WTTC) firm\u00f3 formalmente un Memorando de Entendimiento con el Ministerio de Industria y Turismo de Espa\u00f1a y el Ayuntamiento de Madrid, confirmando el traslado de la sede mundial del WTTC a Madrid. El acuerdo marca un hito hist\u00f3rico para la gobernanza tur\u00edstica mundial y&#8230;<\/p>\n","protected":false},"author":1,"featured_media":69014,"comment_status":"open","ping_status":"open","sticky":false,"template":"","format":"standard","meta":{"footnotes":""},"categories":[87],"tags":[11846,10219,7004,10064],"class_list":["post-69013","post","type-post","status-publish","format-standard","has-post-thumbnail","hentry","category-actualidad","tag-elenatejeradirectora","tag-semanarioturistamagazine","tag-gloria-guevara","tag-presidenta-y-ceo-del-wttc"],"_links":{"self":[{"href":"https:\/\/www.turistamagazine.com\/v2\/index.php?rest_route=\/wp\/v2\/posts\/69013","targetHints":{"allow":["GET"]}}],"collection":[{"href":"https:\/\/www.turistamagazine.com\/v2\/index.php?rest_route=\/wp\/v2\/posts"}],"about":[{"href":"https:\/\/www.turistamagazine.com\/v2\/index.php?rest_route=\/wp\/v2\/types\/post"}],"author":[{"embeddable":true,"href":"https:\/\/www.turistamagazine.com\/v2\/index.php?rest_route=\/wp\/v2\/users\/1"}],"replies":[{"embeddable":true,"href":"https:\/\/www.turistamagazine.com\/v2\/index.php?rest_route=%2Fwp%2Fv2%2Fcomments&post=69013"}],"version-history":[{"count":2,"href":"https:\/\/www.turistamagazine.com\/v2\/index.php?rest_route=\/wp\/v2\/posts\/69013\/revisions"}],"predecessor-version":[{"id":69016,"href":"https:\/\/www.turistamagazine.com\/v2\/index.php?rest_route=\/wp\/v2\/posts\/69013\/revisions\/69016"}],"wp:featuredmedia":[{"embeddable":true,"href":"https:\/\/www.turistamagazine.com\/v2\/index.php?rest_route=\/wp\/v2\/media\/69014"}],"wp:attachment":[{"href":"https:\/\/www.turistamagazine.com\/v2\/index.php?rest_route=%2Fwp%2Fv2%2Fmedia&parent=69013"}],"wp:term":[{"taxonomy":"category","embeddable":true,"href":"https:\/\/www.turistamagazine.com\/v2\/index.php?rest_route=%2Fwp%2Fv2%2Fcategories&post=69013"},{"taxonomy":"post_tag","embeddable":true,"href":"https:\/\/www.turistamagazine.com\/v2\/index.php?rest_route=%2Fwp%2Fv2%2Ftags&post=69013"}],"curies":[{"name":"wp","href":"https:\/\/api.w.org\/{rel}","templated":true}]}}