{"id":68982,"date":"2026-01-22T19:55:06","date_gmt":"2026-01-23T00:55:06","guid":{"rendered":"https:\/\/www.turistamagazine.com\/v2\/?p=68982"},"modified":"2026-01-22T19:55:32","modified_gmt":"2026-01-23T00:55:32","slug":"paso-al-optimismo","status":"publish","type":"post","link":"https:\/\/www.turistamagazine.com\/v2\/?p=68982","title":{"rendered":"PASO AL OPTIMISMO"},"content":{"rendered":"<p><span style=\"color: #333399;\"><em><strong>Por Antero Flores-Araoz<\/strong><\/em><\/span>*<\/p>\n<p style=\"text-align: justify;\"><span style=\"color: #333399;\"><em><strong>LIMA\/22\/01\/2026.-En los \u00faltimos meses, hemos sido testigos los peruanos de sentimientos y comportamientos contradictorios. <\/strong><\/em><\/span><span style=\"color: #333399;\"><em><strong>En efecto, muchas personas pasaban f\u00e1cilmente de la depresi\u00f3n a la euforia y viceversa, la raz\u00f3n: los avatares pol\u00edticos, as\u00ed como tambi\u00e9n el sentimiento de inseguridad y el crecimiento de la delincuencia, principalmente por las extorsiones y el sicariato.<\/strong><\/em><\/span><\/p>\n<p style=\"text-align: justify;\"><span style=\"color: #333399;\"><em><strong>Como podemos advertir el pesimismo no era gratuito, ten\u00eda motivaciones reales, lo que se acentuaba con la creencia de que la situaci\u00f3n podr\u00eda complicarse mucho m\u00e1s con el proceso electoral y la inquietud respecto al comportamiento del electorado y la falta de predictibilidad.<\/strong><\/em><\/span><\/p>\n<p style=\"text-align: justify;\"><span style=\"color: #333399;\"><em><strong>Con la expulsi\u00f3n (llamada vacancia por incapacidad moral permanente en la Constituci\u00f3n que nos rige) de la entonces presidenta de la Rep\u00fablica do\u00f1a Dina Boluarte, del cargo que ejerc\u00eda y, la asunci\u00f3n de don Jos\u00e9 Jer\u00ed Or\u00e9 como primer mandatario de la Naci\u00f3n, por leg\u00edtima sucesi\u00f3n constitucional, la situaci\u00f3n comenz\u00f3 a revertir positivamente.<\/strong><\/em><\/span><\/p>\n<p style=\"text-align: justify;\"><span style=\"color: #333399;\"><em><strong>Del pesimismo se pas\u00f3 al optimismo al ver un nuevo presidente de la Rep\u00fablica joven con buen discurso, que no se corr\u00eda de la prensa, que afrontaba los retos,\u00a0 que estaba en permanente actividad y que adem\u00e1s hab\u00eda escogido como Presidente del Consejo de Ministros a Ernesto Alvarez Miranda, un jurista de polendas, que hab\u00eda presidido el Tribunal Constitucional y que es respetado por todos.<\/strong><\/em><\/span><\/p>\n<p style=\"text-align: justify;\"><span style=\"color: #333399;\"><em><strong>Sin embargo, por haber concurrido el Presidente Jer\u00ed a un chifa, pr\u00e1cticamente de inc\u00f3gnito y con una capucha que escond\u00eda incluso el rostro, para reunirse con personas que luego se conoci\u00f3 que no eran comensales de buena reputaci\u00f3n.\u00a0 El presidente dio las disculpas del caso a todo el pa\u00eds, y sin huir de las responsabilidades ha solicitado asistir tanto al Ministerio P\u00fablico como al Congreso a dar su versi\u00f3n sobre el evento y otras reuniones que han originado sospechas.<\/strong><\/em><\/span><\/p>\n<p style=\"text-align: justify;\"><span style=\"color: #333399;\"><em><strong>Lo expuesto en el anterior p\u00e1rrafo no deber\u00eda a frustrar el optimismo, antes bien deber\u00eda volver a los compatriotas y las motivaciones son muchas. Entre otras que ya estamos en el proceso electoral, con candidaturas que se han ido inscribiendo ante las autoridades electorales. La campa\u00f1a ya empez\u00f3 y pese a existir cerca de 40 agrupaciones pol\u00edticas en la contienda, se saber por c\u00e1lculos aproximados que solo pasar\u00edan la valla electoral no m\u00e1s de 6 o 7 agrupaciones pol\u00edticas, con lo cual ser\u00eda m\u00e1s llevadera la actividad parlamentaria.<\/strong><\/em><\/span><\/p>\n<p style=\"text-align: justify;\"><span style=\"color: #333399;\"><em><strong>El cambio de gobierno tambi\u00e9n genera la expectativa que vaya a ser mejor de lo que hemos tenido en los \u00faltimos a\u00f1os, que nos han ense\u00f1ado tambi\u00e9n a que debemos ser los ciudadanos mejores electores, pues nuestros gobernantes y parlamentarios no cayeron del cielo como el man\u00e1 b\u00edblico, sino que fueron elegidos por la ciudadan\u00eda con sus votos.<\/strong><\/em><\/span><\/p>\n<p style=\"text-align: justify;\"><span style=\"color: #333399;\"><em><strong>Adicionalmente es prioridad de la gran mayor\u00eda de agrupaciones pol\u00edticas de corte democr\u00e1tico, luchar por recuperar la tranquilidad p\u00fablica y enfrentar a la violencia delictiva y antisocial.<\/strong><\/em><\/span><\/p>\n<p style=\"text-align: justify;\"><span style=\"color: #333399;\"><em><strong>Por otro lado, la pre campa\u00f1a electoral, no ha influido negativamente en los aspectos econ\u00f3micos y que ha corrido en cuerdas separadas respecto a la situaci\u00f3n pol\u00edtica y, todos deberemos hacer esfuerzos porque ello contin\u00fae hasta el cambio de gobierno y del Congreso.<\/strong><\/em><\/span><\/p>\n<p style=\"text-align: justify;\"><span style=\"color: #333399;\"><em><strong>Hay tambi\u00e9n que observar que el subempleo y desempleo se han reducido, si bien no a los niveles deseados, pero ya hay una tendencia.<\/strong><\/em><\/span><\/p>\n<p style=\"text-align: justify;\"><span style=\"color: #333399;\"><em><strong>Hay tambi\u00e9n la esperanza de que los Decretos Legislativos que expida el gobierno por la delegaci\u00f3n de facultades legislativas, conduzcan a recuperar la tranquilidad p\u00fablica y a generar clima adecuado para las inversiones, m\u00e1s cuando nuestros productos de exportaci\u00f3n siguen en considerable alza como son oro, plata, cobre y los productos agr\u00edcolas de gran aceptaci\u00f3n en el mundo entero.<\/strong><\/em><\/span><\/p>\n<p>*<strong><em>Eminente Jurisconsulto\u00a0 y pol\u00edtico peruano, escritor, analista pol\u00edtico. Ex Congresista, Ex constituyente.<\/em><\/strong><\/p>\n","protected":false},"excerpt":{"rendered":"<p>Por Antero Flores-Araoz* LIMA\/22\/01\/2026.-En los \u00faltimos meses, hemos sido testigos los peruanos de sentimientos y comportamientos contradictorios. En efecto, muchas personas pasaban f\u00e1cilmente de la depresi\u00f3n a la euforia y viceversa, la raz\u00f3n: los avatares pol\u00edticos, as\u00ed como tambi\u00e9n el sentimiento de inseguridad y el crecimiento de la delincuencia, principalmente por las extorsiones y el sicariato. Como podemos advertir el pesimismo no era gratuito, ten\u00eda motivaciones reales, lo que se acentuaba con la creencia de que la situaci\u00f3n podr\u00eda complicarse mucho m\u00e1s con el proceso electoral y la inquietud respecto al comportamiento del electorado y la falta de predictibilidad. Con&#8230;<\/p>\n","protected":false},"author":1,"featured_media":68984,"comment_status":"open","ping_status":"open","sticky":false,"template":"","format":"standard","meta":{"footnotes":""},"categories":[4,82,90],"tags":[11846,10219,1956,7471],"class_list":["post-68982","post","type-post","status-publish","format-standard","has-post-thumbnail","hentry","category-breaking-news","category-nacionales","category-pensando-en-voz-alta","tag-elenatejeradirectora","tag-semanarioturistamagazine","tag-antero-flores-araoz","tag-elenita-villar-asesora-de-tesis-en-turismo"],"_links":{"self":[{"href":"https:\/\/www.turistamagazine.com\/v2\/index.php?rest_route=\/wp\/v2\/posts\/68982","targetHints":{"allow":["GET"]}}],"collection":[{"href":"https:\/\/www.turistamagazine.com\/v2\/index.php?rest_route=\/wp\/v2\/posts"}],"about":[{"href":"https:\/\/www.turistamagazine.com\/v2\/index.php?rest_route=\/wp\/v2\/types\/post"}],"author":[{"embeddable":true,"href":"https:\/\/www.turistamagazine.com\/v2\/index.php?rest_route=\/wp\/v2\/users\/1"}],"replies":[{"embeddable":true,"href":"https:\/\/www.turistamagazine.com\/v2\/index.php?rest_route=%2Fwp%2Fv2%2Fcomments&post=68982"}],"version-history":[{"count":1,"href":"https:\/\/www.turistamagazine.com\/v2\/index.php?rest_route=\/wp\/v2\/posts\/68982\/revisions"}],"predecessor-version":[{"id":68985,"href":"https:\/\/www.turistamagazine.com\/v2\/index.php?rest_route=\/wp\/v2\/posts\/68982\/revisions\/68985"}],"wp:featuredmedia":[{"embeddable":true,"href":"https:\/\/www.turistamagazine.com\/v2\/index.php?rest_route=\/wp\/v2\/media\/68984"}],"wp:attachment":[{"href":"https:\/\/www.turistamagazine.com\/v2\/index.php?rest_route=%2Fwp%2Fv2%2Fmedia&parent=68982"}],"wp:term":[{"taxonomy":"category","embeddable":true,"href":"https:\/\/www.turistamagazine.com\/v2\/index.php?rest_route=%2Fwp%2Fv2%2Fcategories&post=68982"},{"taxonomy":"post_tag","embeddable":true,"href":"https:\/\/www.turistamagazine.com\/v2\/index.php?rest_route=%2Fwp%2Fv2%2Ftags&post=68982"}],"curies":[{"name":"wp","href":"https:\/\/api.w.org\/{rel}","templated":true}]}}