{"id":68483,"date":"2025-11-20T18:27:49","date_gmt":"2025-11-20T23:27:49","guid":{"rendered":"https:\/\/www.turistamagazine.com\/v2\/?p=68483"},"modified":"2025-11-20T18:27:49","modified_gmt":"2025-11-20T23:27:49","slug":"danza-de-las-tijeras-por-que-es-considerado-uno-de-los-bailes-mas-iconicos-del-peru","status":"publish","type":"post","link":"https:\/\/www.turistamagazine.com\/v2\/?p=68483","title":{"rendered":"DANZA DE LAS TIJERAS: \u00bfPOR QU\u00c9 ES CONSIDERADO UNO DE LOS BAILES M\u00c1S IC\u00d3NICOS DEL PER\u00da?"},"content":{"rendered":"<p style=\"text-align: justify;\"><span style=\"color: #333399;\"><em><strong>Por Luis Zuta D\u00e1vila*<\/strong><\/em><\/span><\/p>\n<p style=\"text-align: justify;\"><span style=\"color: #333399;\"><em><strong>PERU\/20\/11\/2025.-Este 16 de noviembre se celebr\u00f3 el D\u00eda de la Danza de las Tijeras, una de las m\u00e1s genuinas y singulares expresiones art\u00edsticas del vasto y pr\u00f3digo acervo cultural y folcl\u00f3rico del Per\u00fa.<\/strong><\/em><\/span><\/p>\n<p><span style=\"color: #333399;\"><em><strong>Origen de la Danza de las Tijeras: La Danza de las Tijeras es un baile ritual cuyo origen se remonta a la civilizaci\u00f3n chanka, que rivaliz\u00f3 con los incas en el siglo XV y se extendi\u00f3 por la cordillera andina central del Per\u00fa, en las actuales regiones Huancavelica, Ayacucho y Apur\u00edmac.<\/strong><\/em><\/span><\/p>\n<p style=\"text-align: justify;\"><span style=\"color: #333399;\"><em><strong>\u00bfPor qu\u00e9 es considerado uno de los bailes m\u00e1s emblem\u00e1ticos de nuestro pa\u00eds?<\/strong><\/em><\/span><\/p>\n<p>&nbsp;<\/p>\n<div id=\"attachment_68486\" style=\"width: 560px\" class=\"wp-caption aligncenter\"><a href=\"https:\/\/www.turistamagazine.com\/v2\/wp-content\/uploads\/2025\/11\/Tijera-3.jpg\"><img decoding=\"async\" aria-describedby=\"caption-attachment-68486\" class=\"wp-image-68486\" src=\"https:\/\/www.turistamagazine.com\/v2\/wp-content\/uploads\/2025\/11\/Tijera-3.jpg\" alt=\"\" width=\"550\" height=\"368\" srcset=\"https:\/\/www.turistamagazine.com\/v2\/wp-content\/uploads\/2025\/11\/Tijera-3.jpg 375w, https:\/\/www.turistamagazine.com\/v2\/wp-content\/uploads\/2025\/11\/Tijera-3-300x201.jpg 300w\" sizes=\"(max-width: 550px) 100vw, 550px\" \/><\/a><p id=\"caption-attachment-68486\" class=\"wp-caption-text\"><span style=\"color: #333399;\"><em><strong>Esta danza forma parte de la identidad de estas regiones. Los int\u00e9rpretes de esta ancestral danza sostienen que descienden de los \u00abtusuq laykas\u00bb que eran sacerdotes, adivinos y curanderos prehisp\u00e1nicos.<\/strong><\/em><\/span><\/p><\/div>\n<p><span style=\"color: #333399;\"><em><strong>Durante la \u00e9poca colonial fueron conocidos como \u00absupaypa wawan\u00bb o hijos del demonio, por lo que fueron perseguidos por la iglesia cat\u00f3lica y las autoridades espa\u00f1olas de entonces. Ello los oblig\u00f3 a refugiarse en las zonas altoandinas.<\/strong><\/em><\/span><\/p>\n<p><span style=\"color: #333399;\"><em><strong>Con el paso del tiempo, los colonizadores aceptaron que volvieran a danzar, pero condicion\u00e1ndolos a rendir tributo a Jes\u00fas y a los santos. As\u00ed se iniciar\u00eda la tradici\u00f3n de ejecutar esta danza en las fiestas patronales.<\/strong><\/em><\/span><\/p>\n<p style=\"text-align: justify;\"><em style=\"color: #333399;\"><strong>\u00bfC\u00f3mo se baila y qui\u00e9nes lo pueden interpretar?<\/strong><\/em><\/p>\n<div id=\"attachment_68487\" style=\"width: 560px\" class=\"wp-caption aligncenter\"><a href=\"https:\/\/www.turistamagazine.com\/v2\/wp-content\/uploads\/2025\/11\/Tijera4.jpg\"><img decoding=\"async\" aria-describedby=\"caption-attachment-68487\" class=\"wp-image-68487\" src=\"https:\/\/www.turistamagazine.com\/v2\/wp-content\/uploads\/2025\/11\/Tijera4.jpg\" alt=\"\" width=\"550\" height=\"367\" srcset=\"https:\/\/www.turistamagazine.com\/v2\/wp-content\/uploads\/2025\/11\/Tijera4.jpg 375w, https:\/\/www.turistamagazine.com\/v2\/wp-content\/uploads\/2025\/11\/Tijera4-300x200.jpg 300w\" sizes=\"(max-width: 550px) 100vw, 550px\" \/><\/a><p id=\"caption-attachment-68487\" class=\"wp-caption-text\"><span style=\"color: #333399;\"><em><strong>La Danza de las Tijeras se expresa como una competencia y su ejecuci\u00f3n coincide con fases importantes del calendario agr\u00edcola. Debe su nombre a las dos hojas de metal pulimentado, parecidas a las de una tijera, que los bailarines blanden en su mano derecha.<\/strong><\/em><\/span><\/p><\/div>\n<p style=\"text-align: justify;\"><span style=\"color: #333399;\"><em><strong>Se ejecuta en cuadrillas y cada una de ellas \u2013formada por un bailar\u00edn, un arpista y un violinista\u2013 representa a una comunidad o un pueblo determinado. Para interpretar la danza se ponen frente a frente las cuadrillas de bailarines, quienes al ritmo de las melod\u00edas interpretadas por los m\u00fasicos que les acompa\u00f1an, tienen que entrechocar las hojas de metal y librar un duelo coreogr\u00e1fico de pasos de danza, acrobacias y movimientos cada vez m\u00e1s dif\u00edciles.<\/strong><\/em><\/span><\/p>\n<p style=\"text-align: justify;\"><span style=\"color: #333399;\"><em><strong>Ese duelo entre bailarines, llamado \u201catipanakuy\u201d en quechua, puede durar varias horas, y los criterios para determinar qui\u00e9n es el vencedor son la destreza f\u00edsica y las coreograf\u00edas de los ejecutantes y la calidad interpretativa de los m\u00fasicos que acompa\u00f1an la danza.<\/strong><\/em><\/span><\/p>\n<div id=\"attachment_68488\" style=\"width: 560px\" class=\"wp-caption aligncenter\"><a href=\"https:\/\/www.turistamagazine.com\/v2\/wp-content\/uploads\/2025\/11\/Tijera5.jpg\"><img decoding=\"async\" aria-describedby=\"caption-attachment-68488\" class=\"wp-image-68488\" src=\"https:\/\/www.turistamagazine.com\/v2\/wp-content\/uploads\/2025\/11\/Tijera5.jpg\" alt=\"\" width=\"550\" height=\"343\" srcset=\"https:\/\/www.turistamagazine.com\/v2\/wp-content\/uploads\/2025\/11\/Tijera5.jpg 375w, https:\/\/www.turistamagazine.com\/v2\/wp-content\/uploads\/2025\/11\/Tijera5-300x187.jpg 300w, https:\/\/www.turistamagazine.com\/v2\/wp-content\/uploads\/2025\/11\/Tijera5-158x100.jpg 158w\" sizes=\"(max-width: 550px) 100vw, 550px\" \/><\/a><p id=\"caption-attachment-68488\" class=\"wp-caption-text\"><span style=\"color: #333399;\"><em><strong>Los bailarines, que llevan atuendos bordados con franjas doradas, lentejuelas y espejitos, tienen prohibido ingresar a las iglesias con esta indumentaria porque sus capacidades, seg\u00fan la tradici\u00f3n, son \u00abfruto de un pacto con el demonio\u00bb. Esto no ha impedido que la Danza de las tijeras se haya convertido en un componente apreciado de las festividades cat\u00f3licas.<\/strong><\/em><\/span><\/p><\/div>\n<p style=\"text-align: justify;\"><span style=\"color: #333399;\"><em><strong>Los conocimientos f\u00edsicos y espirituales impl\u00edcitos en la danza se transmiten oralmente de maestros a alumnos, y cada cuadrilla de bailarines y m\u00fasicos constituye un motivo de orgullo para los pueblos de los que provienen.<\/strong><\/em><\/span><\/p>\n<p style=\"text-align: justify;\"><span style=\"color: #333399;\"><em><strong>Warmi dansaqs<\/strong><\/em><\/span><\/p>\n<div id=\"attachment_68489\" style=\"width: 560px\" class=\"wp-caption aligncenter\"><a href=\"https:\/\/www.turistamagazine.com\/v2\/wp-content\/uploads\/2025\/11\/DANZANTES-MUJERES.jpg\"><img decoding=\"async\" aria-describedby=\"caption-attachment-68489\" class=\"wp-image-68489\" src=\"https:\/\/www.turistamagazine.com\/v2\/wp-content\/uploads\/2025\/11\/DANZANTES-MUJERES.jpg\" alt=\"\" width=\"550\" height=\"367\" srcset=\"https:\/\/www.turistamagazine.com\/v2\/wp-content\/uploads\/2025\/11\/DANZANTES-MUJERES.jpg 630w, https:\/\/www.turistamagazine.com\/v2\/wp-content\/uploads\/2025\/11\/DANZANTES-MUJERES-300x200.jpg 300w, https:\/\/www.turistamagazine.com\/v2\/wp-content\/uploads\/2025\/11\/DANZANTES-MUJERES-610x407.jpg 610w\" sizes=\"(max-width: 550px) 100vw, 550px\" \/><\/a><p id=\"caption-attachment-68489\" class=\"wp-caption-text\"><span style=\"color: #000080;\"><em><strong>Aunque la Danza de las Tijeras ha sido tradicionalmente protagonizada por hombres, desde hace varios a\u00f1os vienen incursionando cada vez m\u00e1s mujeres, que se hacen llamar Warmi dansaqs o warmi galas.<\/strong><\/em><\/span><\/p><\/div>\n<p style=\"text-align: justify;\"><span style=\"color: #333399;\"><em><strong>Estas nuevas exponentes de la Danza de las Tijeras, quienes participan en festividades regionales y las organizadas en Lima, aseveran que pueden realizar las mismas proezas que sus colegas varones.<\/strong><\/em><\/span><\/p>\n<p style=\"text-align: justify;\"><span style=\"color: #800080;\"><em><strong>\u00bfQu\u00e9 reconocimientos ha recibido esta danza?<\/strong><\/em><\/span><\/p>\n<p style=\"text-align: justify;\"><span style=\"color: #333399;\"><em><strong>En marzo de 2005, la Danza de las Tijeras fue declarada Patrimonio Cultural de la Naci\u00f3n y en noviembre de 2010 fue inscrita en la Lista Representativa del Patrimonio Cultural Inmaterial de la Humanidad de la Unesco.<\/strong><\/em><\/span><\/p>\n<p style=\"text-align: justify;\"><span style=\"color: #333399;\"><em><strong>En la resoluci\u00f3n que declara a la Danza de las Tijeras Patrimonio Cultural de la Naci\u00f3n se destaca que posee caracter\u00edsticas muy singulares en cuanto a su coreograf\u00eda, espectacularidad de sus movimientos, la competencia art\u00edstica o desaf\u00edo, la estirpe de maestros danzaq, sus cultivadores y ejecutores, asociados en el pensamiento colectivo con rituales y comportamientos m\u00edsticos que la convierten en una danza \u00fanica en el contexto andino.<\/strong><\/em><\/span><\/p>\n<p>*ANDINA\/Difusi\u00f3n<\/p>\n<p>&nbsp;<\/p>\n<p>&nbsp;<\/p>\n","protected":false},"excerpt":{"rendered":"<p>Por Luis Zuta D\u00e1vila* PERU\/20\/11\/2025.-Este 16 de noviembre se celebr\u00f3 el D\u00eda de la Danza de las Tijeras, una de las m\u00e1s genuinas y singulares expresiones art\u00edsticas del vasto y pr\u00f3digo acervo cultural y folcl\u00f3rico del Per\u00fa. Origen de la Danza de las Tijeras: La Danza de las Tijeras es un baile ritual cuyo origen se remonta a la civilizaci\u00f3n chanka, que rivaliz\u00f3 con los incas en el siglo XV y se extendi\u00f3 por la cordillera andina central del Per\u00fa, en las actuales regiones Huancavelica, Ayacucho y Apur\u00edmac. \u00bfPor qu\u00e9 es considerado uno de los bailes m\u00e1s emblem\u00e1ticos de nuestro&#8230;<\/p>\n","protected":false},"author":1,"featured_media":68484,"comment_status":"open","ping_status":"open","sticky":false,"template":"","format":"standard","meta":{"footnotes":""},"categories":[85],"tags":[11846,10219,3304,340],"class_list":["post-68483","post","type-post","status-publish","format-standard","has-post-thumbnail","hentry","category-colum-invitados","tag-elenatejeradirectora","tag-semanarioturistamagazine","tag-danza-de-las-tijeras","tag-peru"],"_links":{"self":[{"href":"https:\/\/www.turistamagazine.com\/v2\/index.php?rest_route=\/wp\/v2\/posts\/68483","targetHints":{"allow":["GET"]}}],"collection":[{"href":"https:\/\/www.turistamagazine.com\/v2\/index.php?rest_route=\/wp\/v2\/posts"}],"about":[{"href":"https:\/\/www.turistamagazine.com\/v2\/index.php?rest_route=\/wp\/v2\/types\/post"}],"author":[{"embeddable":true,"href":"https:\/\/www.turistamagazine.com\/v2\/index.php?rest_route=\/wp\/v2\/users\/1"}],"replies":[{"embeddable":true,"href":"https:\/\/www.turistamagazine.com\/v2\/index.php?rest_route=%2Fwp%2Fv2%2Fcomments&post=68483"}],"version-history":[{"count":2,"href":"https:\/\/www.turistamagazine.com\/v2\/index.php?rest_route=\/wp\/v2\/posts\/68483\/revisions"}],"predecessor-version":[{"id":68491,"href":"https:\/\/www.turistamagazine.com\/v2\/index.php?rest_route=\/wp\/v2\/posts\/68483\/revisions\/68491"}],"wp:featuredmedia":[{"embeddable":true,"href":"https:\/\/www.turistamagazine.com\/v2\/index.php?rest_route=\/wp\/v2\/media\/68484"}],"wp:attachment":[{"href":"https:\/\/www.turistamagazine.com\/v2\/index.php?rest_route=%2Fwp%2Fv2%2Fmedia&parent=68483"}],"wp:term":[{"taxonomy":"category","embeddable":true,"href":"https:\/\/www.turistamagazine.com\/v2\/index.php?rest_route=%2Fwp%2Fv2%2Fcategories&post=68483"},{"taxonomy":"post_tag","embeddable":true,"href":"https:\/\/www.turistamagazine.com\/v2\/index.php?rest_route=%2Fwp%2Fv2%2Ftags&post=68483"}],"curies":[{"name":"wp","href":"https:\/\/api.w.org\/{rel}","templated":true}]}}