{"id":68388,"date":"2025-11-09T10:46:14","date_gmt":"2025-11-09T15:46:14","guid":{"rendered":"https:\/\/www.turistamagazine.com\/v2\/?p=68388"},"modified":"2025-11-09T10:46:14","modified_gmt":"2025-11-09T15:46:14","slug":"los-reyes-se-despiden-de-espana-y-ponen-rumbo-a-china-gestos-de-carino-y-un-look-invernal-perfecto","status":"publish","type":"post","link":"https:\/\/www.turistamagazine.com\/v2\/?p=68388","title":{"rendered":"LOS REYES SE DESPIDEN DE ESPA\u00d1A Y PONEN RUMBO A CHINA: GESTOS DE CARI\u00d1O Y UN LOOK INVERNAL PERFECTO"},"content":{"rendered":"<p style=\"text-align: center;\"><span style=\"color: #333399;\"><em><strong>El Rey Felipe y la Reina Letizia durante la despedida oficiada en el Pabell\u00f3n de Estado de la Terminal T-4, en el Aeropuerto Adolfo Su\u00e1rez Madrid-Barajas, a 9 de noviembre de 2025, en Madrid (Espa\u00f1a). (Antonio Guti\u00e9rrez \/ Europa Press).<\/strong><\/em><\/span><\/p>\n<p style=\"text-align: center;\"><span style=\"color: #800080;\"><em><strong>La pareja ha iniciado este domingo, 9 de noviembre, la visita de Estado al pa\u00eds asi\u00e1tico<\/strong><\/em><\/span><\/p>\n<p style=\"text-align: justify;\"><span style=\"color: #333399;\"><em><strong>Por. Anabel G\u00f3mez Salvador<\/strong><\/em><\/span><\/p>\n<p style=\"text-align: justify;\"><span style=\"color: #333399;\"><em><strong>ESPA\u00d1A\/09\/11\/2025.-El domingo 9 de noviembre, bajo un cielo despejado y una temperatura invernal, los reyes han emprendido uno de los desplazamientos internacionales m\u00e1s relevantes de su agenda para 2025. Desde el Pabell\u00f3n de Estado de la Terminal 4 del aeropuerto Adolfo Su\u00e1rez Madrid-Barajas, Felipe VI y la reina Letizia han sido despedidos con honores antes de abordar el avi\u00f3n que los conducir\u00e1 a China. Este viaje, que se prolongar\u00e1 del 11 al 14 de noviembre, tiene como objetivo reforzar los lazos pol\u00edticos, econ\u00f3micos y culturales con la Rep\u00fablica Popular, en el marco del 20\u00ba aniversario de la Asociaci\u00f3n Estrat\u00e9gica Integral entre ambos pa\u00edses.<\/strong><\/em><\/span><\/p>\n<p style=\"text-align: justify;\"><span style=\"color: #333399;\"><em><strong>La escena, inmortalizada por las c\u00e1maras, ha dejado la cl\u00e1sica estampa de la pareja real posando antes de embarcar: gestos c\u00f3mplices, sonrisas discretas y ese aire solemne que acompa\u00f1a cada partida oficial. En la comitiva tambi\u00e9n viajaban el ministro de Asuntos Exteriores, Jos\u00e9 Manuel Albares, y el ministro de Econom\u00eda, Carlos Cuerpo, adem\u00e1s de una delegaci\u00f3n de empresarios espa\u00f1oles con intereses en el mercado chino.<\/strong><\/em><\/span><\/p>\n<p style=\"text-align: justify;\"><span style=\"color: #333399;\"><em><strong>Como en cada ocasi\u00f3n, la reina Letizia ha vuelto a atraer todas las miradas. Su estilismo, cuidadosamente escogido para el momento, ha sido una declaraci\u00f3n de sobriedad y elegancia. Ha elegido un conjunto negro absoluto, una apuesta segura que combina autoridad, sofisticaci\u00f3n y una est\u00e9tica diplom\u00e1tica precisa. El abrigo de pa\u00f1o con cintur\u00f3n marcaba la silueta con l\u00edneas fluidas, mientras que los pantalones anchos aportaban movimiento y equilibrio visual.<\/strong><\/em><\/span><\/p>\n<div id=\"attachment_68390\" style=\"width: 640px\" class=\"wp-caption aligncenter\"><a href=\"https:\/\/www.turistamagazine.com\/v2\/wp-content\/uploads\/2025\/11\/Reyes-2.jpg\"><img decoding=\"async\" aria-describedby=\"caption-attachment-68390\" class=\"wp-image-68390 size-full\" src=\"https:\/\/www.turistamagazine.com\/v2\/wp-content\/uploads\/2025\/11\/Reyes-2.jpg\" alt=\"\" width=\"630\" height=\"420\" srcset=\"https:\/\/www.turistamagazine.com\/v2\/wp-content\/uploads\/2025\/11\/Reyes-2.jpg 630w, https:\/\/www.turistamagazine.com\/v2\/wp-content\/uploads\/2025\/11\/Reyes-2-300x200.jpg 300w, https:\/\/www.turistamagazine.com\/v2\/wp-content\/uploads\/2025\/11\/Reyes-2-610x407.jpg 610w\" sizes=\"(max-width: 630px) 100vw, 630px\" \/><\/a><p id=\"caption-attachment-68390\" class=\"wp-caption-text\"><span style=\"color: #000080;\"><em><strong>El Rey Felipe y la Reina Letizia durante la despedida oficiada en el Pabell\u00f3n de Estado de la Terminal T-4, en el Aeropuerto Adolfo Su\u00e1rez Madrid-Barajas, a 9 de noviembre de 2025, en Madrid (Espa\u00f1a). (Antonio Guti\u00e9rrez \/ Europa Press).<\/strong><\/em><\/span><\/p><\/div>\n<p style=\"text-align: justify;\"><span style=\"color: #800080;\"><em><strong>El negro, omnipresente en su atuendo \u2014desde la bufanda hasta el bolso estructurado tipo malet\u00edn\u2014, simboliza contenci\u00f3n y respeto institucional, pero tambi\u00e9n proyecta fortaleza. En esta despedida, Letizia ha mostrado una versi\u00f3n depurada de su estilo: menos ornamento y m\u00e1s intenci\u00f3n. Un mensaje silencioso, pero n\u00edtido, sobre c\u00f3mo concibe su papel en la diplomacia contempor\u00e1nea.<\/strong><\/em><\/span><\/p>\n<p style=\"text-align: justify;\"><span style=\"color: #333399;\"><em><strong>A su lado, Felipe VI ha mantenido la sobriedad protocolaria con un traje gris oscuro de raya fina, camisa blanca y corbata azul. Ambos se han mostrado relajados y sonrientes, intercambiando miradas antes de subir juntos al avi\u00f3n, un gesto de cercan\u00eda que ya se ha convertido en se\u00f1a de identidad de sus apariciones p\u00fablicas.<\/strong><\/em><\/span><\/p>\n<p style=\"text-align: justify;\"><span style=\"color: #333399;\"><em><strong>Esta visita de Estado, la primera al pa\u00eds asi\u00e1tico desde la proclamaci\u00f3n de Felipe VI en 2014, busca consolidar la posici\u00f3n de Espa\u00f1a en una regi\u00f3n clave para la econom\u00eda global. La agenda oficial se divide entre dos ciudades: Chengd\u00fa, en la provincia de Sichuan, y la capital, Pek\u00edn.<\/strong><\/em><\/span><\/p>\n<p style=\"text-align: justify;\"><span style=\"color: #333399;\"><em><strong>La primera parada, Chengd\u00fa, guarda un significado especial para la monarqu\u00eda espa\u00f1ola. En 2007, los entonces reyes Juan Carlos y Sof\u00eda visitaron esta ciudad, donde naci\u00f3 el v\u00ednculo simb\u00f3lico con los pandas que m\u00e1s tarde llegar\u00edan al Zoo de Madrid. Esta vez, el foco se centrar\u00e1 en la cooperaci\u00f3n econ\u00f3mica: el monarca presidir\u00e1 la apertura del Foro Empresarial Espa\u00f1a-China, visitar\u00e1 las instalaciones tecnol\u00f3gicas de INDRA y mantendr\u00e1 reuniones con autoridades locales y l\u00edderes empresariales.<\/strong><\/em><\/span><\/p>\n<p style=\"text-align: justify;\"><span style=\"color: #333399;\"><em><strong>La reina Letizia, por su parte, participar\u00e1 en un acto conmemorativo por el 150\u00ba aniversario del nacimiento de Antonio Machado, que se celebrar\u00e1 en el memorial de la poeta Xue Tao, un gesto que refuerza la vertiente cultural del viaje.<\/strong><\/em><\/span><\/p>\n<p style=\"text-align: justify;\"><span style=\"color: #800080;\"><em><strong>Pek\u00edn: reencuentro y proyecci\u00f3n internacional<\/strong><\/em><\/span><\/p>\n<div id=\"attachment_68391\" style=\"width: 640px\" class=\"wp-caption aligncenter\"><a href=\"https:\/\/www.turistamagazine.com\/v2\/wp-content\/uploads\/2025\/11\/el-Gran-Palacio-del-Pueblo.jpg\"><img decoding=\"async\" aria-describedby=\"caption-attachment-68391\" class=\"wp-image-68391 size-full\" src=\"https:\/\/www.turistamagazine.com\/v2\/wp-content\/uploads\/2025\/11\/el-Gran-Palacio-del-Pueblo.jpg\" alt=\"\" width=\"630\" height=\"420\" srcset=\"https:\/\/www.turistamagazine.com\/v2\/wp-content\/uploads\/2025\/11\/el-Gran-Palacio-del-Pueblo.jpg 630w, https:\/\/www.turistamagazine.com\/v2\/wp-content\/uploads\/2025\/11\/el-Gran-Palacio-del-Pueblo-300x200.jpg 300w, https:\/\/www.turistamagazine.com\/v2\/wp-content\/uploads\/2025\/11\/el-Gran-Palacio-del-Pueblo-610x407.jpg 610w\" sizes=\"(max-width: 630px) 100vw, 630px\" \/><\/a><p id=\"caption-attachment-68391\" class=\"wp-caption-text\"><span style=\"color: #333399;\"><em><strong>La etapa m\u00e1s protocolaria del viaje se desarrollar\u00e1 en Pek\u00edn, donde el 12 de noviembre los reyes ser\u00e1n recibidos oficialmente por el presidente Xi Jinping y su esposa, Peng Liyuan, en una ceremonia en el Gran Palacio del Pueblo. Ser\u00e1 un reencuentro significativo, ya que el \u00faltimo encuentro entre ambas parejas se produjo en Madrid en 2018, cuando el matrimonio actu\u00f3 como anfitriones del mandatario chino.<\/strong><\/em><\/span><\/p><\/div>\n<p style=\"text-align: justify;\"><span style=\"color: #333399;\"><em><strong>Durante la jornada, Felipe VI mantendr\u00e1 encuentros con Xi Jinping, el primer ministro Li Qiang y el presidente del Comit\u00e9 Permanente de la Asamblea Popular Nacional, Zhao Leji. En paralelo, la reina Letizia acompa\u00f1ar\u00e1 a Peng Liyuan en una visita a un centro de atenci\u00f3n a personas con discapacidad, en un gesto que subraya el compromiso compartido con las causas sociales y humanitarias.<\/strong><\/em><\/span><\/p>\n<p style=\"text-align: justify;\"><span style=\"color: #333399;\"><em><strong>La noche del mi\u00e9rcoles estar\u00e1 reservada para la cena de gala que el presidente chino y la primera dama ofrecer\u00e1n en honor de los reyes. Ser\u00e1 uno de los momentos m\u00e1s esperados del viaje, tanto por su carga simb\u00f3lica como por el inter\u00e9s que despiertan los estilismos de la reina en este tipo de veladas.<\/strong><\/em><\/span><\/p>\n<p style=\"text-align: justify;\"><span style=\"color: #333399;\"><em><strong>La \u00faltima jornada, el jueves 14, incluir\u00e1 una reuni\u00f3n del Consejo Asesor Empresarial Espa\u00f1a-China y una visita a la sede de la empresa Gestamp en Pek\u00edn. Antes de su regreso, Sus Majestades asistir\u00e1n a una recepci\u00f3n con la colectividad espa\u00f1ola residente en el pa\u00eds, un encuentro que servir\u00e1 para reforzar el v\u00ednculo entre la comunidad expatriada y la Corona.<\/strong><\/em><\/span><\/p>\n<p>F\/Infobae<\/p>\n<p>&nbsp;<\/p>\n<p>&nbsp;<\/p>\n","protected":false},"excerpt":{"rendered":"<p>El Rey Felipe y la Reina Letizia durante la despedida oficiada en el Pabell\u00f3n de Estado de la Terminal T-4, en el Aeropuerto Adolfo Su\u00e1rez Madrid-Barajas, a 9 de noviembre de 2025, en Madrid (Espa\u00f1a). (Antonio Guti\u00e9rrez \/ Europa Press). La pareja ha iniciado este domingo, 9 de noviembre, la visita de Estado al pa\u00eds asi\u00e1tico Por. Anabel G\u00f3mez Salvador ESPA\u00d1A\/09\/11\/2025.-El domingo 9 de noviembre, bajo un cielo despejado y una temperatura invernal, los reyes han emprendido uno de los desplazamientos internacionales m\u00e1s relevantes de su agenda para 2025. Desde el Pabell\u00f3n de Estado de la Terminal 4 del aeropuerto&#8230;<\/p>\n","protected":false},"author":1,"featured_media":68389,"comment_status":"open","ping_status":"open","sticky":false,"template":"","format":"standard","meta":{"footnotes":""},"categories":[4,84],"tags":[11846,13616,10219,7471,178],"class_list":["post-68388","post","type-post","status-publish","format-standard","has-post-thumbnail","hentry","category-breaking-news","category-internacionales","tag-elenatejeradirectora","tag-reyesdeespana","tag-semanarioturistamagazine","tag-elenita-villar-asesora-de-tesis-en-turismo","tag-espana"],"_links":{"self":[{"href":"https:\/\/www.turistamagazine.com\/v2\/index.php?rest_route=\/wp\/v2\/posts\/68388","targetHints":{"allow":["GET"]}}],"collection":[{"href":"https:\/\/www.turistamagazine.com\/v2\/index.php?rest_route=\/wp\/v2\/posts"}],"about":[{"href":"https:\/\/www.turistamagazine.com\/v2\/index.php?rest_route=\/wp\/v2\/types\/post"}],"author":[{"embeddable":true,"href":"https:\/\/www.turistamagazine.com\/v2\/index.php?rest_route=\/wp\/v2\/users\/1"}],"replies":[{"embeddable":true,"href":"https:\/\/www.turistamagazine.com\/v2\/index.php?rest_route=%2Fwp%2Fv2%2Fcomments&post=68388"}],"version-history":[{"count":1,"href":"https:\/\/www.turistamagazine.com\/v2\/index.php?rest_route=\/wp\/v2\/posts\/68388\/revisions"}],"predecessor-version":[{"id":68392,"href":"https:\/\/www.turistamagazine.com\/v2\/index.php?rest_route=\/wp\/v2\/posts\/68388\/revisions\/68392"}],"wp:featuredmedia":[{"embeddable":true,"href":"https:\/\/www.turistamagazine.com\/v2\/index.php?rest_route=\/wp\/v2\/media\/68389"}],"wp:attachment":[{"href":"https:\/\/www.turistamagazine.com\/v2\/index.php?rest_route=%2Fwp%2Fv2%2Fmedia&parent=68388"}],"wp:term":[{"taxonomy":"category","embeddable":true,"href":"https:\/\/www.turistamagazine.com\/v2\/index.php?rest_route=%2Fwp%2Fv2%2Fcategories&post=68388"},{"taxonomy":"post_tag","embeddable":true,"href":"https:\/\/www.turistamagazine.com\/v2\/index.php?rest_route=%2Fwp%2Fv2%2Ftags&post=68388"}],"curies":[{"name":"wp","href":"https:\/\/api.w.org\/{rel}","templated":true}]}}