{"id":68278,"date":"2025-10-24T17:57:18","date_gmt":"2025-10-24T22:57:18","guid":{"rendered":"https:\/\/www.turistamagazine.com\/v2\/?p=68278"},"modified":"2025-10-24T17:57:18","modified_gmt":"2025-10-24T22:57:18","slug":"el-papa-expresa-alegria-por-2-ordenaciones-sacerdotales-en-estonia-el-pais-con-menos-creyentes-del-mundo","status":"publish","type":"post","link":"https:\/\/www.turistamagazine.com\/v2\/?p=68278","title":{"rendered":"EL PAPA EXPRESA ALEGR\u00cdA POR 2 ORDENACIONES SACERDOTALES EN ESTONIA, EL PA\u00cdS CON MENOS CREYENTES DEL MUNDO"},"content":{"rendered":"<p style=\"text-align: justify;\"><span style=\"color: #333399;\"><em><strong>Por Victoria Cardiel*<\/strong><\/em><\/span><\/p>\n<p style=\"text-align: justify;\"><span style=\"color: #333399;\"><em><strong>VATICANO\/23\/10\/2026.-El Papa Le\u00f3n XIV expres\u00f3 su alegr\u00eda por la reciente ordenaci\u00f3n de dos nuevos sacerdotes en Estonia \u2014uno de los pa\u00edses con menor proporci\u00f3n de creyentes en el mundo, donde cerca del 70% de los ciudadanos se declaran \u201cno religiosos\u201d\u2014 y los alent\u00f3 a ser un signo de esperanza para la peque\u00f1a comunidad cat\u00f3lica local.<\/strong><\/em><\/span><\/p>\n<p style=\"text-align: justify;\"><span style=\"color: #333399;\"><em><strong>\u201cDe modo especial, saludo a los dos sacerdotes recientemente ordenados. Su generosidad al decir \u2018s\u00ed\u2019 al llamado del Se\u00f1or para servirle a \u00c9l y a la Iglesia como ministros ordenados del Evangelio es, sin duda, un signo de esperanza para la comunidad cristiana de su tierra. \u00a1Que su respuesta a la vocaci\u00f3n anime a muchos otros a hacer lo mismo!\u201d, exclam\u00f3 el Pont\u00edfice durante una audiencia en el Vaticano con un grupo de fieles en peregrinaci\u00f3n jubilar por el A\u00f1o Santo.<\/strong><\/em><\/span><\/p>\n<p style=\"text-align: justify;\"><span style=\"color: #333399;\"><em><strong>Los dos nuevos sacerdotes ordenados en Estonia en 2025 se llaman Giosu\u00e8 Schirru y Manuel Leal Almeida. Fueron ordenados el 11 de octubre en la Catedral de San Pedro y San Pablo de Tallin por el obispo Philippe Jourdan, primer ordinario de la Di\u00f3cesis de Tallin, que fue erigida en 2024 por el Papa Francisco tras un siglo como Administraci\u00f3n Apost\u00f3lica.<\/strong><\/em><\/span><\/p>\n<p style=\"text-align: justify;\"><span style=\"color: #333399;\"><em><strong>Durante el encuentro, Le\u00f3n XIV destac\u00f3 que la elevaci\u00f3n de la Iglesia local a di\u00f3cesis constituye \u201cotro signo de esperanza\u201d para la vida eclesial de Estonia, un pa\u00eds donde los cat\u00f3licos representan menos del 0,5% de la poblaci\u00f3n. \u201cSu presencia me brinda la oportunidad de felicitarlos personalmente, y los animo a rezar los unos por los otros, especialmente por su obispo, para que su unidad como comunidad de fe sea siempre alimentada por el Se\u00f1or y atraiga a nuevos creyentes\u201d, dijo.<\/strong><\/em><\/span><\/p>\n<p style=\"text-align: justify;\"><span style=\"color: #333399;\"><em><strong>El Pont\u00edfice subray\u00f3 que la peregrinaci\u00f3n jubilar \u2014en el marco del A\u00f1o Santo dedicado a la virtud teologal de la esperanza\u2014 tiene como finalidad \u201cfortalecer la confianza en las promesas del Se\u00f1or\u201d y animar a los fieles a \u201cproclamar el Evangelio de maneras sencillas cada d\u00eda\u201d.<\/strong><\/em><\/span><\/p>\n<p style=\"text-align: justify;\"><span style=\"color: #333399;\"><em><strong>El odio a la Iglesia durante la persecuci\u00f3n bajo el r\u00e9gimen sovi\u00e9tico<\/strong><\/em><\/span><\/p>\n<p style=\"text-align: justify;\"><span style=\"color: #333399;\"><em><strong>Asimismo, salud\u00f3 la presencia en el grupo de miembros de la Iglesia Luterana de Estonia y de otros cristianos no cat\u00f3licos en la peregrinaci\u00f3n, a quienes agradeci\u00f3 su compromiso en la reciente beatificaci\u00f3n del arzobispo Eduard Profittlich, m\u00e1rtir de la fe durante el r\u00e9gimen sovi\u00e9tico. \u201cSu testimonio ecum\u00e9nico \u2014dijo el Papa\u2014 es un reflejo del propio testimonio del beato Eduard y constituye la ant\u00edtesis del odio que se manifest\u00f3 tan tr\u00e1gicamente durante la persecuci\u00f3n de la Iglesia bajo el r\u00e9gimen sovi\u00e9tico\u201d.<\/strong><\/em><\/span><\/p>\n<p style=\"text-align: justify;\"><span style=\"color: #333399;\"><em><strong>Oraciones por la paz en Europa<\/strong><\/em><\/span><\/p>\n<p style=\"text-align: justify;\"><span style=\"color: #333399;\"><em><strong>Finalmente, Le\u00f3n XIV pidi\u00f3 oraciones por la paz en Europa \u201cante la persistencia de la l\u00f3gica de la guerra\u201d y confi\u00f3 a todos los peregrinos a la intercesi\u00f3n de la Virgen Mar\u00eda. \u201cCuando regresen a sus hogares, sepan que lo hacen acompa\u00f1ados por mis oraciones. D\u00edganles a sus familias y amigos que el Papa reza por ellos\u201d, concluy\u00f3.<\/strong><\/em><\/span><\/p>\n<p style=\"text-align: justify;\"><span style=\"color: #333399;\"><em><strong>Estonia, con una poblaci\u00f3n de 1,3 millones de habitantes, es considerado el pa\u00eds con menor afiliaci\u00f3n religiosa del mundo: seg\u00fan el censo de 2021, s\u00f3lo un 29% de los mayores de 15 a\u00f1os declara pertenecer a una religi\u00f3n, mientras que el 58% no tiene ninguna afiliaci\u00f3n y un 13% no responde. Entre los estonios de etnia local, el porcentaje de personas sin religi\u00f3n asciende al 71%, de acuerdo con Statistics Estonia.<\/strong><\/em><\/span><\/p>\n<p>*<em>Es periodista especializada en temas de informaci\u00f3n social y religiosa. Desde el 2013, ha cubierto toda la actualidad del Vaticano para diversos medios, como la agencia de noticias espa\u00f1ola Europa Press, o el semanario de la Archidi\u00f3cesis de Madrid, Alfa y Omega.<\/em><\/p>\n","protected":false},"excerpt":{"rendered":"<p>Por Victoria Cardiel* VATICANO\/23\/10\/2026.-El Papa Le\u00f3n XIV expres\u00f3 su alegr\u00eda por la reciente ordenaci\u00f3n de dos nuevos sacerdotes en Estonia \u2014uno de los pa\u00edses con menor proporci\u00f3n de creyentes en el mundo, donde cerca del 70% de los ciudadanos se declaran \u201cno religiosos\u201d\u2014 y los alent\u00f3 a ser un signo de esperanza para la peque\u00f1a comunidad cat\u00f3lica local. \u201cDe modo especial, saludo a los dos sacerdotes recientemente ordenados. Su generosidad al decir \u2018s\u00ed\u2019 al llamado del Se\u00f1or para servirle a \u00c9l y a la Iglesia como ministros ordenados del Evangelio es, sin duda, un signo de esperanza para la comunidad&#8230;<\/p>\n","protected":false},"author":1,"featured_media":68279,"comment_status":"open","ping_status":"open","sticky":false,"template":"","format":"standard","meta":{"footnotes":""},"categories":[85],"tags":[11846,13356,10219,1634],"class_list":["post-68278","post","type-post","status-publish","format-standard","has-post-thumbnail","hentry","category-colum-invitados","tag-elenatejeradirectora","tag-elpapaleonxiv","tag-semanarioturistamagazine","tag-estonia"],"_links":{"self":[{"href":"https:\/\/www.turistamagazine.com\/v2\/index.php?rest_route=\/wp\/v2\/posts\/68278","targetHints":{"allow":["GET"]}}],"collection":[{"href":"https:\/\/www.turistamagazine.com\/v2\/index.php?rest_route=\/wp\/v2\/posts"}],"about":[{"href":"https:\/\/www.turistamagazine.com\/v2\/index.php?rest_route=\/wp\/v2\/types\/post"}],"author":[{"embeddable":true,"href":"https:\/\/www.turistamagazine.com\/v2\/index.php?rest_route=\/wp\/v2\/users\/1"}],"replies":[{"embeddable":true,"href":"https:\/\/www.turistamagazine.com\/v2\/index.php?rest_route=%2Fwp%2Fv2%2Fcomments&post=68278"}],"version-history":[{"count":1,"href":"https:\/\/www.turistamagazine.com\/v2\/index.php?rest_route=\/wp\/v2\/posts\/68278\/revisions"}],"predecessor-version":[{"id":68280,"href":"https:\/\/www.turistamagazine.com\/v2\/index.php?rest_route=\/wp\/v2\/posts\/68278\/revisions\/68280"}],"wp:featuredmedia":[{"embeddable":true,"href":"https:\/\/www.turistamagazine.com\/v2\/index.php?rest_route=\/wp\/v2\/media\/68279"}],"wp:attachment":[{"href":"https:\/\/www.turistamagazine.com\/v2\/index.php?rest_route=%2Fwp%2Fv2%2Fmedia&parent=68278"}],"wp:term":[{"taxonomy":"category","embeddable":true,"href":"https:\/\/www.turistamagazine.com\/v2\/index.php?rest_route=%2Fwp%2Fv2%2Fcategories&post=68278"},{"taxonomy":"post_tag","embeddable":true,"href":"https:\/\/www.turistamagazine.com\/v2\/index.php?rest_route=%2Fwp%2Fv2%2Ftags&post=68278"}],"curies":[{"name":"wp","href":"https:\/\/api.w.org\/{rel}","templated":true}]}}