{"id":68265,"date":"2025-10-24T15:35:03","date_gmt":"2025-10-24T20:35:03","guid":{"rendered":"https:\/\/www.turistamagazine.com\/v2\/?p=68265"},"modified":"2025-10-24T16:29:54","modified_gmt":"2025-10-24T21:29:54","slug":"la-francia-inolvidable-que-admiramos","status":"publish","type":"post","link":"https:\/\/www.turistamagazine.com\/v2\/?p=68265","title":{"rendered":"LA FRANCIA INOLVIDABLE\u00a0 QUE ADMIR\u00c1BAMOS"},"content":{"rendered":"<p style=\"text-align: justify;\"><span style=\"color: #333399;\"><em><strong><a href=\"https:\/\/www.turistamagazine.com\/v2\/wp-content\/uploads\/2021\/10\/Elenita.jpg\"><img decoding=\"async\" class=\"size-full wp-image-53267 alignleft\" src=\"https:\/\/www.turistamagazine.com\/v2\/wp-content\/uploads\/2021\/10\/Elenita.jpg\" alt=\"\" width=\"150\" height=\"150\" \/><\/a>Hace ya\u00a0 algunos lustros que visitamos\u00a0 por\u00a0 vez primera\u00a0 Francia y especialmente la \u201cCiudad Luz\u201d en ese tiempo nosotros \u00e9ramos pro franceses\u00a0 pues est\u00e1bamos\u00a0 inmersos en la historia, desarrollo y ordenamiento social de Francia, pues hab\u00edamos estudiado el precioso idioma desde \u00a0el A,B,C, y en nuestro primer viaje a la vieja Europa ya ten\u00edamos el diploma de Paris de L\u2019 Alliance Fran\u00e7aise de Lima, y segu\u00edamos el curso de traducci\u00f3n y civilizaci\u00f3n francesa, por lo tanto nuestra mayor ilusi\u00f3n era llegar a Paris, les contaremos como an\u00e9cdota que ese primer viaje con toda nuestra \u201ccultura francesa\u201d fue de \u201casombro y desencanto\u201d. Y les contare queridos amigos el porqu\u00e9, en primer lugar, de asombro pues no exist\u00eda video ni foto que diera\u00a0 idea de la grandiosidad \u00a0de la famosa y querida \u201cTour Eiffel\u201d y nos quedamos \u201cbouche bee\u201d como dicen los franceses cuando algo excede a las expectativas. <\/strong><\/em><\/span><\/p>\n<p style=\"text-align: justify;\"><span style=\"color: #333399;\"><em><strong>Igualmente , cuando tuvimos la oportunidad de asistir a misa en Domingo en nuestra amada \u201cNotre Dame\u201d donde nos emocionamos hasta las lagrimas cuando escuchamos c\u00e1nticos \u00a0en la catedral, abigarrada de personas de diferentes pa\u00edses, y nos unimos cantando y rezando al lado de una bella y elegante \u00a0dama negra con su vestido t\u00edpico, realmente inenarrable ese momento. Asimismo \u00a0la visita infaltable al Louvre del cual vamos hacer un comentario l\u00edneas abajo y los atractivos que todos los que hemos estado en el \u201cpa\u00eds galo\u201d conocemos y que no son motivos de este comentario.<\/strong><\/em><\/span><\/p>\n<p style=\"text-align: justify;\"><span style=\"color: #333399;\"><em><strong>Desencanto, pues la amistad francesa la cual nos ense\u00f1aban en la Alliance Fran\u00e7aise du Peru no era tal, pues los franceses no son receptivos con los extranjeros, y nosotros inspirados por estar en Paris y demostrar nuestros conocimientos, nos acerc\u00e1bamos confiando a X persona por alguna informaci\u00f3n, autom\u00e1ticamente retroced\u00edan como si \u00a0se les fuera atacar, cuando prestamente le habl\u00e1bamos \u00a0supuestamente en nuestro \u201ccorrecto\u201d franc\u00e9s cambiaban de actitud, pero siempre distantes\u2026 El Rio Sena\u00a0 testigo de mitos y leyendas de amor, nos pareci\u00f3 sucio y mal oliente\u00a0 y lo peor de todo\u00a0 entre otras cosillas, las avenidas en forma de estrella alrededor de la Plaza Charles de Gaulle (anteriormente Place de l&#8217;\u00c9toile), con el Arco de Triunfo en el centro, nos causaba gran desorientaci\u00f3n a nosotros que\u00a0 tenemos un gran sentido de orientaci\u00f3n y nos hemos orientado siempre, en cualquier ciudad del mundo que hemos tenido el privilegio de visitar \u00a0\u00a0incluso en Berl\u00edn no sabiendo ni una palabra de alem\u00e1n\u2026<\/strong><\/em><\/span><\/p>\n<p style=\"text-align: justify;\"><span style=\"color: #333399;\"><em><strong>Gracias queridos lectores por permitirme este recuerdo<\/strong><\/em><\/span><\/p>\n<p style=\"text-align: justify;\"><span style=\"color: #333399;\"><em><strong>Retomando nuestro titular \u201cLa \u00a0Inolvidable Francia que Admiramos\u201d todos los que hemos tenido la dicha de visitar el Louvre sabemos la medidas de seguridad que existen para visitar sus salas, \u201cya que es el museo de arte m\u00e1s visitado del mundo por la gran colecci\u00f3n de piezas hist\u00f3ricas que exhibe, obras de artistas que plasmaron sus ideas en los lienzos, esculturas, piezas arquitect\u00f3nicas, joyas e incluso moda. Por ello, es que el Museo del Louvre cuenta con una extensa seguridad para evitar que las obras sean da\u00f1adas o sustra\u00eddas; sin embargo, \u00e9sta se ha ido reforzando debido a los robos que se han presentado a lo largo de la historia\u201d. *<\/strong><\/em><\/span><\/p>\n<p style=\"text-align: justify;\"><span style=\"color: #333399;\"><em><strong>\u00a0Por lo tanto no, nos explicamos el robo de las valiosas joyas de la \u201cGalerie d&#8217;Apollon\u201d.\u00a0 No vamos a incidir en c\u00f3mo se robaron las valiosas joyas, s\u00f3lo en 7 minutos, porque informaci\u00f3n hay de todo tipo, y en todos los idiomas, no obstante, pensamos y suponemos que los investigadores ya est\u00e1n realizando la investigaci\u00f3n desde el mismo coraz\u00f3n del Museo, pues es un robo coordinado y bien planificado. Hasta el d\u00eda que escribimos estas l\u00edneas, no se sabe nada de nada. Las joyas pueden ser canibalizadas y venderlas por piezas para evitar ser encontradas\u2026 M\u00e1s, nos llama profundamente la atenci\u00f3n que las joyas robadas del Louvre el Domingo 19, no contaban con un seguro privado\u2026Los que robaron las joyas ten\u00edan que estar al tanto de este \u201cinsignificante detalle\u2026<\/strong><\/em><\/span><\/p>\n<p style=\"text-align: justify;\"><span style=\"color: #333399;\"><em><strong>Siguiendo en la misma l\u00ednea, nos ha causado una gran decepci\u00f3n, el encarcelamiento del ex presidente franc\u00e9s Nicolas Sarkozy quien ingres\u00f3 a la c\u00e1rcel para cumplir una condena de cinco a\u00f1os, se le acusa de haber recibido millones de euros para financiar su campa\u00f1a electoral, fondos no declarados provenientes del r\u00e9gimen de Muamar Gadafi. Fue trasladado bajo estrictas medidas de seguridad a la unidad penitenciaria parisina de La Sant\u00e9, tras ser hallado culpable de asociaci\u00f3n il\u00edcita y financiaci\u00f3n ilegal. \u00a0No obstante, es posible que recupere su libertad antes de navidad de acuerdo a sus abogados que est\u00e1n convencidos que es v\u00edctima de una \u201cpersecuci\u00f3n judicial\u201d<\/strong><\/em><\/span><\/p>\n<p style=\"text-align: justify;\"><span style=\"color: #333399;\"><em><strong>Sarkozy declar\u00f3 tras su ingreso a la c\u00e1rcel \u201cNo es un ex presidente de la Rep\u00fablica quien est\u00e1 siendo encarcelado esta ma\u00f1ana, sino un hombre inocente\u201d \u2026<\/strong><\/em><\/span><\/p>\n<p style=\"text-align: justify;\"><span style=\"color: #333399;\"><em><strong>Confiamos en ello, puesto que admir\u00e1bamos a Nicolas Sarkozy, y no desear\u00edamos llevarnos otra gran decepci\u00f3n\u2026<\/strong><\/em><\/span><\/p>\n<p style=\"text-align: right;\"><span style=\"color: #333399;\"><em><strong>Elena Tejera<\/strong><\/em><\/span><\/p>\n<p style=\"text-align: right;\"><span style=\"color: #333399;\"><em><strong>Master en Turismo y Comunicaci\u00f3n<\/strong><\/em><\/span><\/p>\n<p><a href=\"https:\/\/www.turistamagazine.com\/v2\/wp-content\/uploads\/2022\/11\/Logo-N-uevo.png\"><img decoding=\"async\" class=\"size-full wp-image-58747 aligncenter\" src=\"https:\/\/www.turistamagazine.com\/v2\/wp-content\/uploads\/2022\/11\/Logo-N-uevo.png\" alt=\"\" width=\"630\" height=\"327\" srcset=\"https:\/\/www.turistamagazine.com\/v2\/wp-content\/uploads\/2022\/11\/Logo-N-uevo.png 630w, https:\/\/www.turistamagazine.com\/v2\/wp-content\/uploads\/2022\/11\/Logo-N-uevo-300x156.png 300w, https:\/\/www.turistamagazine.com\/v2\/wp-content\/uploads\/2022\/11\/Logo-N-uevo-610x317.png 610w\" sizes=\"(max-width: 630px) 100vw, 630px\" \/><\/a><\/p>\n<p style=\"text-align: justify;\"><span style=\"color: #333399;\"><em><strong>*Infomaci\u00f3n IA<\/strong><\/em><\/span><\/p>\n","protected":false},"excerpt":{"rendered":"<p>Hace ya\u00a0 algunos lustros que visitamos\u00a0 por\u00a0 vez primera\u00a0 Francia y especialmente la \u201cCiudad Luz\u201d en ese tiempo nosotros \u00e9ramos pro franceses\u00a0 pues est\u00e1bamos\u00a0 inmersos en la historia, desarrollo y ordenamiento social de Francia, pues hab\u00edamos estudiado el precioso idioma desde \u00a0el A,B,C, y en nuestro primer viaje a la vieja Europa ya ten\u00edamos el diploma de Paris de L\u2019 Alliance Fran\u00e7aise de Lima, y segu\u00edamos el curso de traducci\u00f3n y civilizaci\u00f3n francesa, por lo tanto nuestra mayor ilusi\u00f3n era llegar a Paris, les contaremos como an\u00e9cdota que ese primer viaje con toda nuestra \u201ccultura francesa\u201d fue de \u201casombro y&#8230;<\/p>\n","protected":false},"author":1,"featured_media":0,"comment_status":"open","ping_status":"open","sticky":false,"template":"","format":"standard","meta":{"footnotes":""},"categories":[345],"tags":[11846,13601,13602,10219],"class_list":["post-68265","post","type-post","status-publish","format-standard","hentry","category-editorial","tag-elenatejeradirectora","tag-lafranciaqueadmirabamos","tag-museodelouvre","tag-semanarioturistamagazine"],"_links":{"self":[{"href":"https:\/\/www.turistamagazine.com\/v2\/index.php?rest_route=\/wp\/v2\/posts\/68265","targetHints":{"allow":["GET"]}}],"collection":[{"href":"https:\/\/www.turistamagazine.com\/v2\/index.php?rest_route=\/wp\/v2\/posts"}],"about":[{"href":"https:\/\/www.turistamagazine.com\/v2\/index.php?rest_route=\/wp\/v2\/types\/post"}],"author":[{"embeddable":true,"href":"https:\/\/www.turistamagazine.com\/v2\/index.php?rest_route=\/wp\/v2\/users\/1"}],"replies":[{"embeddable":true,"href":"https:\/\/www.turistamagazine.com\/v2\/index.php?rest_route=%2Fwp%2Fv2%2Fcomments&post=68265"}],"version-history":[{"count":5,"href":"https:\/\/www.turistamagazine.com\/v2\/index.php?rest_route=\/wp\/v2\/posts\/68265\/revisions"}],"predecessor-version":[{"id":68270,"href":"https:\/\/www.turistamagazine.com\/v2\/index.php?rest_route=\/wp\/v2\/posts\/68265\/revisions\/68270"}],"wp:attachment":[{"href":"https:\/\/www.turistamagazine.com\/v2\/index.php?rest_route=%2Fwp%2Fv2%2Fmedia&parent=68265"}],"wp:term":[{"taxonomy":"category","embeddable":true,"href":"https:\/\/www.turistamagazine.com\/v2\/index.php?rest_route=%2Fwp%2Fv2%2Fcategories&post=68265"},{"taxonomy":"post_tag","embeddable":true,"href":"https:\/\/www.turistamagazine.com\/v2\/index.php?rest_route=%2Fwp%2Fv2%2Ftags&post=68265"}],"curies":[{"name":"wp","href":"https:\/\/api.w.org\/{rel}","templated":true}]}}