{"id":68155,"date":"2025-10-15T16:18:12","date_gmt":"2025-10-15T21:18:12","guid":{"rendered":"https:\/\/www.turistamagazine.com\/v2\/?p=68155"},"modified":"2025-10-15T16:39:40","modified_gmt":"2025-10-15T21:39:40","slug":"afroturismo-turismo-con-identidad-y-propositoen-festituris","status":"publish","type":"post","link":"https:\/\/www.turistamagazine.com\/v2\/?p=68155","title":{"rendered":"AFROTURISMO: TURISMO CON IDENTIDAD Y PROP\u00d3SITO EN FESTURIS"},"content":{"rendered":"<p style=\"text-align: justify;\"><span style=\"color: #333399;\"><em><strong>BRASIL\/GRAMADO\/15\/10\/2025.-El afroturismo es una tendencia que mueve y conecta a los visitantes con las ra\u00edces de la cultura afro, promoviendo experiencias inmersivas que incluyen rutas hist\u00f3ricas, manifestaciones culturales, vivencias en comunidades quilombolas, religiosidad, gastronom\u00eda y emprendimiento negro.<\/strong><\/em><\/span><\/p>\n<p style=\"text-align: justify;\"><span style=\"color: #333399;\"><em><strong>La presencia del tema en Festuris ocurre en un momento de fortalecimiento del segmento. En asociaci\u00f3n con la Unesco, el Ministerio de Turismo est\u00e1 realizando un mapeo nacional del afroturismo, que tiene como objetivo reunir informaci\u00f3n sobre rutas, destinos, productos y eventos protagonizados por afroemprendedores. La iniciativa forma parte del Programa Rutas Negras, cuyo objetivo es promover el desarrollo sostenible de las comunidades negras a trav\u00e9s del turismo.<\/strong><\/em><\/span><\/p>\n<p style=\"text-align: justify;\"><span style=\"color: #333399;\"><em><strong>El crecimiento del sector, impulsado por movimientos como Black Lives Matter y por el aumento de la conciencia social entre los viajeros, convierte al afroturismo en una poderosa herramienta de valorizaci\u00f3n cultural, empoderamiento y generaci\u00f3n de ingresos para las comunidades negras.<\/strong><\/em><\/span><\/p>\n<p style=\"text-align: justify;\"><span style=\"color: #333399;\"><em><strong>ESPACIO DIVERSIDAD \u2013 Ampliar el Espacio LGBT+ hacia un Espacio Diversidad representa un avance significativo en la forma en que se presenta y se debate el turismo en Festuris. El entorno estar\u00e1 dedicado a la promoci\u00f3n de acciones inclusivas que representen las diferentes identidades y posibilidades de actuaci\u00f3n en el sector, incluyendo el afroturismo, el turismo LGBTQIA+, el turismo ind\u00edgena, el turismo accesible, entre otros.<\/strong><\/em><\/span><\/p>\n<p style=\"text-align: justify;\"><span style=\"color: #333399;\"><em><strong>\u201cEl turismo es un reflejo de la sociedad, y la sociedad es diversa. Festuris comprende esto y ofrece un espacio donde todas las voces pueden ser escuchadas y respetadas, promoviendo innovaci\u00f3n e inclusi\u00f3n de manera genuina\u201d, resalta Zorzanello.<\/strong><\/em><\/span><\/p>\n<p><span style=\"color: #333399;\"><em><strong>F\/Fernando Gusen <\/strong><\/em><\/span><\/p>\n<p><span style=\"color: #333399;\"><em><strong>\u00a0fernando@rossiezorzanello.com.br<\/strong><\/em><\/span><\/p>\n<p><span style=\"color: #333399;\"><em><strong>Foto: Freepik<\/strong><\/em><\/span><\/p>\n","protected":false},"excerpt":{"rendered":"<p>BRASIL\/GRAMADO\/15\/10\/2025.-El afroturismo es una tendencia que mueve y conecta a los visitantes con las ra\u00edces de la cultura afro, promoviendo experiencias inmersivas que incluyen rutas hist\u00f3ricas, manifestaciones culturales, vivencias en comunidades quilombolas, religiosidad, gastronom\u00eda y emprendimiento negro. La presencia del tema en Festuris ocurre en un momento de fortalecimiento del segmento. En asociaci\u00f3n con la Unesco, el Ministerio de Turismo est\u00e1 realizando un mapeo nacional del afroturismo, que tiene como objetivo reunir informaci\u00f3n sobre rutas, destinos, productos y eventos protagonizados por afroemprendedores. La iniciativa forma parte del Programa Rutas Negras, cuyo objetivo es promover el desarrollo sostenible de las comunidades&#8230;<\/p>\n","protected":false},"author":1,"featured_media":68156,"comment_status":"open","ping_status":"open","sticky":false,"template":"","format":"standard","meta":{"footnotes":""},"categories":[4,84],"tags":[13582,11846,10219],"class_list":["post-68155","post","type-post","status-publish","format-standard","has-post-thumbnail","hentry","category-breaking-news","category-internacionales","tag-afroturismo","tag-elenatejeradirectora","tag-semanarioturistamagazine"],"_links":{"self":[{"href":"https:\/\/www.turistamagazine.com\/v2\/index.php?rest_route=\/wp\/v2\/posts\/68155","targetHints":{"allow":["GET"]}}],"collection":[{"href":"https:\/\/www.turistamagazine.com\/v2\/index.php?rest_route=\/wp\/v2\/posts"}],"about":[{"href":"https:\/\/www.turistamagazine.com\/v2\/index.php?rest_route=\/wp\/v2\/types\/post"}],"author":[{"embeddable":true,"href":"https:\/\/www.turistamagazine.com\/v2\/index.php?rest_route=\/wp\/v2\/users\/1"}],"replies":[{"embeddable":true,"href":"https:\/\/www.turistamagazine.com\/v2\/index.php?rest_route=%2Fwp%2Fv2%2Fcomments&post=68155"}],"version-history":[{"count":3,"href":"https:\/\/www.turistamagazine.com\/v2\/index.php?rest_route=\/wp\/v2\/posts\/68155\/revisions"}],"predecessor-version":[{"id":68159,"href":"https:\/\/www.turistamagazine.com\/v2\/index.php?rest_route=\/wp\/v2\/posts\/68155\/revisions\/68159"}],"wp:featuredmedia":[{"embeddable":true,"href":"https:\/\/www.turistamagazine.com\/v2\/index.php?rest_route=\/wp\/v2\/media\/68156"}],"wp:attachment":[{"href":"https:\/\/www.turistamagazine.com\/v2\/index.php?rest_route=%2Fwp%2Fv2%2Fmedia&parent=68155"}],"wp:term":[{"taxonomy":"category","embeddable":true,"href":"https:\/\/www.turistamagazine.com\/v2\/index.php?rest_route=%2Fwp%2Fv2%2Fcategories&post=68155"},{"taxonomy":"post_tag","embeddable":true,"href":"https:\/\/www.turistamagazine.com\/v2\/index.php?rest_route=%2Fwp%2Fv2%2Ftags&post=68155"}],"curies":[{"name":"wp","href":"https:\/\/api.w.org\/{rel}","templated":true}]}}