{"id":68152,"date":"2025-10-14T18:15:12","date_gmt":"2025-10-14T23:15:12","guid":{"rendered":"https:\/\/www.turistamagazine.com\/v2\/?p=68152"},"modified":"2025-10-14T18:15:12","modified_gmt":"2025-10-14T23:15:12","slug":"klm-celebra-106-anos-de-conexion-con-los-estados-unidos","status":"publish","type":"post","link":"https:\/\/www.turistamagazine.com\/v2\/?p=68152","title":{"rendered":"KLM CELEBRA 106 A\u00d1OS DE CONEXI\u00d3N CON LOS ESTADOS UNIDOS"},"content":{"rendered":"<p style=\"text-align: justify;\">\u00a0<span style=\"color: #000080;\"><em><strong>CON UNA CASA ESPECIAL DE PORCELANA DELFT BLUE EN EL CORAZ\u00d3N DE LEIDEN<\/strong><\/em><\/span><\/p>\n<p style=\"text-align: justify;\"><span style=\"color: #000080;\"><em><strong>HOLANDA\/14\/10\/2025.- KLM celebra su 106\u00ba aniversario con la revelaci\u00f3n de una nueva casita de porcelana Delft: una r\u00e9plica de la antigua residencia del sacrist\u00e1n, la Villa Rameau, situada junto a la iglesia Pieterskerk en la ciudad de Leiden, Pa\u00edses Bajos. Fue all\u00ed que Los Peregrinos se alojaron durante doce a\u00f1os antes de partir rumbo a Am\u00e9rica en el barco Mayflower en el a\u00f1o 1620.<\/strong><\/em><\/span><\/p>\n<p style=\"text-align: justify;\"><span style=\"color: #800080;\"><em><strong>106 a\u00f1os de v\u00ednculos transatl\u00e1nticos: de los Peregrinos a Joint Venture<\/strong><\/em><\/span><\/p>\n<p style=\"text-align: justify;\"><span style=\"color: #000080;\"><em><strong>El viaje de los Peregrinos dio inicio a una conexi\u00f3n duradera a trav\u00e9s del Atl\u00e1ntico, que KLM ha mantenido con orgullo durante 106 a\u00f1os. Como la aerol\u00ednea m\u00e1s antigua del mundo que a\u00fan opera bajo su nombre original, KLM desempe\u00f1\u00f3 un papel fundamental en la conexi\u00f3n de los Pa\u00edses Bajos y resto de Europa con los Estados Unidos. Como parte del Grupo Air France-KLM y socio estrat\u00e9gico de Delta Air Lines, KLM transporta millones de pasajeros cada a\u00f1o entre Europa y Estados Unidos, operando con una red de quince destinos en Norteam\u00e9rica. Estas conexiones impulsan las econom\u00edas y la prosperidad a ambos lados del oc\u00e9ano.<\/strong><\/em><\/span><\/p>\n<p style=\"text-align: justify;\"><span style=\"color: #000080;\"><em><strong>\u201cCon la presentaci\u00f3n de Villa Rameau como nuestra casa Delft Blue n\u00b0106, no solo celebramos un nuevo aniversario, sino tambi\u00e9n la importancia de la conexi\u00f3n y la resiliencia.\u201d, afirm\u00f3 Marjan Rintel, presidenta y CEO de KLM. \u201cEstos valores se reflejan en la historia de la casa y los Peregrinos, y tambi\u00e9n est\u00e1n en el coraz\u00f3n de KLM. Llevamos 106 a\u00f1os construyendo conexiones globales. Especialmente en tiempos desafiantes, esta casa nos recuerda lo importante que es mantenerse conectado. Es un peque\u00f1o s\u00edmbolo con una gran historia sobre c\u00f3mo seguir innovando y d\u00e1ndole forma al futuro de la aviaci\u00f3n.\u201d<\/strong><\/em><\/span><\/p>\n<p style=\"text-align: justify;\"><span style=\"color: #800080;\"><em><strong>La rica historia de Leiden<\/strong><\/em><\/span><\/p>\n<p style=\"text-align: justify;\"><span style=\"color: #000080;\"><em><strong>Villa Rameau, que ahora alberga el Leiden American Pilgrim Museum, tiene un pasado lleno de historia. La primera fiesta de la cosecha de los Peregrinos realizada aqu\u00ed e inspirada en la Liberaci\u00f3n de Leiden se convirti\u00f3 con el tiempo en lo que los estadounidenses conocen como el D\u00eda de Acci\u00f3n de Gracias, una tradici\u00f3n que todav\u00eda se celebra cada a\u00f1o en Pieterskerk. M\u00e1s tarde, la familia Rameau, que resid\u00eda en la casa, desempe\u00f1\u00f3 un papel crucial en la resistencia local durante la Segunda Guerra Mundial. Este lugar de Leiden representa la perseverancia en tiempos turbulentos y la creaci\u00f3n de nuevos lazos, valores muy importantes para KLM.<\/strong><\/em><\/span><\/p>\n<p style=\"text-align: justify;\"><span style=\"color: #000080;\"><em><strong>Peter Heijkoop, alcalde de Leiden, dijo: \u201cEs un honor que Villa Rameau, con su historia \u00fanica y su importancia central en Leiden, ahora forme parte de la colecci\u00f3n de casas en miniatura de KLM. Esta casa cuenta una parte importante de la historia de Leiden, desde los Peregrinos hasta la resistencia. Estamos orgullosos de que esta historia se comparta con el mundo de esta manera tan especial.\u201d<\/strong><\/em><\/span><\/p>\n<p>F\/ KLM<\/p>\n","protected":false},"excerpt":{"rendered":"<p>\u00a0CON UNA CASA ESPECIAL DE PORCELANA DELFT BLUE EN EL CORAZ\u00d3N DE LEIDEN HOLANDA\/14\/10\/2025.- KLM celebra su 106\u00ba aniversario con la revelaci\u00f3n de una nueva casita de porcelana Delft: una r\u00e9plica de la antigua residencia del sacrist\u00e1n, la Villa Rameau, situada junto a la iglesia Pieterskerk en la ciudad de Leiden, Pa\u00edses Bajos. Fue all\u00ed que Los Peregrinos se alojaron durante doce a\u00f1os antes de partir rumbo a Am\u00e9rica en el barco Mayflower en el a\u00f1o 1620. 106 a\u00f1os de v\u00ednculos transatl\u00e1nticos: de los Peregrinos a Joint Venture El viaje de los Peregrinos dio inicio a una conexi\u00f3n duradera a&#8230;<\/p>\n","protected":false},"author":1,"featured_media":68153,"comment_status":"open","ping_status":"open","sticky":false,"template":"","format":"standard","meta":{"footnotes":""},"categories":[4,84],"tags":[11846,10219,2982],"class_list":["post-68152","post","type-post","status-publish","format-standard","has-post-thumbnail","hentry","category-breaking-news","category-internacionales","tag-elenatejeradirectora","tag-semanarioturistamagazine","tag-klm"],"_links":{"self":[{"href":"https:\/\/www.turistamagazine.com\/v2\/index.php?rest_route=\/wp\/v2\/posts\/68152","targetHints":{"allow":["GET"]}}],"collection":[{"href":"https:\/\/www.turistamagazine.com\/v2\/index.php?rest_route=\/wp\/v2\/posts"}],"about":[{"href":"https:\/\/www.turistamagazine.com\/v2\/index.php?rest_route=\/wp\/v2\/types\/post"}],"author":[{"embeddable":true,"href":"https:\/\/www.turistamagazine.com\/v2\/index.php?rest_route=\/wp\/v2\/users\/1"}],"replies":[{"embeddable":true,"href":"https:\/\/www.turistamagazine.com\/v2\/index.php?rest_route=%2Fwp%2Fv2%2Fcomments&post=68152"}],"version-history":[{"count":1,"href":"https:\/\/www.turistamagazine.com\/v2\/index.php?rest_route=\/wp\/v2\/posts\/68152\/revisions"}],"predecessor-version":[{"id":68154,"href":"https:\/\/www.turistamagazine.com\/v2\/index.php?rest_route=\/wp\/v2\/posts\/68152\/revisions\/68154"}],"wp:featuredmedia":[{"embeddable":true,"href":"https:\/\/www.turistamagazine.com\/v2\/index.php?rest_route=\/wp\/v2\/media\/68153"}],"wp:attachment":[{"href":"https:\/\/www.turistamagazine.com\/v2\/index.php?rest_route=%2Fwp%2Fv2%2Fmedia&parent=68152"}],"wp:term":[{"taxonomy":"category","embeddable":true,"href":"https:\/\/www.turistamagazine.com\/v2\/index.php?rest_route=%2Fwp%2Fv2%2Fcategories&post=68152"},{"taxonomy":"post_tag","embeddable":true,"href":"https:\/\/www.turistamagazine.com\/v2\/index.php?rest_route=%2Fwp%2Fv2%2Ftags&post=68152"}],"curies":[{"name":"wp","href":"https:\/\/api.w.org\/{rel}","templated":true}]}}