{"id":68015,"date":"2025-10-03T16:23:49","date_gmt":"2025-10-03T21:23:49","guid":{"rendered":"https:\/\/www.turistamagazine.com\/v2\/?p=68015"},"modified":"2025-10-03T16:23:49","modified_gmt":"2025-10-03T21:23:49","slug":"gloria-guevara-resalta-en-cumbre-de-wttc-la-apuesta-de-rainieri-por-el-sector-hotelero","status":"publish","type":"post","link":"https:\/\/www.turistamagazine.com\/v2\/?p=68015","title":{"rendered":"GLORIA GUEVARA RESALTA EN CUMBRE DE WTTC LA APUESTA DE RAINIERI POR EL SECTOR HOTELERO"},"content":{"rendered":"<p style=\"text-align: justify;\"><span style=\"color: #333399;\"><em><strong>Rep\u00fablica Dominicana\/03\/10\/2025.-La directora general interina del Consejo Mundial de Viajes y Turismo (WTTC), Gloria Guevara, destac\u00f3 el notable crecimiento que ha tenido la Rep\u00fablica Dominicana en materia de turismo, resaltando el trabajo conjunto entre el sector p\u00fablico y privado, as\u00ed como la generaci\u00f3n de empleos que se est\u00e1 generando en el pa\u00eds.<\/strong><\/em><\/span><\/p>\n<p style=\"text-align: justify;\"><span style=\"color: #333399;\"><em><strong>\u201cEn el caso de Rep\u00fablica Dominicana, pues han hecho muy buen trabajo. Los empresarios han generado empleos de manera significativa\u201d, afirm\u00f3 Guevara en el marco de la apertura de la 25\u00aa Cumbre Global del Consejo Mundial de Viajes y Turismo que se celebr\u00f3 en Roma, Italia.<\/strong><\/em><\/span><\/p>\n<p style=\"text-align: justify;\"><span style=\"color: #333399;\"><em><strong>En ese sentido, la directora general de la WTTC, puso de ejemplo al empresario tur\u00edstico Frank Rainieri y al Grupo Chapur, quienes han apostado por el desarrollo hotelero del pa\u00eds.<\/strong><\/em><\/span><\/p>\n<p style=\"text-align: justify;\"><span style=\"color: #333399;\"><em><strong>Chapur est\u00e1n invirtiendo de forma importante. Han construido un hotel de m\u00e1s de 2,000 cuartos en Rep\u00fablica Dominicana\u201d, destac\u00f3 Guevara, quien se\u00f1al\u00f3 que este tipo de proyectos requiere de una gran cantidad de talento humano capacitado.<\/strong><\/em><\/span><\/p>\n<p style=\"text-align: justify;\"><span style=\"color: #333399;\"><em><strong>La ejecutiva entiende que uno de los grandes retos del sector ser\u00e1 precisamente contar con el capital humano necesario para llenar los miles de nuevos puestos que se est\u00e1n generando en el pa\u00eds. \u201cObviamente, este talento va a ser fundamental para poder llenar esos puestos.<\/strong><\/em><\/span><\/p>\n<p style=\"text-align: justify;\"><span style=\"color: #333399;\"><em><strong>Guevara exhort\u00f3 al pa\u00eds seguir trabajando de la mano y fortalecer la colaboraci\u00f3n entre el gobierno, las instituciones educativas y el sector privado.<\/strong><\/em><\/span><\/p>\n<p>F\/ aerocca<\/p>\n<p style=\"text-align: justify;\">\n","protected":false},"excerpt":{"rendered":"<p>Rep\u00fablica Dominicana\/03\/10\/2025.-La directora general interina del Consejo Mundial de Viajes y Turismo (WTTC), Gloria Guevara, destac\u00f3 el notable crecimiento que ha tenido la Rep\u00fablica Dominicana en materia de turismo, resaltando el trabajo conjunto entre el sector p\u00fablico y privado, as\u00ed como la generaci\u00f3n de empleos que se est\u00e1 generando en el pa\u00eds. \u201cEn el caso de Rep\u00fablica Dominicana, pues han hecho muy buen trabajo. Los empresarios han generado empleos de manera significativa\u201d, afirm\u00f3 Guevara en el marco de la apertura de la 25\u00aa Cumbre Global del Consejo Mundial de Viajes y Turismo que se celebr\u00f3 en Roma, Italia. En ese&#8230;<\/p>\n","protected":false},"author":1,"featured_media":66500,"comment_status":"open","ping_status":"open","sticky":false,"template":"","format":"standard","meta":{"footnotes":""},"categories":[4,84],"tags":[11846,10172,10219,5604],"class_list":["post-68015","post","type-post","status-publish","format-standard","has-post-thumbnail","hentry","category-breaking-news","category-internacionales","tag-elenatejeradirectora","tag-gloriaguevara","tag-semanarioturistamagazine","tag-wttc"],"_links":{"self":[{"href":"https:\/\/www.turistamagazine.com\/v2\/index.php?rest_route=\/wp\/v2\/posts\/68015","targetHints":{"allow":["GET"]}}],"collection":[{"href":"https:\/\/www.turistamagazine.com\/v2\/index.php?rest_route=\/wp\/v2\/posts"}],"about":[{"href":"https:\/\/www.turistamagazine.com\/v2\/index.php?rest_route=\/wp\/v2\/types\/post"}],"author":[{"embeddable":true,"href":"https:\/\/www.turistamagazine.com\/v2\/index.php?rest_route=\/wp\/v2\/users\/1"}],"replies":[{"embeddable":true,"href":"https:\/\/www.turistamagazine.com\/v2\/index.php?rest_route=%2Fwp%2Fv2%2Fcomments&post=68015"}],"version-history":[{"count":1,"href":"https:\/\/www.turistamagazine.com\/v2\/index.php?rest_route=\/wp\/v2\/posts\/68015\/revisions"}],"predecessor-version":[{"id":68040,"href":"https:\/\/www.turistamagazine.com\/v2\/index.php?rest_route=\/wp\/v2\/posts\/68015\/revisions\/68040"}],"wp:featuredmedia":[{"embeddable":true,"href":"https:\/\/www.turistamagazine.com\/v2\/index.php?rest_route=\/wp\/v2\/media\/66500"}],"wp:attachment":[{"href":"https:\/\/www.turistamagazine.com\/v2\/index.php?rest_route=%2Fwp%2Fv2%2Fmedia&parent=68015"}],"wp:term":[{"taxonomy":"category","embeddable":true,"href":"https:\/\/www.turistamagazine.com\/v2\/index.php?rest_route=%2Fwp%2Fv2%2Fcategories&post=68015"},{"taxonomy":"post_tag","embeddable":true,"href":"https:\/\/www.turistamagazine.com\/v2\/index.php?rest_route=%2Fwp%2Fv2%2Ftags&post=68015"}],"curies":[{"name":"wp","href":"https:\/\/api.w.org\/{rel}","templated":true}]}}