{"id":67945,"date":"2025-09-19T13:14:17","date_gmt":"2025-09-19T18:14:17","guid":{"rendered":"https:\/\/www.turistamagazine.com\/v2\/?p=67945"},"modified":"2025-09-19T13:14:17","modified_gmt":"2025-09-19T18:14:17","slug":"peru-participara-en-iftm-la-feria-turistica-mas-importante-de-francia","status":"publish","type":"post","link":"https:\/\/www.turistamagazine.com\/v2\/?p=67945","title":{"rendered":"PER\u00da PARTICIPAR\u00c1 EN IFTM, LA FERIA TUR\u00cdSTICA M\u00c1S IMPORTANTE DE FRANCIA"},"content":{"rendered":"<p style=\"text-align: justify;\"><span style=\"color: #333399;\"><em><strong>Del 23 al 25 de septiembre se exhibir\u00e1 lo mejor de la oferta tur\u00edstica peruana con el objetivo de posicionar al Per\u00fa como un destino imprescindible en el mercado franc\u00e9s.<\/strong><\/em><\/span><\/p>\n<p style=\"text-align: justify;\">\n<p style=\"text-align: justify;\"><span style=\"color: #333399;\"><em><strong>LIMA\/PERU\/19\/09\/2027.-La Comisi\u00f3n de Promoci\u00f3n del Per\u00fa para la Exportaci\u00f3n y el Turismo (PROMPER\u00da), junto a 12 empresas peruanas, se prepara para participar en la feria de turismo m\u00e1s importante de Francia: IFTM 2025. Del 23 al 25 de septiembre, nuestro pa\u00eds exhibir\u00e1 su variada oferta tur\u00edstica con el fin de reconfirmar su papel como un destino imprescindible en el mercado franc\u00e9s. Durante los tres d\u00edas, se presentar\u00e1n las novedades tur\u00edsticas con un \u00e9nfasis en los segmentos de aventura, cultura, naturaleza, turismo comunitario y gastronom\u00eda.<\/strong><\/em><\/span><\/p>\n<p style=\"text-align: justify;\"><span style=\"color: #333399;\"><em><strong>Como parte de esta importante participaci\u00f3n, se busca tambi\u00e9n diversificar los destinos tur\u00edsticos del Per\u00fa, promoviendo regiones como Amazonas, \u00c1ncash, Lambayeque, La Libertad y Madre de Dios, ampliando as\u00ed la oferta m\u00e1s all\u00e1 de los circuitos tradicionales. Esta estrategia permite mostrar la riqueza y variedad del pa\u00eds, fomentando un turismo m\u00e1s descentralizado y sostenible.<\/strong><\/em><\/span><\/p>\n<p style=\"text-align: justify;\"><span style=\"color: #333399;\"><em><strong>Con el prop\u00f3sito de ofrecer una experiencia inmersiva, el stand de 120 m2 de Per\u00fa contar\u00e1 con activaciones diarias dise\u00f1adas para conectar emocionalmente con el p\u00fablico profesional franc\u00e9s. Adem\u00e1s, la gastronom\u00eda peruana ser\u00e1 otro gran protagonista, ya que se ofrecer\u00e1n degustaciones de productos como el caf\u00e9, el pisco y el chocolate, as\u00ed como de platos t\u00edpicos, como el ceviche y la causa. Cabe mencionar que al final de los tres d\u00edas, se realizar\u00e1 la puesta en escena de expresiones art\u00edsticas como la pandilla y la marinera pune\u00f1a, diablada y la morenada.<\/strong><\/em><\/span><\/p>\n<p style=\"text-align: justify;\"><span style=\"color: #333399;\"><em><strong>La participaci\u00f3n en eventos como IFTM 2025 evidencia el compromiso del MINCETUR, a trav\u00e9s de PROMPER\u00da, con la promoci\u00f3n del turismo receptivo, el cual tiene un rol clave en nuestra econom\u00eda. Este tipo de turismo tiene un impacto econ\u00f3mico positivo en todos los niveles de la industria, beneficiando no solo a los actores directos del sector, sino tambi\u00e9n a las comunidades locales, lo cual contribuye a un desarrollo m\u00e1s equitativo y sostenible en todo el Per\u00fa.<\/strong><\/em><\/span><\/p>\n<p>F\/<span style=\"color: #333399;\"><em><strong>PROMPER\u00da<\/strong><\/em><\/span><\/p>\n<p style=\"text-align: justify;\">\n","protected":false},"excerpt":{"rendered":"<p>Del 23 al 25 de septiembre se exhibir\u00e1 lo mejor de la oferta tur\u00edstica peruana con el objetivo de posicionar al Per\u00fa como un destino imprescindible en el mercado franc\u00e9s. LIMA\/PERU\/19\/09\/2027.-La Comisi\u00f3n de Promoci\u00f3n del Per\u00fa para la Exportaci\u00f3n y el Turismo (PROMPER\u00da), junto a 12 empresas peruanas, se prepara para participar en la feria de turismo m\u00e1s importante de Francia: IFTM 2025. Del 23 al 25 de septiembre, nuestro pa\u00eds exhibir\u00e1 su variada oferta tur\u00edstica con el fin de reconfirmar su papel como un destino imprescindible en el mercado franc\u00e9s. Durante los tres d\u00edas, se presentar\u00e1n las novedades tur\u00edsticas&#8230;<\/p>\n","protected":false},"author":1,"featured_media":67946,"comment_status":"open","ping_status":"open","sticky":false,"template":"","format":"standard","meta":{"footnotes":""},"categories":[4,82],"tags":[11846,10219,13560,349],"class_list":["post-67945","post","type-post","status-publish","format-standard","has-post-thumbnail","hentry","category-breaking-news","category-nacionales","tag-elenatejeradirectora","tag-semanarioturistamagazine","tag-iftm-2025","tag-promperu"],"_links":{"self":[{"href":"https:\/\/www.turistamagazine.com\/v2\/index.php?rest_route=\/wp\/v2\/posts\/67945","targetHints":{"allow":["GET"]}}],"collection":[{"href":"https:\/\/www.turistamagazine.com\/v2\/index.php?rest_route=\/wp\/v2\/posts"}],"about":[{"href":"https:\/\/www.turistamagazine.com\/v2\/index.php?rest_route=\/wp\/v2\/types\/post"}],"author":[{"embeddable":true,"href":"https:\/\/www.turistamagazine.com\/v2\/index.php?rest_route=\/wp\/v2\/users\/1"}],"replies":[{"embeddable":true,"href":"https:\/\/www.turistamagazine.com\/v2\/index.php?rest_route=%2Fwp%2Fv2%2Fcomments&post=67945"}],"version-history":[{"count":1,"href":"https:\/\/www.turistamagazine.com\/v2\/index.php?rest_route=\/wp\/v2\/posts\/67945\/revisions"}],"predecessor-version":[{"id":67947,"href":"https:\/\/www.turistamagazine.com\/v2\/index.php?rest_route=\/wp\/v2\/posts\/67945\/revisions\/67947"}],"wp:featuredmedia":[{"embeddable":true,"href":"https:\/\/www.turistamagazine.com\/v2\/index.php?rest_route=\/wp\/v2\/media\/67946"}],"wp:attachment":[{"href":"https:\/\/www.turistamagazine.com\/v2\/index.php?rest_route=%2Fwp%2Fv2%2Fmedia&parent=67945"}],"wp:term":[{"taxonomy":"category","embeddable":true,"href":"https:\/\/www.turistamagazine.com\/v2\/index.php?rest_route=%2Fwp%2Fv2%2Fcategories&post=67945"},{"taxonomy":"post_tag","embeddable":true,"href":"https:\/\/www.turistamagazine.com\/v2\/index.php?rest_route=%2Fwp%2Fv2%2Ftags&post=67945"}],"curies":[{"name":"wp","href":"https:\/\/api.w.org\/{rel}","templated":true}]}}