{"id":67917,"date":"2025-09-16T17:13:30","date_gmt":"2025-09-16T22:13:30","guid":{"rendered":"https:\/\/www.turistamagazine.com\/v2\/?p=67917"},"modified":"2025-09-16T17:14:29","modified_gmt":"2025-09-16T22:14:29","slug":"asotur-restablecer-el-orden-y-construir-el-futuro-de-machu-picchu-es-tarea-de-todos","status":"publish","type":"post","link":"https:\/\/www.turistamagazine.com\/v2\/?p=67917","title":{"rendered":"ASOTUR: RESTABLECER EL ORDEN Y CONSTRUIR EL FUTURO DE MACHU PICCHU ES TAREA DE TODOS"},"content":{"rendered":"<p style=\"text-align: center;\"><span style=\"color: #333399;\"><em><strong>COMUNICADO<\/strong><\/em><\/span><\/p>\n<p style=\"text-align: justify;\"><span style=\"color: #333399;\"><em><strong>La Asociaci\u00f3n de Turismo expresa su firme rechazo a todo acto de violencia que ponga en riesgo la integridad de las personas y la continuidad de las actividades en Machu Picchu y su \u00e1rea de influencia. Reafirmamos la necesidad de restablecer de inmediato el Estado de derecho en esta zona estrat\u00e9gica para el pa\u00eds.<\/strong><\/em><\/span><\/p>\n<p style=\"text-align: justify;\"><span style=\"color: #333399;\"><em><strong>Exigimos que las autoridades implementen un protocolo de seguridad permanente que brinde confianza a la poblaci\u00f3n local, visitantes y actores del sector, mientras se alcanzan condiciones de estabilidad. Al mismo tiempo, solicitamos la identificaci\u00f3n y sanci\u00f3n de los responsables intelectuales y materiales de los hechos ocurridos, con el fin de garantizar que no se repitan.<\/strong><\/em><\/span><\/p>\n<p style=\"text-align: justify;\"><span style=\"color: #333399;\"><em><strong>Consideramos fundamental que la problem\u00e1tica se aborde desde la ra\u00edz, con una visi\u00f3n estructural y de largo plazo. Para ello, el Estado debe convocar y visibilizar a los gremios representativos del turismo, promoviendo un espacio de trabajo conjunto con micro, peque\u00f1as, medianas y grandes empresas, que permita dise\u00f1ar pol\u00edticas y acciones integrales.<\/strong><\/em><\/span><\/p>\n<p style=\"text-align: justify;\"><span style=\"color: #333399;\"><em><strong>En ese sentido, demandamos acciones concretas de cada instituci\u00f3n dentro de su \u00e1mbito de <\/strong><\/em><\/span><span style=\"color: #333399;\"><em><strong>responsabilidad:<\/strong><\/em><\/span><\/p>\n<ul style=\"text-align: justify;\">\n<li><span style=\"color: #333399;\"><em><strong>MINCETUR: liderar la articulaci\u00f3n sectorial y garantizar la competitividad tur\u00edstica.<\/strong><\/em><\/span><\/li>\n<li><span style=\"color: #333399;\"><em><strong>Ministerio de Cultura: preservar y salvaguardar el patrimonio cultural y la experiencia de <\/strong><\/em><\/span><em style=\"color: #333399;\"><strong>los visitantes en Machu Picchu.<\/strong><\/em><\/li>\n<\/ul>\n<ul style=\"text-align: justify;\">\n<li><span style=\"color: #333399;\"><em><strong>Municipalidad Provincial de Urubamba: fortalecer la gesti\u00f3n territorial, la seguridad local <\/strong><\/em><\/span><em style=\"color: #333399;\"><strong>y el ordenamiento de actividades vinculadas al destino.<\/strong><\/em><\/li>\n<\/ul>\n<p style=\"text-align: justify;\"><span style=\"color: #800080;\"><em><strong>Planteamos que las soluciones se construyan en tres horizontes:<\/strong><\/em><\/span><\/p>\n<ul style=\"text-align: justify;\">\n<li><span style=\"color: #333399;\"><em><strong>Corto plazo: restablecimiento inmediato de la seguridad y protocolos de atenci\u00f3n a visitantes y operadores.<\/strong><\/em><\/span><\/li>\n<li><span style=\"color: #333399;\"><em><strong>Mediano plazo: implementaci\u00f3n de mesas de trabajo interinstitucionales con participaci\u00f3n de gremios y autoridades, que atiendan las necesidades de las MYPEs, operadores locales y empresas de todos los tama\u00f1os.<\/strong><\/em><\/span><\/li>\n<li><span style=\"color: #333399;\"><em><strong>Largo plazo: desarrollo de una pol\u00edtica sostenida que garantice la competitividad del <\/strong><\/em><\/span><em style=\"color: #333399;\"><strong>destino Machu Picchu, su sostenibilidad y el bienestar de las comunidades vinculadas.<\/strong><\/em><\/li>\n<\/ul>\n<p style=\"text-align: justify;\"><span style=\"color: #333399;\"><em><strong>El sector turismo requiere unidad, visi\u00f3n de futuro y decisiones firmes. Reiteramos nuestro <\/strong><\/em><\/span><span style=\"color: #333399;\"><em><strong>compromiso de aportar los mejores cuadros t\u00e9cnicos y profesionales para construir, junto al <\/strong><\/em><\/span><span style=\"color: #333399;\"><em><strong>Estado y las autoridades competentes, las condiciones necesarias que aseguren el desarrollo <\/strong><\/em><\/span><span style=\"color: #333399;\"><em><strong>sostenible de Machu Picchu y de toda su cadena de valor.<\/strong><\/em><\/span><\/p>\n<p style=\"text-align: justify;\"><span style=\"color: #333399;\"><em><strong>Lima, 16 de septiembre de 2025<\/strong><\/em><\/span><\/p>\n<p style=\"text-align: justify;\"><span style=\"color: #333399;\"><em><strong>Junta Directiva<\/strong><\/em><\/span><\/p>\n<p style=\"text-align: justify;\"><span style=\"color: #333399;\"><em><strong>ASOTUR \u2013 Asociaci\u00f3n de Operadores de Turismo del Per\u00fa<\/strong><\/em><\/span><\/p>\n","protected":false},"excerpt":{"rendered":"<p>COMUNICADO La Asociaci\u00f3n de Turismo expresa su firme rechazo a todo acto de violencia que ponga en riesgo la integridad de las personas y la continuidad de las actividades en Machu Picchu y su \u00e1rea de influencia. Reafirmamos la necesidad de restablecer de inmediato el Estado de derecho en esta zona estrat\u00e9gica para el pa\u00eds. Exigimos que las autoridades implementen un protocolo de seguridad permanente que brinde confianza a la poblaci\u00f3n local, visitantes y actores del sector, mientras se alcanzan condiciones de estabilidad. Al mismo tiempo, solicitamos la identificaci\u00f3n y sanci\u00f3n de los responsables intelectuales y materiales de los hechos&#8230;<\/p>\n","protected":false},"author":1,"featured_media":58407,"comment_status":"open","ping_status":"open","sticky":false,"template":"","format":"standard","meta":{"footnotes":""},"categories":[4,82],"tags":[11846,10219,9934,134,168],"class_list":["post-67917","post","type-post","status-publish","format-standard","has-post-thumbnail","hentry","category-breaking-news","category-nacionales","tag-elenatejeradirectora","tag-semanarioturistamagazine","tag-asotur-peru","tag-cusco","tag-machu-picchu"],"_links":{"self":[{"href":"https:\/\/www.turistamagazine.com\/v2\/index.php?rest_route=\/wp\/v2\/posts\/67917","targetHints":{"allow":["GET"]}}],"collection":[{"href":"https:\/\/www.turistamagazine.com\/v2\/index.php?rest_route=\/wp\/v2\/posts"}],"about":[{"href":"https:\/\/www.turistamagazine.com\/v2\/index.php?rest_route=\/wp\/v2\/types\/post"}],"author":[{"embeddable":true,"href":"https:\/\/www.turistamagazine.com\/v2\/index.php?rest_route=\/wp\/v2\/users\/1"}],"replies":[{"embeddable":true,"href":"https:\/\/www.turistamagazine.com\/v2\/index.php?rest_route=%2Fwp%2Fv2%2Fcomments&post=67917"}],"version-history":[{"count":1,"href":"https:\/\/www.turistamagazine.com\/v2\/index.php?rest_route=\/wp\/v2\/posts\/67917\/revisions"}],"predecessor-version":[{"id":67918,"href":"https:\/\/www.turistamagazine.com\/v2\/index.php?rest_route=\/wp\/v2\/posts\/67917\/revisions\/67918"}],"wp:featuredmedia":[{"embeddable":true,"href":"https:\/\/www.turistamagazine.com\/v2\/index.php?rest_route=\/wp\/v2\/media\/58407"}],"wp:attachment":[{"href":"https:\/\/www.turistamagazine.com\/v2\/index.php?rest_route=%2Fwp%2Fv2%2Fmedia&parent=67917"}],"wp:term":[{"taxonomy":"category","embeddable":true,"href":"https:\/\/www.turistamagazine.com\/v2\/index.php?rest_route=%2Fwp%2Fv2%2Fcategories&post=67917"},{"taxonomy":"post_tag","embeddable":true,"href":"https:\/\/www.turistamagazine.com\/v2\/index.php?rest_route=%2Fwp%2Fv2%2Ftags&post=67917"}],"curies":[{"name":"wp","href":"https:\/\/api.w.org\/{rel}","templated":true}]}}