{"id":67866,"date":"2025-09-11T18:38:23","date_gmt":"2025-09-11T23:38:23","guid":{"rendered":"https:\/\/www.turistamagazine.com\/v2\/?p=67866"},"modified":"2025-09-11T18:38:23","modified_gmt":"2025-09-11T23:38:23","slug":"apavit-fiavit-2025-espera-superar-los-s-16-millones-de-soles-en-negocios-comerciales","status":"publish","type":"post","link":"https:\/\/www.turistamagazine.com\/v2\/?p=67866","title":{"rendered":"APAVIT: FIAVIT 2025 ESPERA SUPERAR LOS S\/.16 MILLONES DE SOLES EN NEGOCIOS COMERCIALES"},"content":{"rendered":"<p style=\"text-align: justify;\"><span style=\"color: #333399;\"><em><strong>BARRANCO\/PERI\/11\/09\/2025.-El presidente de la Asociaci\u00f3n Peruana de Agencias de Viajes y Turismo (APAVIT), Ricardo Acosta anunci\u00f3 que 15 compradores internacionales, (agencias de viajes) procedentes de Panam\u00e1 (8) y Costa Rica (7), participar\u00e1n en la VIII Feria Nacional e Internacional de Turismo (FIAVIT 2025) a desarrollarse del 11 al 12 de septiembre en el Museo de Arte Contempor\u00e1neo (MAC) de Barranco, en Lima.<\/strong><\/em><\/span><\/p>\n<p style=\"text-align: justify;\"><span style=\"color: #333399;\"><em><strong>Las agencias de viajes de Panam\u00e1 sn: Allegro Tours, Fidanque Travel, Pan Alliance, Viajes Jazm\u00edne, Viajes Gloria M\u00e9ndez, Magna Tours, Viajes Anita y Mega Travel Panam\u00e1.<\/strong><\/em><\/span><\/p>\n<p style=\"text-align: justify;\"><span style=\"color: #333399;\"><em><strong>Por su parte, Costa Rica se hace presente con Obelisko Mayorista de Viajes, JM Viajes, EASA Mayorista de Viajes, RTM Viajes, SIVETUR, Via Punto y LIM TRAVEL AGENCY.<\/strong><\/em><\/span><\/p>\n<p style=\"text-align: justify;\"><span style=\"color: #333399;\"><em><strong>El presidente de Apavit, Ricardo Acosta, estim\u00f3 que la feria proyecta recibir a m\u00e1s de 2,500 visitantes, mejorando la cifra alcanzada en la edici\u00f3n anterior, que registr\u00f3 1,300 asistentes.<\/strong><\/em><\/span><\/p>\n<p style=\"text-align: justify;\"><span style=\"color: #333399;\"><em><strong>Asimismo, confirm\u00f3 la asistencia de 165 expositores, cifra que sobrepasa la estimaci\u00f3n inicial. Del total, aproximadamente el 70 por ciento corresponde a empresas nacionales y el 30 por ciento a entidades extranjeras.<\/strong><\/em><\/span><\/p>\n<p style=\"text-align: justify;\"><span style=\"color: #333399;\"><em><strong>Entre las delegaciones extranjeras presentes destacan representantes de Argentina, Brasil, Aruba, El Salvador, Bolivia, Espa\u00f1a, Estados Unidos y Ecuador.<\/strong><\/em><\/span><\/p>\n<p style=\"text-align: justify;\"><span style=\"color: #333399;\"><em><strong>Asimismo, participar\u00e1n 17 operadores tur\u00edsticos de Centroam\u00e9rica como expositores.<\/strong><\/em><\/span><\/p>\n<p style=\"text-align: justify;\"><span style=\"color: #333399;\"><em><strong>Acosta destac\u00f3 el respaldo de PromPer\u00fa, que dispondr\u00e1 de 70 stands para expositores provenientes de distintas regiones del pa\u00eds, quienes exhibir\u00e1n su oferta tur\u00edstica ante los visitantes y compradores internacionales.<\/strong><\/em><\/span><\/p>\n<p style=\"text-align: justify;\"><span style=\"color: #333399;\"><em><strong>En lo referente negocios comerciales a concretarse, se prev\u00e9 superar los S\/ 16 millones en compromisos de ventas, monto que supera los S\/ 15 millones alcanzados en la edici\u00f3n 2024.<\/strong><\/em><\/span><\/p>\n<p style=\"text-align: justify;\"><span style=\"color: #333399;\"><em><strong>Durante la feria, se presentar\u00e1n nuevas tendencias del sector, destinos tur\u00edsticos emergentes, experiencias innovadoras, paquetes especializados y promociones dirigidas al mercado nacional e internacional.<\/strong><\/em><\/span><\/p>\n<p style=\"text-align: justify;\"><span style=\"color: #333399;\"><em><strong>Entre los expositores figuran aerol\u00edneas, agencias mayoristas, empresas de asistencia al viajero, cruceros, hospedajes, municipalidades, operadores tur\u00edsticos, embajadas, restaurantes, gremios empresariales, servicios de transporte y organismos vinculados al turismo.<\/strong><\/em><\/span><\/p>\n<p style=\"text-align: justify;\"><span style=\"color: #333399;\"><em><strong>Como parte de las actividades programadas, la organizaci\u00f3n anunci\u00f3 que se sortear\u00e1n tres motocicletas entre los asistentes a la feria.<\/strong><\/em><\/span><\/p>\n<p style=\"text-align: justify;\"><span style=\"color: #333399;\"><em><strong>\u201cHabr\u00e1 muchas ofertas, novedades y sorpresas. La feria busca consolidarse como una de las principales vitrinas comerciales del turismo en el pa\u00eds\u201d, finaliz\u00f3.<\/strong><\/em><\/span><\/p>\n","protected":false},"excerpt":{"rendered":"<p>BARRANCO\/PERI\/11\/09\/2025.-El presidente de la Asociaci\u00f3n Peruana de Agencias de Viajes y Turismo (APAVIT), Ricardo Acosta anunci\u00f3 que 15 compradores internacionales, (agencias de viajes) procedentes de Panam\u00e1 (8) y Costa Rica (7), participar\u00e1n en la VIII Feria Nacional e Internacional de Turismo (FIAVIT 2025) a desarrollarse del 11 al 12 de septiembre en el Museo de Arte Contempor\u00e1neo (MAC) de Barranco, en Lima. Las agencias de viajes de Panam\u00e1 sn: Allegro Tours, Fidanque Travel, Pan Alliance, Viajes Jazm\u00edne, Viajes Gloria M\u00e9ndez, Magna Tours, Viajes Anita y Mega Travel Panam\u00e1. Por su parte, Costa Rica se hace presente con Obelisko Mayorista de&#8230;<\/p>\n","protected":false},"author":1,"featured_media":67867,"comment_status":"open","ping_status":"open","sticky":false,"template":"","format":"standard","meta":{"footnotes":""},"categories":[4,82],"tags":[11846,10219,13545,6846],"class_list":["post-67866","post","type-post","status-publish","format-standard","has-post-thumbnail","hentry","category-breaking-news","category-nacionales","tag-elenatejeradirectora","tag-semanarioturistamagazine","tag-fiavit-2025","tag-ricardo-acosta"],"_links":{"self":[{"href":"https:\/\/www.turistamagazine.com\/v2\/index.php?rest_route=\/wp\/v2\/posts\/67866","targetHints":{"allow":["GET"]}}],"collection":[{"href":"https:\/\/www.turistamagazine.com\/v2\/index.php?rest_route=\/wp\/v2\/posts"}],"about":[{"href":"https:\/\/www.turistamagazine.com\/v2\/index.php?rest_route=\/wp\/v2\/types\/post"}],"author":[{"embeddable":true,"href":"https:\/\/www.turistamagazine.com\/v2\/index.php?rest_route=\/wp\/v2\/users\/1"}],"replies":[{"embeddable":true,"href":"https:\/\/www.turistamagazine.com\/v2\/index.php?rest_route=%2Fwp%2Fv2%2Fcomments&post=67866"}],"version-history":[{"count":1,"href":"https:\/\/www.turistamagazine.com\/v2\/index.php?rest_route=\/wp\/v2\/posts\/67866\/revisions"}],"predecessor-version":[{"id":67868,"href":"https:\/\/www.turistamagazine.com\/v2\/index.php?rest_route=\/wp\/v2\/posts\/67866\/revisions\/67868"}],"wp:featuredmedia":[{"embeddable":true,"href":"https:\/\/www.turistamagazine.com\/v2\/index.php?rest_route=\/wp\/v2\/media\/67867"}],"wp:attachment":[{"href":"https:\/\/www.turistamagazine.com\/v2\/index.php?rest_route=%2Fwp%2Fv2%2Fmedia&parent=67866"}],"wp:term":[{"taxonomy":"category","embeddable":true,"href":"https:\/\/www.turistamagazine.com\/v2\/index.php?rest_route=%2Fwp%2Fv2%2Fcategories&post=67866"},{"taxonomy":"post_tag","embeddable":true,"href":"https:\/\/www.turistamagazine.com\/v2\/index.php?rest_route=%2Fwp%2Fv2%2Ftags&post=67866"}],"curies":[{"name":"wp","href":"https:\/\/api.w.org\/{rel}","templated":true}]}}