{"id":67855,"date":"2025-09-10T18:13:19","date_gmt":"2025-09-10T23:13:19","guid":{"rendered":"https:\/\/www.turistamagazine.com\/v2\/?p=67855"},"modified":"2025-09-10T18:13:19","modified_gmt":"2025-09-10T23:13:19","slug":"apotur-la-imagen-negativa-del-peru-es-increible-desaciertos-falta-de-planificacion-estan-generando-una-serie-de-conflictos","status":"publish","type":"post","link":"https:\/\/www.turistamagazine.com\/v2\/?p=67855","title":{"rendered":"APOTUR: \u201cLA IMAGEN NEGATIVA DEL PER\u00da ES INCRE\u00cdBLE. DESACIERTOS FALTA DE PLANIFICACI\u00d3N EST\u00c1N GENERANDO UNA SERIE DE CONFLICTOS"},"content":{"rendered":"<p style=\"text-align: center;\"><span style=\"color: #333399;\"><em><strong>Decisiones pol\u00edticas sobre el manejo del transporte de pasajeros a Machu Picchu repercute en contra de una mayor visita de turistas nacionales y extranjeros<\/strong><\/em><\/span><\/p>\n<p style=\"text-align: justify;\"><span style=\"color: #333399;\"><em><strong>CUSCO\/PERU\/10\/09\/2025.-La presidenta de la Asociaci\u00f3n Peruana de Operadores de Turismo Receptivo e Interno (APOTUR), Claudia Medina advirti\u00f3 que los recientes acontecimientos entre las autoridades gubernamentales con la empresa Consettur y el nuevo operador perjudica la actividad tur\u00edstica el transporte de pasajeros al Santuario Hist\u00f3rico de Machu Picchu.<\/strong><\/em><\/span><\/p>\n<p style=\"text-align: justify;\"><span style=\"color: #333399;\"><em><strong>Tras una posible paralizaci\u00f3n de labores en Machu Picchu, sostuvo que el turista no recibir\u00eda el servicio respectivo, hecho que se traduce en p\u00e9rdida de clientes en el exterior.<\/strong><\/em><\/span><\/p>\n<p style=\"text-align: justify;\"><span style=\"color: #333399;\"><em><strong>\u201cLa imagen negativa del Per\u00fa es incre\u00edble. estos desaciertos y la falta de planificaci\u00f3n est\u00e1n generando una serie de conflictos \u201c, puntualiz\u00f3.<\/strong><\/em><\/span><\/p>\n<p style=\"text-align: justify;\"><span style=\"color: #333399;\"><em><strong>Medina fue enf\u00e1tica al manifestar que el turista exige seguridad y APOTUR advirti\u00f3 a las autoridades regionales y no hicieron la licitaci\u00f3n correspondiente en su debido momento.<\/strong><\/em><\/span><\/p>\n<p style=\"text-align: justify;\"><span style=\"color: #333399;\"><em><strong>\u201cNosotros no tenemos inconveniente con alguna empresa u otra. Lo que queremos es un buen servicio. Hicimos la advertencia en febrero y no se hizo una licitaci\u00f3n o una adjudicaci\u00f3n de emergencia en su debido momento\u201d, manifest\u00f3.<\/strong><\/em><\/span><\/p>\n<p style=\"text-align: justify;\"><span style=\"color: #333399;\"><em><strong>La titular de APOTUR pidi\u00f3 que los choferes de la nueva empresa de transportes, San Antonio de Torontoy est\u00e9n debidamente capacitados para transportar a los turistas a Machu Picchu, teniendo en cuenta que la ruta tienes zonas de peligro, especialmente en la temporada de lluvias.Al respecto, Claudia Medina exhort\u00f3 a las autoridades competentes el conflicto y soluci\u00f3n del problema del transporte con un criterio t\u00e9cnico y sin intereses particulares, ni pol\u00edticos.<\/strong><\/em><\/span><\/p>\n<p style=\"text-align: justify;\"><span style=\"color: #333399;\"><em><strong><span style=\"color: #800080;\">\u201cMachu Picchu es de todos, de toda la humanidad y no de unos cuantos. Es de todos los peruanos. Dejemos un buen legado para todas las nuevas generaciones y hagamos que el Per\u00fa se vea en el exterior de forma responsable\u201d<\/span>, finaliz\u00f3.<\/strong><\/em><\/span><\/p>\n<p style=\"text-align: justify;\"><span style=\"color: #333399;\"><em><strong>De otra parte, la presidenta de APOTUR se pronunci\u00f3 en torno a la labor del Ministerio de Cultura al frente de Machu Picchu, indicando que sus decisiones son netamente pol\u00edticas y \u201cno est\u00e1n bien llevados\u201d, generando muchos impasses.<\/strong><\/em><\/span><\/p>\n<p style=\"text-align: justify;\"><span style=\"color: #333399;\"><em><strong>\u201cMachu Picchu es manejando por el gobierno regional, el Ministerio de Cultura y el Ministerio de Comercio Exterior y Turismo, suscit\u00e1ndose pugnas. Machu Picchu debe ser manejado de forma tur\u00edstica (MINCETUR) y no pol\u00edtica. Creo que el Ministerio de Cultura no est\u00e1 haciendo una buena labor\u201d, subray\u00f3.\u00a0<\/strong><\/em><\/span><\/p>\n<p style=\"text-align: justify;\"><span style=\"color: #333399;\"><em><strong>Al ser consultada sobre las estimaciones de la llegada de turistas extranjeros a nuestro pa\u00eds estos comportamientos dijo que no se llegar\u00e1 a la cifra estimada de 4.2 millones de turistas por una serie de acontecimientos que ahuyentan a los visitantes extranjeros en viajar al Per\u00fa.<\/strong><\/em><\/span><\/p>\n<p style=\"text-align: justify;\"><span style=\"color: #333399;\"><em><strong>Fue tajante al se\u00f1alar que no se alcanzar\u00e1 a la cifra prepandemia, ni los objetivos por la mala imagen que contribuye negativamente en redes y en la estabilidad para nuestros clientes.<\/strong><\/em><\/span><\/p>\n<p style=\"text-align: justify;\"><span style=\"color: #333399;\"><em><strong>\u201cLa gente del Cusco debe reflexionar que este panorama no es un juego. Al final, nos tiramos la evoluci\u00f3n y retrocedemos meses de avance\u201d, sentenci\u00f3 la titular de APOTUR.<\/strong><\/em><\/span><\/p>\n<p style=\"text-align: justify;\"><span style=\"color: #333399;\"><em><strong>Lima, 10 de septiembre de 2025<\/strong><\/em><\/span><\/p>\n<p style=\"text-align: justify;\"><span style=\"color: #333399;\"><em><strong>Oficina de Prensa e Imagen<\/strong><\/em><\/span><\/p>\n<p style=\"text-align: justify;\"><span style=\"color: #333399;\"><em><strong>APOTUR<\/strong><\/em><\/span><\/p>\n","protected":false},"excerpt":{"rendered":"<p>Decisiones pol\u00edticas sobre el manejo del transporte de pasajeros a Machu Picchu repercute en contra de una mayor visita de turistas nacionales y extranjeros CUSCO\/PERU\/10\/09\/2025.-La presidenta de la Asociaci\u00f3n Peruana de Operadores de Turismo Receptivo e Interno (APOTUR), Claudia Medina advirti\u00f3 que los recientes acontecimientos entre las autoridades gubernamentales con la empresa Consettur y el nuevo operador perjudica la actividad tur\u00edstica el transporte de pasajeros al Santuario Hist\u00f3rico de Machu Picchu. Tras una posible paralizaci\u00f3n de labores en Machu Picchu, sostuvo que el turista no recibir\u00eda el servicio respectivo, hecho que se traduce en p\u00e9rdida de clientes en el exterior&#8230;.<\/p>\n","protected":false},"author":1,"featured_media":67856,"comment_status":"open","ping_status":"open","sticky":false,"template":"","format":"standard","meta":{"footnotes":""},"categories":[4,82],"tags":[13455,11846,10219,168],"class_list":["post-67855","post","type-post","status-publish","format-standard","has-post-thumbnail","hentry","category-breaking-news","category-nacionales","tag-claudiamedinapresidentedeapotur","tag-elenatejeradirectora","tag-semanarioturistamagazine","tag-machu-picchu"],"_links":{"self":[{"href":"https:\/\/www.turistamagazine.com\/v2\/index.php?rest_route=\/wp\/v2\/posts\/67855","targetHints":{"allow":["GET"]}}],"collection":[{"href":"https:\/\/www.turistamagazine.com\/v2\/index.php?rest_route=\/wp\/v2\/posts"}],"about":[{"href":"https:\/\/www.turistamagazine.com\/v2\/index.php?rest_route=\/wp\/v2\/types\/post"}],"author":[{"embeddable":true,"href":"https:\/\/www.turistamagazine.com\/v2\/index.php?rest_route=\/wp\/v2\/users\/1"}],"replies":[{"embeddable":true,"href":"https:\/\/www.turistamagazine.com\/v2\/index.php?rest_route=%2Fwp%2Fv2%2Fcomments&post=67855"}],"version-history":[{"count":1,"href":"https:\/\/www.turistamagazine.com\/v2\/index.php?rest_route=\/wp\/v2\/posts\/67855\/revisions"}],"predecessor-version":[{"id":67857,"href":"https:\/\/www.turistamagazine.com\/v2\/index.php?rest_route=\/wp\/v2\/posts\/67855\/revisions\/67857"}],"wp:featuredmedia":[{"embeddable":true,"href":"https:\/\/www.turistamagazine.com\/v2\/index.php?rest_route=\/wp\/v2\/media\/67856"}],"wp:attachment":[{"href":"https:\/\/www.turistamagazine.com\/v2\/index.php?rest_route=%2Fwp%2Fv2%2Fmedia&parent=67855"}],"wp:term":[{"taxonomy":"category","embeddable":true,"href":"https:\/\/www.turistamagazine.com\/v2\/index.php?rest_route=%2Fwp%2Fv2%2Fcategories&post=67855"},{"taxonomy":"post_tag","embeddable":true,"href":"https:\/\/www.turistamagazine.com\/v2\/index.php?rest_route=%2Fwp%2Fv2%2Ftags&post=67855"}],"curies":[{"name":"wp","href":"https:\/\/api.w.org\/{rel}","templated":true}]}}