{"id":67727,"date":"2025-08-30T11:03:45","date_gmt":"2025-08-30T16:03:45","guid":{"rendered":"https:\/\/www.turistamagazine.com\/v2\/?p=67727"},"modified":"2025-08-30T11:03:45","modified_gmt":"2025-08-30T16:03:45","slug":"canaero-abre-convocatoria-para-la-cuarta-edicion-de-la-presea-tony-gutierrez","status":"publish","type":"post","link":"https:\/\/www.turistamagazine.com\/v2\/?p=67727","title":{"rendered":"CANAERO ABRE CONVOCATORIA PARA LA CUARTA EDICI\u00d3N DE LA PRESEA TONY GUTI\u00c9RREZ"},"content":{"rendered":"<p style=\"text-align: justify;\"><span style=\"color: #000080;\"><em><strong>MEXICO\/30\/08\/2025.-La C\u00e1mara Nacional de Aerotransportes (CANAERO) anuncia la apertura de la convocatoria para la cuarta edici\u00f3n de la Presea Tony Guti\u00e9rrez, que ser\u00e1 entregada el pr\u00f3ximo 25 de septiembre de 2025. Este galard\u00f3n reconoce a mujeres que, con su liderazgo y trayectoria, han fortalecido la aviaci\u00f3n comercial en M\u00e9xico y han impulsado la transformaci\u00f3n de la industria.<\/strong><\/em><\/span><\/p>\n<p style=\"text-align: justify;\"><span style=\"color: #000080;\"><em><strong>Creada en honor a Antonia \u201cTony\u201d Guti\u00e9rrez, pionera y referente de la aviaci\u00f3n en nuestro pa\u00eds, la presea se ha consolidado como una distinci\u00f3n que reconoce el papel fundamental de las mujeres en el desarrollo del sector<\/strong><\/em><\/span><\/p>\n<p style=\"text-align: justify;\"><span style=\"color: #000080;\"><em><strong>Desde su instauraci\u00f3n, la Presea Tony Guti\u00e9rrez ha distinguido a mujeres cuya pasi\u00f3n y compromiso han dejado huella en la industria a\u00e9rea nacional:<\/strong><\/em><\/span><\/p>\n<p style=\"text-align: justify;\"><span style=\"color: #000080;\"><em><strong>Mar\u00eda Eugenia Jim\u00e9nez Torres (2022): Reconocida por m\u00e1s de cuatro d\u00e9cadas de trayectoria en Grupo Aerom\u00e9xico.<\/strong><\/em><\/span><\/p>\n<p style=\"text-align: justify;\"><span style=\"color: #000080;\"><em><strong>Rosa Mar\u00eda Gonz\u00e1lez Barraza (2023): Destacada por su liderazgo en Air Canada y su aportaci\u00f3n al Comit\u00e9 de Finanzas de CANAERO.<\/strong><\/em><\/span><\/p>\n<p style=\"text-align: justify;\"><span style=\"color: #000080;\"><em><strong>Arely Velasco Mu\u00f1oz (2024): Coordinadora de Ingenier\u00eda de Operaciones de MAS y presidenta del Comit\u00e9 T\u00e9cnico de CANAERO.<\/strong><\/em><\/span><\/p>\n<p style=\"text-align: justify;\"><span style=\"color: #000080;\"><em><strong>A lo largo de su trayectoria, estas tres mujeres, han demostrado un liderazgo y dedicaci\u00f3n excepcionales, consolid\u00e1ndose como un referente para las nuevas generaciones de mujeres en la aviaci\u00f3n. La convocatoria 2025 est\u00e1 abierta hasta el 05 de septiembre. Podr\u00e1n ser propuestas aquellas candidatas que cumplan con los siguientes requisitos:<\/strong><\/em><\/span><\/p>\n<p style=\"text-align: justify;\"><span style=\"color: #000080;\"><em><strong>\u00a0Experiencia m\u00ednima de 10 a\u00f1os en la industria de la aviaci\u00f3n comercial, de los cuales, por lo menos 3 a\u00f1os, deben ser en territorio mexicano.<\/strong><\/em><\/span><\/p>\n<p style=\"text-align: justify;\"><span style=\"color: #000080;\"><em><strong>\u00a0Haber contribuido de manera notable y con profesionalismo al desarrollo de la aviaci\u00f3n comercial en M\u00e9xico.<\/strong><\/em><\/span><\/p>\n<p style=\"text-align: justify;\"><span style=\"color: #000080;\"><em><strong>\u00a0Contar con reconocimiento y prestigio profesional y personal en el sector a\u00e9reo.<\/strong><\/em><\/span><\/p>\n<p style=\"text-align: justify;\"><span style=\"color: #000080;\"><em><strong>Las postulaciones podr\u00e1n ser presentadas por los miembros activos de CANAERO, incluyendo la Mesa Directiva, consejeros y comit\u00e9s, acompa\u00f1adas de una rese\u00f1a de los m\u00e9ritos de la nominada.<\/strong><\/em><\/span><\/p>\n<p style=\"text-align: justify;\"><span style=\"color: #000080;\"><em><strong>Con la Presea Tony Guti\u00e9rrez, CANAERO ha construido una tradici\u00f3n que reconoce la visi\u00f3n, el talento y la perseverancia de las mujeres que han marcado el rumbo de la aviaci\u00f3n en M\u00e9xico. Esta cuarta edici\u00f3n es una oportunidad para seguir celebrando a quienes inspiran con su liderazgo, fortalecen el futuro de nuestra industria y consolidan una aviaci\u00f3n m\u00e1s inclusiva, competitiva y equitativa, donde el aporte de las mujeres contin\u00faa siendo pieza clave para el desarrollo y la conectividad del pa\u00eds.<\/strong><\/em><\/span><\/p>\n<p style=\"text-align: justify;\"><span style=\"color: #000080;\"><em><strong>Fuente:\u00a0CANAERO<\/strong><\/em><\/span><\/p>\n","protected":false},"excerpt":{"rendered":"<p>MEXICO\/30\/08\/2025.-La C\u00e1mara Nacional de Aerotransportes (CANAERO) anuncia la apertura de la convocatoria para la cuarta edici\u00f3n de la Presea Tony Guti\u00e9rrez, que ser\u00e1 entregada el pr\u00f3ximo 25 de septiembre de 2025. Este galard\u00f3n reconoce a mujeres que, con su liderazgo y trayectoria, han fortalecido la aviaci\u00f3n comercial en M\u00e9xico y han impulsado la transformaci\u00f3n de la industria. Creada en honor a Antonia \u201cTony\u201d Guti\u00e9rrez, pionera y referente de la aviaci\u00f3n en nuestro pa\u00eds, la presea se ha consolidado como una distinci\u00f3n que reconoce el papel fundamental de las mujeres en el desarrollo del sector Desde su instauraci\u00f3n, la Presea Tony&#8230;<\/p>\n","protected":false},"author":1,"featured_media":67728,"comment_status":"open","ping_status":"open","sticky":false,"template":"","format":"standard","meta":{"footnotes":""},"categories":[4,84],"tags":[13528,11846,10219,105],"class_list":["post-67727","post","type-post","status-publish","format-standard","has-post-thumbnail","hentry","category-breaking-news","category-internacionales","tag-canaero","tag-elenatejeradirectora","tag-semanarioturistamagazine","tag-mexico"],"_links":{"self":[{"href":"https:\/\/www.turistamagazine.com\/v2\/index.php?rest_route=\/wp\/v2\/posts\/67727","targetHints":{"allow":["GET"]}}],"collection":[{"href":"https:\/\/www.turistamagazine.com\/v2\/index.php?rest_route=\/wp\/v2\/posts"}],"about":[{"href":"https:\/\/www.turistamagazine.com\/v2\/index.php?rest_route=\/wp\/v2\/types\/post"}],"author":[{"embeddable":true,"href":"https:\/\/www.turistamagazine.com\/v2\/index.php?rest_route=\/wp\/v2\/users\/1"}],"replies":[{"embeddable":true,"href":"https:\/\/www.turistamagazine.com\/v2\/index.php?rest_route=%2Fwp%2Fv2%2Fcomments&post=67727"}],"version-history":[{"count":1,"href":"https:\/\/www.turistamagazine.com\/v2\/index.php?rest_route=\/wp\/v2\/posts\/67727\/revisions"}],"predecessor-version":[{"id":67729,"href":"https:\/\/www.turistamagazine.com\/v2\/index.php?rest_route=\/wp\/v2\/posts\/67727\/revisions\/67729"}],"wp:featuredmedia":[{"embeddable":true,"href":"https:\/\/www.turistamagazine.com\/v2\/index.php?rest_route=\/wp\/v2\/media\/67728"}],"wp:attachment":[{"href":"https:\/\/www.turistamagazine.com\/v2\/index.php?rest_route=%2Fwp%2Fv2%2Fmedia&parent=67727"}],"wp:term":[{"taxonomy":"category","embeddable":true,"href":"https:\/\/www.turistamagazine.com\/v2\/index.php?rest_route=%2Fwp%2Fv2%2Fcategories&post=67727"},{"taxonomy":"post_tag","embeddable":true,"href":"https:\/\/www.turistamagazine.com\/v2\/index.php?rest_route=%2Fwp%2Fv2%2Ftags&post=67727"}],"curies":[{"name":"wp","href":"https:\/\/api.w.org\/{rel}","templated":true}]}}