{"id":67679,"date":"2025-08-28T12:40:49","date_gmt":"2025-08-28T17:40:49","guid":{"rendered":"https:\/\/www.turistamagazine.com\/v2\/?p=67679"},"modified":"2025-08-28T12:40:49","modified_gmt":"2025-08-28T17:40:49","slug":"sail-amsterdam-2025-mas-de-50000-personas-conocieron-la-cultura-peruana-a-bordo-del-b-a-p-union","status":"publish","type":"post","link":"https:\/\/www.turistamagazine.com\/v2\/?p=67679","title":{"rendered":"SAIL AMSTERDAM 2025: M\u00c1S DE 50,000 PERSONAS CONOCIERON LA CULTURA PERUANA A BORDO DEL B.A.P. \u201cUNI\u00d3N\u201d"},"content":{"rendered":"<p style=\"text-align: center;\"><span style=\"color: #333399;\"><em><strong>Del 20 al 24 de agosto el p\u00fablico neerland\u00e9s disfrut\u00f3 de actividades gastron\u00f3micas y culturales en el evento n\u00e1utico m\u00e1s grande del mundo gracias a la Casa Per\u00fa.<\/strong><\/em><\/span><\/p>\n<p style=\"text-align: justify;\"><span style=\"color: #333399;\"><em><strong>AMSTERDAM\/28\/08\/2025.-Como parte de su ruta internacional de 178 d\u00edas, el B.A.P. \u201cUNI\u00d3N\u201d lleg\u00f3 a la capital de Pa\u00edses Bajos para participar en el Sail Amsterdam 2025. Del 20 al 24 de agosto, nuestro buque escuela\u00a0 impresion\u00f3 con su majestuosidad a m\u00e1s de 50,000 visitantes durante 5 d\u00edas, marcando un r\u00e9cord en cuanto a n\u00famero de visitas durante su recorrido internacional.<\/strong><\/em><\/span><\/p>\n<p style=\"text-align: justify;\"><span style=\"color: #333399;\"><em><strong>El B.A.P. \u201cUNI\u00d3N\u201d no solo destac\u00f3 como una de las figuras m\u00e1s brillantes del evento n\u00e1utico m\u00e1s grande a nivel global, sino que cumpli\u00f3 un rol fundamental como embajador cultural a trav\u00e9s de la Casa Per\u00fa, acercando la riqueza hist\u00f3rica, cultural y gastron\u00f3mica de nuestro pa\u00eds al p\u00fablico neerland\u00e9s.<\/strong><\/em><\/span><\/p>\n<p style=\"text-align: justify;\"><span style=\"color: #333399;\"><em><strong>Durante su estad\u00eda en este pa\u00eds europeo, la Casa Per\u00fa fue vitrina de la diversidad de nuestro pa\u00eds.\u00a0 Tambi\u00e9n se mostr\u00f3 la variada oferta tur\u00edstica peruana y se realizaron presentaciones de danzas t\u00edpicas que deslumbraron a los espectadores.<\/strong><\/em><\/span><\/p>\n<div id=\"attachment_67682\" style=\"width: 640px\" class=\"wp-caption aligncenter\"><a href=\"https:\/\/www.turistamagazine.com\/v2\/wp-content\/uploads\/2025\/08\/Evento-gastronomico-B.A.P.-UNION_en-Amsterdam-1.jpg\"><img decoding=\"async\" aria-describedby=\"caption-attachment-67682\" class=\"wp-image-67682 size-full\" src=\"https:\/\/www.turistamagazine.com\/v2\/wp-content\/uploads\/2025\/08\/Evento-gastronomico-B.A.P.-UNION_en-Amsterdam-1.jpg\" alt=\"\" width=\"630\" height=\"420\" srcset=\"https:\/\/www.turistamagazine.com\/v2\/wp-content\/uploads\/2025\/08\/Evento-gastronomico-B.A.P.-UNION_en-Amsterdam-1.jpg 630w, https:\/\/www.turistamagazine.com\/v2\/wp-content\/uploads\/2025\/08\/Evento-gastronomico-B.A.P.-UNION_en-Amsterdam-1-300x200.jpg 300w, https:\/\/www.turistamagazine.com\/v2\/wp-content\/uploads\/2025\/08\/Evento-gastronomico-B.A.P.-UNION_en-Amsterdam-1-610x407.jpg 610w\" sizes=\"(max-width: 630px) 100vw, 630px\" \/><\/a><p id=\"caption-attachment-67682\" class=\"wp-caption-text\"><span style=\"color: #333399;\"><em><strong>Los visitantes pudieron explorar la oferta exportadora peruana y conocer de cerca productos como los superalimentos peruanos, los caf\u00e9s de especialidad, el pisco y las fibras de alpaca.<\/strong><\/em><\/span><\/p><\/div>\n<p style=\"text-align: justify;\"><span style=\"color: #333399;\"><em><strong>Asimismo, se realizaron dos acciones que reforzaron la presencia de la Marca Per\u00fa. La primera fue una experiencia gastron\u00f3mica de alto nivel, en la que los invitados disfrutaron de un men\u00fa de degustaci\u00f3n inspirado en la costa, sierra y Amazon\u00eda del Per\u00fa, acompa\u00f1ado de un maridaje a base de nuestra bebida bandera: el pisco.<\/strong><\/em><\/span><\/p>\n<p style=\"text-align: justify;\"><span style=\"color: #333399;\"><em><strong>La segunda experiencia estuvo enfocada en resaltar la moda peruana a trav\u00e9s de una clase magistral de textiles peruanos y desarrollo artesanal sostenible que busc\u00f3 visibilizar la marca sectorial Alpaca del Per\u00fa. En esta sesi\u00f3n, los asistentes conocieron el valor de las fibras naturales como la alpaca, t\u00e9cnicas ancestrales de tejido y su integraci\u00f3n con el dise\u00f1o contempor\u00e1neo.<\/strong><\/em><\/span><\/p>\n<p><a href=\"https:\/\/www.turistamagazine.com\/v2\/wp-content\/uploads\/2025\/08\/Visitantes-en-B.A.P.-Union-en-Amsterdam.jpg\"><img decoding=\"async\" class=\"size-full wp-image-67683 aligncenter\" src=\"https:\/\/www.turistamagazine.com\/v2\/wp-content\/uploads\/2025\/08\/Visitantes-en-B.A.P.-Union-en-Amsterdam.jpg\" alt=\"\" width=\"630\" height=\"420\" srcset=\"https:\/\/www.turistamagazine.com\/v2\/wp-content\/uploads\/2025\/08\/Visitantes-en-B.A.P.-Union-en-Amsterdam.jpg 630w, https:\/\/www.turistamagazine.com\/v2\/wp-content\/uploads\/2025\/08\/Visitantes-en-B.A.P.-Union-en-Amsterdam-300x200.jpg 300w, https:\/\/www.turistamagazine.com\/v2\/wp-content\/uploads\/2025\/08\/Visitantes-en-B.A.P.-Union-en-Amsterdam-610x407.jpg 610w\" sizes=\"(max-width: 630px) 100vw, 630px\" \/><\/a><\/p>\n<p style=\"text-align: justify;\"><span style=\"color: #333399;\"><em><strong>La participaci\u00f3n del B.A.P \u201cUNI\u00d3N\u201d en este evento internacional se llev\u00f3 a cabo en el marco de las celebraciones por los 200 a\u00f1os de relaciones entre el Per\u00fa y los Pa\u00edses Bajos. Las acciones realizadas durante su estad\u00eda forman parte del trabajo de PROMPER\u00da y la Oficina Comercial en Rotterdam, en coordinaci\u00f3n con Mincetur, y tienen como objetivo continuar fortaleciendo el posicionamiento del Per\u00fa en Pa\u00edses Bajos, contribuyendo as\u00ed a la promoci\u00f3n del turismo receptivo hacia nuestro pa\u00eds.<\/strong><\/em><\/span><\/p>\n<p style=\"text-align: justify;\">\n","protected":false},"excerpt":{"rendered":"<p>Del 20 al 24 de agosto el p\u00fablico neerland\u00e9s disfrut\u00f3 de actividades gastron\u00f3micas y culturales en el evento n\u00e1utico m\u00e1s grande del mundo gracias a la Casa Per\u00fa. AMSTERDAM\/28\/08\/2025.-Como parte de su ruta internacional de 178 d\u00edas, el B.A.P. \u201cUNI\u00d3N\u201d lleg\u00f3 a la capital de Pa\u00edses Bajos para participar en el Sail Amsterdam 2025. Del 20 al 24 de agosto, nuestro buque escuela\u00a0 impresion\u00f3 con su majestuosidad a m\u00e1s de 50,000 visitantes durante 5 d\u00edas, marcando un r\u00e9cord en cuanto a n\u00famero de visitas durante su recorrido internacional. El B.A.P. \u201cUNI\u00d3N\u201d no solo destac\u00f3 como una de las figuras m\u00e1s&#8230;<\/p>\n","protected":false},"author":1,"featured_media":67681,"comment_status":"open","ping_status":"open","sticky":false,"template":"","format":"standard","meta":{"footnotes":""},"categories":[4,82],"tags":[11846,10219,12609],"class_list":["post-67679","post","type-post","status-publish","format-standard","has-post-thumbnail","hentry","category-breaking-news","category-nacionales","tag-elenatejeradirectora","tag-semanarioturistamagazine","tag-b-a-p-union"],"_links":{"self":[{"href":"https:\/\/www.turistamagazine.com\/v2\/index.php?rest_route=\/wp\/v2\/posts\/67679","targetHints":{"allow":["GET"]}}],"collection":[{"href":"https:\/\/www.turistamagazine.com\/v2\/index.php?rest_route=\/wp\/v2\/posts"}],"about":[{"href":"https:\/\/www.turistamagazine.com\/v2\/index.php?rest_route=\/wp\/v2\/types\/post"}],"author":[{"embeddable":true,"href":"https:\/\/www.turistamagazine.com\/v2\/index.php?rest_route=\/wp\/v2\/users\/1"}],"replies":[{"embeddable":true,"href":"https:\/\/www.turistamagazine.com\/v2\/index.php?rest_route=%2Fwp%2Fv2%2Fcomments&post=67679"}],"version-history":[{"count":1,"href":"https:\/\/www.turistamagazine.com\/v2\/index.php?rest_route=\/wp\/v2\/posts\/67679\/revisions"}],"predecessor-version":[{"id":67684,"href":"https:\/\/www.turistamagazine.com\/v2\/index.php?rest_route=\/wp\/v2\/posts\/67679\/revisions\/67684"}],"wp:featuredmedia":[{"embeddable":true,"href":"https:\/\/www.turistamagazine.com\/v2\/index.php?rest_route=\/wp\/v2\/media\/67681"}],"wp:attachment":[{"href":"https:\/\/www.turistamagazine.com\/v2\/index.php?rest_route=%2Fwp%2Fv2%2Fmedia&parent=67679"}],"wp:term":[{"taxonomy":"category","embeddable":true,"href":"https:\/\/www.turistamagazine.com\/v2\/index.php?rest_route=%2Fwp%2Fv2%2Fcategories&post=67679"},{"taxonomy":"post_tag","embeddable":true,"href":"https:\/\/www.turistamagazine.com\/v2\/index.php?rest_route=%2Fwp%2Fv2%2Ftags&post=67679"}],"curies":[{"name":"wp","href":"https:\/\/api.w.org\/{rel}","templated":true}]}}