{"id":67663,"date":"2025-08-27T15:33:12","date_gmt":"2025-08-27T20:33:12","guid":{"rendered":"https:\/\/www.turistamagazine.com\/v2\/?p=67663"},"modified":"2025-08-27T15:35:23","modified_gmt":"2025-08-27T20:35:23","slug":"enbhiga-2025-raices-sostenibles-sabores-con-historia","status":"publish","type":"post","link":"https:\/\/www.turistamagazine.com\/v2\/?p=67663","title":{"rendered":"ENBHIGA 2025: RA\u00cdCES SOSTENIBLES, SABORES CON HISTORIA"},"content":{"rendered":"<p style=\"text-align: justify;\"><span style=\"color: #333399;\"><em><strong>LIMA\/PERU\/27\/08\/2025.- Del 5 al 7 de septiembre, el sur del Per\u00fa volver\u00e1 a convertirse en epicentro de la gastronom\u00eda iberoamericana con la llegada de una nueva edici\u00f3n del Encuentro Bioce\u00e1nico Hispanolatino de Gastronom\u00eda, ENBHIGA. Bajo el lema \u201cRa\u00edces Sostenibles: Sabores con Historia\u201d, esta propuesta internacional invita a mirar hacia el pasado para revalorar la identidad cultural y culinaria de los pueblos, mientras se proyecta hacia un futuro sostenible e inclusivo.<\/strong><\/em><\/span><\/p>\n<p><a href=\"https:\/\/www.turistamagazine.com\/v2\/wp-content\/uploads\/2025\/08\/INVITACION-1.jpg\"><img decoding=\"async\" class=\"aligncenter wp-image-67666\" src=\"https:\/\/www.turistamagazine.com\/v2\/wp-content\/uploads\/2025\/08\/INVITACION-1.jpg\" alt=\"\" width=\"500\" height=\"705\" srcset=\"https:\/\/www.turistamagazine.com\/v2\/wp-content\/uploads\/2025\/08\/INVITACION-1.jpg 630w, https:\/\/www.turistamagazine.com\/v2\/wp-content\/uploads\/2025\/08\/INVITACION-1-213x300.jpg 213w, https:\/\/www.turistamagazine.com\/v2\/wp-content\/uploads\/2025\/08\/INVITACION-1-298x420.jpg 298w\" sizes=\"(max-width: 500px) 100vw, 500px\" \/><\/a><\/p>\n<p style=\"text-align: justify;\"><span style=\"color: #333399;\"><em><strong>La cita tendr\u00e1 lugar en las ciudades de Lima, Cerro Azul y Paracas, \u00e9ste \u00faltimo, balneario emblem\u00e1tico que ya acogi\u00f3 anteriores ediciones del evento y que en esta oportunidad volver\u00e1 a reunir a cocineros, productores, comunicadores, estudiantes y artesanos de Chile, Colombia, Argentina y Per\u00fa. Durante tres d\u00edas se desplegar\u00e1 un completo programa que incluye ponencias magistrales, conversatorio y panel, adem\u00e1s de las cl\u00e1sicas intervenciones gastron\u00f3micas, donde participar\u00e1n alrededor de 50 cocineros, que intercambiar\u00e1n insumos, saberes, t\u00e9cnicas y experiencias.<\/strong><\/em><\/span><\/p>\n<p style=\"text-align: justify;\"><span style=\"color: #333399;\"><em><strong>Uno de los momentos m\u00e1s esperados ser\u00e1 la participaci\u00f3n de chefs reconocidos de Chile, Argentina, Colombia y Per\u00fa, quienes compartir\u00e1n experiencias con los estudiantes de la Escuela de Gastronom\u00eda Columbia en Lima, a fin de sembrar en las nuevas generaciones, una visi\u00f3n de cocina que respete los insumos locales, promueva la sostenibilidad y valore la herencia cultural.<\/strong><\/em><\/span><\/p>\n<p><a href=\"https:\/\/www.turistamagazine.com\/v2\/wp-content\/uploads\/2025\/08\/ENBHIGA2.jpg\"><img decoding=\"async\" class=\"aligncenter wp-image-67667\" src=\"https:\/\/www.turistamagazine.com\/v2\/wp-content\/uploads\/2025\/08\/ENBHIGA2.jpg\" alt=\"\" width=\"450\" height=\"600\" srcset=\"https:\/\/www.turistamagazine.com\/v2\/wp-content\/uploads\/2025\/08\/ENBHIGA2.jpg 630w, https:\/\/www.turistamagazine.com\/v2\/wp-content\/uploads\/2025\/08\/ENBHIGA2-225x300.jpg 225w, https:\/\/www.turistamagazine.com\/v2\/wp-content\/uploads\/2025\/08\/ENBHIGA2-315x420.jpg 315w\" sizes=\"(max-width: 450px) 100vw, 450px\" \/><\/a><\/p>\n<p style=\"text-align: justify;\"><span style=\"color: #333399;\"><em><strong>La programaci\u00f3n tambi\u00e9n contempla espacios para visibilizar la producci\u00f3n responsable. Una feria agroecol\u00f3gica y una exposici\u00f3n de productos org\u00e1nicos pondr\u00e1n en contacto directo a productores con los asistentes, quienes podr\u00e1n conocer, degustar y adquirir ingredientes nativos provenientes de agricultores y campesinos comprometidos con pr\u00e1cticas sostenibles. Estas actividades buscan generar oportunidades de desarrollo para las comunidades locales.<\/strong><\/em><\/span><\/p>\n<p style=\"text-align: justify;\"><span style=\"color: #333399;\"><em><strong>Como en anteriores ediciones, la cocina marina ocupar\u00e1 un lugar protag\u00f3nico. El litoral peruano, con su extraordinaria biodiversidad, ser\u00e1 punto de partida para visitas a restaurantes y hoteles en Paracas, Asimismo, el Pisco, destilado bandera del Per\u00fa, tendr\u00e1 un espacio importante en el conversatorio y a lo largo de todo el evento con la participaci\u00f3n de marcas asociadas.<\/strong><\/em><\/span><\/p>\n<p><a href=\"https:\/\/www.turistamagazine.com\/v2\/wp-content\/uploads\/2025\/08\/ENBHIGA4.jpg\"><img decoding=\"async\" class=\"aligncenter wp-image-67668\" src=\"https:\/\/www.turistamagazine.com\/v2\/wp-content\/uploads\/2025\/08\/ENBHIGA4.jpg\" alt=\"\" width=\"450\" height=\"600\" srcset=\"https:\/\/www.turistamagazine.com\/v2\/wp-content\/uploads\/2025\/08\/ENBHIGA4.jpg 630w, https:\/\/www.turistamagazine.com\/v2\/wp-content\/uploads\/2025\/08\/ENBHIGA4-225x300.jpg 225w, https:\/\/www.turistamagazine.com\/v2\/wp-content\/uploads\/2025\/08\/ENBHIGA4-315x420.jpg 315w\" sizes=\"(max-width: 450px) 100vw, 450px\" \/><\/a><\/p>\n<p style=\"text-align: justify;\"><span style=\"color: #333399;\"><em><strong>ENBHIGA naci\u00f3 en Argentina, impulsado por el comunicador Carlos Snaimon, con la visi\u00f3n de convertirse en una plataforma que fomente la integraci\u00f3n cultural, tur\u00edstica y gastron\u00f3mica en Iberoam\u00e9rica. Su esencia est\u00e1 en las experiencias vivenciales que re\u00fanen a cocineros, productores, periodistas, artesanos y estudiantes en un mismo espacio de di\u00e1logo y creaci\u00f3n. M\u00e1s que un evento gastron\u00f3mico, es un movimiento que pone en valor la interculturalidad, los saberes ancestrales y el compromiso con la sostenibilidad.<\/strong><\/em><\/span><\/p>\n<p style=\"text-align: justify;\"><span style=\"color: #333399;\"><em><strong>La edici\u00f3n peruana 2025 de ENBHIGA, con su lema \u201cRa\u00edces Sostenibles: Sabores con Historia\u201d, es una invitaci\u00f3n a reconectar con los or\u00edgenes, a reconocer en los productos nativos y en las manos de quienes los cultivan una herencia viva, que celebre la diversidad y la identidad cultural, al mismo tiempo que abraza los desaf\u00edos del futuro, como la sostenibilidad.<\/strong><\/em><\/span><\/p>\n<p><strong><em>Cecilia Portella M.<\/em><\/strong><\/p>\n<p><strong><em>Directora ENBHIGA Per\u00fa<\/em><\/strong><\/p>\n<p><strong><em>+51 995645928<\/em><\/strong><\/p>\n","protected":false},"excerpt":{"rendered":"<p>LIMA\/PERU\/27\/08\/2025.- Del 5 al 7 de septiembre, el sur del Per\u00fa volver\u00e1 a convertirse en epicentro de la gastronom\u00eda iberoamericana con la llegada de una nueva edici\u00f3n del Encuentro Bioce\u00e1nico Hispanolatino de Gastronom\u00eda, ENBHIGA. Bajo el lema \u201cRa\u00edces Sostenibles: Sabores con Historia\u201d, esta propuesta internacional invita a mirar hacia el pasado para revalorar la identidad cultural y culinaria de los pueblos, mientras se proyecta hacia un futuro sostenible e inclusivo. La cita tendr\u00e1 lugar en las ciudades de Lima, Cerro Azul y Paracas, \u00e9ste \u00faltimo, balneario emblem\u00e1tico que ya acogi\u00f3 anteriores ediciones del evento y que en esta oportunidad volver\u00e1&#8230;<\/p>\n","protected":false},"author":1,"featured_media":67664,"comment_status":"open","ping_status":"open","sticky":false,"template":"","format":"standard","meta":{"footnotes":""},"categories":[4,82],"tags":[11846,10219,13521,426],"class_list":["post-67663","post","type-post","status-publish","format-standard","has-post-thumbnail","hentry","category-breaking-news","category-nacionales","tag-elenatejeradirectora","tag-semanarioturistamagazine","tag-enbhiga","tag-paracas"],"_links":{"self":[{"href":"https:\/\/www.turistamagazine.com\/v2\/index.php?rest_route=\/wp\/v2\/posts\/67663","targetHints":{"allow":["GET"]}}],"collection":[{"href":"https:\/\/www.turistamagazine.com\/v2\/index.php?rest_route=\/wp\/v2\/posts"}],"about":[{"href":"https:\/\/www.turistamagazine.com\/v2\/index.php?rest_route=\/wp\/v2\/types\/post"}],"author":[{"embeddable":true,"href":"https:\/\/www.turistamagazine.com\/v2\/index.php?rest_route=\/wp\/v2\/users\/1"}],"replies":[{"embeddable":true,"href":"https:\/\/www.turistamagazine.com\/v2\/index.php?rest_route=%2Fwp%2Fv2%2Fcomments&post=67663"}],"version-history":[{"count":3,"href":"https:\/\/www.turistamagazine.com\/v2\/index.php?rest_route=\/wp\/v2\/posts\/67663\/revisions"}],"predecessor-version":[{"id":67670,"href":"https:\/\/www.turistamagazine.com\/v2\/index.php?rest_route=\/wp\/v2\/posts\/67663\/revisions\/67670"}],"wp:featuredmedia":[{"embeddable":true,"href":"https:\/\/www.turistamagazine.com\/v2\/index.php?rest_route=\/wp\/v2\/media\/67664"}],"wp:attachment":[{"href":"https:\/\/www.turistamagazine.com\/v2\/index.php?rest_route=%2Fwp%2Fv2%2Fmedia&parent=67663"}],"wp:term":[{"taxonomy":"category","embeddable":true,"href":"https:\/\/www.turistamagazine.com\/v2\/index.php?rest_route=%2Fwp%2Fv2%2Fcategories&post=67663"},{"taxonomy":"post_tag","embeddable":true,"href":"https:\/\/www.turistamagazine.com\/v2\/index.php?rest_route=%2Fwp%2Fv2%2Ftags&post=67663"}],"curies":[{"name":"wp","href":"https:\/\/api.w.org\/{rel}","templated":true}]}}