{"id":67620,"date":"2025-08-22T11:51:00","date_gmt":"2025-08-22T16:51:00","guid":{"rendered":"https:\/\/www.turistamagazine.com\/v2\/?p=67620"},"modified":"2025-08-22T11:52:18","modified_gmt":"2025-08-22T16:52:18","slug":"ciudad-juarez-sera-sede-de-la-iv-cumbre-iberoamericana-de-periodismo","status":"publish","type":"post","link":"https:\/\/www.turistamagazine.com\/v2\/?p=67620","title":{"rendered":"CIUDAD JU\u00c1REZ SER\u00c1 SEDE DE LA IV CUMBRE IBEROAMERICANA DE PERIODISMO"},"content":{"rendered":"<p style=\"text-align: justify;\"><span style=\"color: #333399;\"><em><strong>MEXICO\/22\/08\/2025.-El Comit\u00e9 Organizador de la Cumbre Iberoamericana de Periodismo anunci\u00f3 que la IV edici\u00f3n del evento se celebrar\u00e1 del 26 al 28 de septiembre de 2025 en Ciudad Ju\u00e1rez, con actividades paralelas en El Paso, Texas.<\/strong><\/em><\/span><\/p>\n<p style=\"text-align: justify;\"><span style=\"color: #333399;\"><em><strong>La periodista, productora y empresaria juarense Karen Santamar\u00eda, creadora de este espacio, present\u00f3 el encuentro desde el CineClub de la Facultad de Filosof\u00eda y Letras de la Universidad Aut\u00f3noma de Chihuahua (UACH), ante estudiantes de la Licenciatura en Periodismo.<\/strong><\/em><\/span><\/p>\n<p style=\"text-align: justify;\"><span style=\"color: #333399;\"><em><strong>Organizada por EuroImagen Audiovisual SL (Espa\u00f1a) y KSS Producciones (M\u00e9xico), la cumbre lleva por t\u00edtulo \u00abIA, Periodismo y Desarrollo\u00bb y abordar\u00e1 el impacto de la Inteligencia Artificial en los medios de comunicaci\u00f3n, as\u00ed como los retos \u00e9ticos y las oportunidades que plantea. El programa contempla conferencias y talleres impartidos por expertos internacionales.<\/strong><\/em><\/span><\/p>\n<p style=\"text-align: justify;\"><span style=\"color: #333399;\"><em><strong>Entre los invitados destacan Jos\u00e9 Roberto Arteaga, editor en jefe de Forbes M\u00e9xico; Jos\u00e9 Carlos de Santiago, presidente del Grupo Editorial Excelencias y miembro de la Academia Iberoamericana de Gastronom\u00eda (AIBG); Aida Araceli Guajardo, escritora para Netflix, Telemundo, NBC y Televisa; Panxo Barrera, director de Entrop\u00eda; Benjam\u00edn P\u00e9rez, de Fomento Tur\u00edstico Yucat\u00e1n; Larry Rubin, presidente de la Sociedad Americana de M\u00e9xico; y H\u00e9ctor Urrutia, de Univisi\u00f3n.<\/strong><\/em><\/span><\/p>\n<p style=\"text-align: justify;\"><span style=\"color: #333399;\"><em><strong>Tambi\u00e9n participar\u00e1n Omar Saucedo, gerente de Microsoft; Lorena Villanueva, directora general de GEA-M\u00e9xico; Tom\u00e1s Cuevas, presidente de Investigaci\u00f3n en Creatividad, Innovaci\u00f3n y Competitividad; Jos\u00e9 Luis Ar\u00e9valo, corresponsal de guerra en Noticiero Estelar en Punto; y Javier Horacio Contreras Orozco, director de la Facultad de Filosof\u00eda y Letras de la UACH.<\/strong><\/em><\/span><\/p>\n<p style=\"text-align: justify;\"><span style=\"color: #333399;\"><em><strong>En entrevista, Santamar\u00eda subray\u00f3 la importancia de esta edici\u00f3n: \u00abVamos a entrar en el mundo de esta nueva era, en la que el periodismo de antes se conjuga con el de hoy, utilizando herramientas de inteligencia artificial para hacer un buen periodismo y generar ingresos\u00bb, se\u00f1al\u00f3.<\/strong><\/em><\/span><\/p>\n<p style=\"text-align: justify;\"><span style=\"color: #333399;\"><em><strong>La cumbre incluir\u00e1 adem\u00e1s una emisi\u00f3n en directo con la IA Kopernica desde Santiago de Compostela, Espa\u00f1a, que permitir\u00e1 analizar en tiempo real los cambios emocionales de los participantes. Las inscripciones ya est\u00e1n abiertas en cip2025.com, y los interesados pueden solicitar informaci\u00f3n adicional v\u00eda WhatsApp (+52-550-500385) o correo electr\u00f3nico (info@cip2025.com).<\/strong><\/em><\/span><\/p>\n<p><strong>Caribeean News Digital<\/strong><\/p>\n","protected":false},"excerpt":{"rendered":"<p>MEXICO\/22\/08\/2025.-El Comit\u00e9 Organizador de la Cumbre Iberoamericana de Periodismo anunci\u00f3 que la IV edici\u00f3n del evento se celebrar\u00e1 del 26 al 28 de septiembre de 2025 en Ciudad Ju\u00e1rez, con actividades paralelas en El Paso, Texas. La periodista, productora y empresaria juarense Karen Santamar\u00eda, creadora de este espacio, present\u00f3 el encuentro desde el CineClub de la Facultad de Filosof\u00eda y Letras de la Universidad Aut\u00f3noma de Chihuahua (UACH), ante estudiantes de la Licenciatura en Periodismo. Organizada por EuroImagen Audiovisual SL (Espa\u00f1a) y KSS Producciones (M\u00e9xico), la cumbre lleva por t\u00edtulo \u00abIA, Periodismo y Desarrollo\u00bb y abordar\u00e1 el impacto de la&#8230;<\/p>\n","protected":false},"author":1,"featured_media":67621,"comment_status":"open","ping_status":"open","sticky":false,"template":"","format":"standard","meta":{"footnotes":""},"categories":[4,84],"tags":[11846,13514,10219,105],"class_list":["post-67620","post","type-post","status-publish","format-standard","has-post-thumbnail","hentry","category-breaking-news","category-internacionales","tag-elenatejeradirectora","tag-ivcumbreiberoamericanadeperiodismo","tag-semanarioturistamagazine","tag-mexico"],"_links":{"self":[{"href":"https:\/\/www.turistamagazine.com\/v2\/index.php?rest_route=\/wp\/v2\/posts\/67620","targetHints":{"allow":["GET"]}}],"collection":[{"href":"https:\/\/www.turistamagazine.com\/v2\/index.php?rest_route=\/wp\/v2\/posts"}],"about":[{"href":"https:\/\/www.turistamagazine.com\/v2\/index.php?rest_route=\/wp\/v2\/types\/post"}],"author":[{"embeddable":true,"href":"https:\/\/www.turistamagazine.com\/v2\/index.php?rest_route=\/wp\/v2\/users\/1"}],"replies":[{"embeddable":true,"href":"https:\/\/www.turistamagazine.com\/v2\/index.php?rest_route=%2Fwp%2Fv2%2Fcomments&post=67620"}],"version-history":[{"count":2,"href":"https:\/\/www.turistamagazine.com\/v2\/index.php?rest_route=\/wp\/v2\/posts\/67620\/revisions"}],"predecessor-version":[{"id":67623,"href":"https:\/\/www.turistamagazine.com\/v2\/index.php?rest_route=\/wp\/v2\/posts\/67620\/revisions\/67623"}],"wp:featuredmedia":[{"embeddable":true,"href":"https:\/\/www.turistamagazine.com\/v2\/index.php?rest_route=\/wp\/v2\/media\/67621"}],"wp:attachment":[{"href":"https:\/\/www.turistamagazine.com\/v2\/index.php?rest_route=%2Fwp%2Fv2%2Fmedia&parent=67620"}],"wp:term":[{"taxonomy":"category","embeddable":true,"href":"https:\/\/www.turistamagazine.com\/v2\/index.php?rest_route=%2Fwp%2Fv2%2Fcategories&post=67620"},{"taxonomy":"post_tag","embeddable":true,"href":"https:\/\/www.turistamagazine.com\/v2\/index.php?rest_route=%2Fwp%2Fv2%2Ftags&post=67620"}],"curies":[{"name":"wp","href":"https:\/\/api.w.org\/{rel}","templated":true}]}}