{"id":67599,"date":"2025-08-19T18:11:41","date_gmt":"2025-08-19T23:11:41","guid":{"rendered":"https:\/\/www.turistamagazine.com\/v2\/?p=67599"},"modified":"2025-08-19T18:13:19","modified_gmt":"2025-08-19T23:13:19","slug":"paraguay-sera-sede-de-la-71a-comision-regional-para-las-americas-de-onu-turismo","status":"publish","type":"post","link":"https:\/\/www.turistamagazine.com\/v2\/?p=67599","title":{"rendered":"PARAGUAY SER\u00c1 SEDE DE LA 71\u00aa COMISI\u00d3N REGIONAL PARA LAS AM\u00c9RICAS DE ONU TURISMO"},"content":{"rendered":"<p style=\"text-align: center;\"><span style=\"color: #333399;\"><strong><em>Angie Duarte, ministra de Turismo. Foto Senatur<\/em><\/strong><\/span><\/p>\n<p style=\"text-align: justify;\"><span style=\"color: #333399;\"><em><strong>ASUNCI\u00d3N\/19\/08\/2025.-Paraguay fue elegido oficialmente como pa\u00eds anfitri\u00f3n de la pr\u00f3xima reuni\u00f3n de la Comisi\u00f3n Regional para las Am\u00e9ricas (CAM) de ONU Turismo, que celebrar\u00e1 su 71\u00aa edici\u00f3n en el a\u00f1o 2026, y obtuvo la vicepresidencia primera de la CAM.<\/strong><\/em><\/span><\/p>\n<p style=\"text-align: justify;\"><span style=\"color: #333399;\"><em><strong>La elecci\u00f3n se confirm\u00f3 durante la 70\u00aa edici\u00f3n del organismo desarrollada en Per\u00fa, y representa un hecho trascendente porque posiciona a nuestro pa\u00eds en el \u00e1mbito tur\u00edstico a nivel internacional.<\/strong><\/em><\/span><\/p>\n<p style=\"text-align: justify;\"><span style=\"color: #333399;\"><em><strong>La ministra de Turismo de Paraguay, Angie Duarte, presente en este encuentro manifest\u00f3 que este importante logro consolida a Paraguay como un referente regional en el desarrollo de un turismo sostenible, inclusivo y con identidad, adem\u00e1s de fortalecer su imagen como un destino preparado para la organizaci\u00f3n de eventos mundiales de gran relevancia.<\/strong><\/em><\/span><\/p>\n<p style=\"text-align: justify;\"><span style=\"color: #333399;\"><em><strong>La reuni\u00f3n estuvo encabezada por el secretario general de ONU Turismo, Zurab Pololikashvili, con la presencia del director regional para las Am\u00e9ricas, Gustavo Santos; la directora ejecutiva de ONU Turismo, Natalia Bayona; la ministra de Turismo del Per\u00fa, Desil\u00fa Le\u00f3n Chemp\u00e9n; y el representante de Argentina, director Gustavo Hani.<\/strong><\/em><\/span><\/p>\n<p style=\"text-align: justify;\"><span style=\"color: #333399;\"><em><strong>La noticia fue dada a conocer poco despu\u00e9s de que el director Regional para las Am\u00e9ricas de ONU Turismo, Gustavo Santos, anuncie que el pa\u00eds tambi\u00e9n fue seleccionado para albergar una oficina regional de ONU Turismo, la Secretar\u00eda T\u00e9cnica del Camino de los Jesuitas en Sudam\u00e9rica.<\/strong><\/em><\/span><\/p>\n<p style=\"text-align: justify;\"><span style=\"color: #333399;\"><em><strong>Esta decisi\u00f3n estrat\u00e9gica refleja el creciente protagonismo del pa\u00eds en el \u00e1mbito tur\u00edstico internacional y su firme compromiso con el desarrollo sostenible del sector, inform\u00f3 la Senatur.<\/strong><\/em><\/span><\/p>\n<p style=\"text-align: justify;\"><span style=\"color: #333399;\"><em><strong>La instalaci\u00f3n de esta oficina en territorio paraguayo representa un reconocimiento al liderazgo regional de Paraguay, y una oportunidad para la articulaci\u00f3n de pol\u00edticas, asistencia t\u00e9cnica y promoci\u00f3n de proyectos tur\u00edsticos de alto impacto para la regi\u00f3n. Uno de los ejes prioritarios que impulsar\u00e1 esta oficina ser\u00e1 el fortalecimiento del \u00abCamino de los Jesuitas\u00bb, un producto tur\u00edstico multidestino que une a Paraguay con Argentina, Brasil, Bolivia, Uruguay, y Chile, que busca poner en valor el legado jesu\u00edtico-guaran\u00ed a trav\u00e9s de experiencias culturales, hist\u00f3ricas y espirituales \u00fanicos.<\/strong><\/em><\/span><\/p>\n<p style=\"text-align: justify;\"><span style=\"color: #333399;\"><em><strong>Esta iniciativa contribuir\u00e1 a proyectar al pa\u00eds como un centro de cooperaci\u00f3n regional, impulsando el desarrollo tur\u00edstico con enfoque comunitario, la diversificaci\u00f3n de la oferta y la promoci\u00f3n conjunta de destinos con identidad cultural compartida\u2026<\/strong><\/em><\/span><\/p>\n<p style=\"text-align: justify;\"><span style=\"color: #333399;\"><em><strong>La CAM constituye una de las instancias m\u00e1s relevantes de ONU Turismo que congrega a ministros, altas autoridades de turismo de los pa\u00edses de las Am\u00e9ricas, organismos internacionales y representantes del sector privado. Su realizaci\u00f3n en Paraguay brindar\u00e1 una plataforma estrat\u00e9gica para impulsar alianzas regionales, compartir experiencias y promover iniciativas conjuntas para el fortalecimiento del turismo en la regi\u00f3n.<\/strong><\/em><\/span><\/p>\n<p style=\"text-align: justify;\"><span style=\"color: #333399;\"><em><strong>La Secretar\u00eda Nacional de Turismo (Senatur) ya se encuentra trabajando en la preparaci\u00f3n de este evento que marcar\u00e1 el inicio de un nuevo paradigma para el turismo nacional, y potenciar\u00e1 su visibilidad internacional, dinamizando el sector local y reafirmando el compromiso del pa\u00eds con un modelo tur\u00edstico basado en la sostenibilidad, la innovaci\u00f3n y la inclusi\u00f3n.<\/strong><\/em><\/span><\/p>\n<p style=\"text-align: justify;\"><span style=\"color: #333399;\"><em><strong>F\/IP<\/strong><\/em><\/span><\/p>\n","protected":false},"excerpt":{"rendered":"<p>Angie Duarte, ministra de Turismo. Foto Senatur ASUNCI\u00d3N\/19\/08\/2025.-Paraguay fue elegido oficialmente como pa\u00eds anfitri\u00f3n de la pr\u00f3xima reuni\u00f3n de la Comisi\u00f3n Regional para las Am\u00e9ricas (CAM) de ONU Turismo, que celebrar\u00e1 su 71\u00aa edici\u00f3n en el a\u00f1o 2026, y obtuvo la vicepresidencia primera de la CAM. La elecci\u00f3n se confirm\u00f3 durante la 70\u00aa edici\u00f3n del organismo desarrollada en Per\u00fa, y representa un hecho trascendente porque posiciona a nuestro pa\u00eds en el \u00e1mbito tur\u00edstico a nivel internacional. La ministra de Turismo de Paraguay, Angie Duarte, presente en este encuentro manifest\u00f3 que este importante logro consolida a Paraguay como un referente regional&#8230;<\/p>\n","protected":false},"author":1,"featured_media":67600,"comment_status":"open","ping_status":"open","sticky":false,"template":"","format":"standard","meta":{"footnotes":""},"categories":[87,4,84],"tags":[11846,12929,11164,10219],"class_list":["post-67599","post","type-post","status-publish","format-standard","has-post-thumbnail","hentry","category-actualidad","category-breaking-news","category-internacionales","tag-elenatejeradirectora","tag-onuturismo","tag-paraguayoficinaregionalomt","tag-semanarioturistamagazine"],"_links":{"self":[{"href":"https:\/\/www.turistamagazine.com\/v2\/index.php?rest_route=\/wp\/v2\/posts\/67599","targetHints":{"allow":["GET"]}}],"collection":[{"href":"https:\/\/www.turistamagazine.com\/v2\/index.php?rest_route=\/wp\/v2\/posts"}],"about":[{"href":"https:\/\/www.turistamagazine.com\/v2\/index.php?rest_route=\/wp\/v2\/types\/post"}],"author":[{"embeddable":true,"href":"https:\/\/www.turistamagazine.com\/v2\/index.php?rest_route=\/wp\/v2\/users\/1"}],"replies":[{"embeddable":true,"href":"https:\/\/www.turistamagazine.com\/v2\/index.php?rest_route=%2Fwp%2Fv2%2Fcomments&post=67599"}],"version-history":[{"count":1,"href":"https:\/\/www.turistamagazine.com\/v2\/index.php?rest_route=\/wp\/v2\/posts\/67599\/revisions"}],"predecessor-version":[{"id":67601,"href":"https:\/\/www.turistamagazine.com\/v2\/index.php?rest_route=\/wp\/v2\/posts\/67599\/revisions\/67601"}],"wp:featuredmedia":[{"embeddable":true,"href":"https:\/\/www.turistamagazine.com\/v2\/index.php?rest_route=\/wp\/v2\/media\/67600"}],"wp:attachment":[{"href":"https:\/\/www.turistamagazine.com\/v2\/index.php?rest_route=%2Fwp%2Fv2%2Fmedia&parent=67599"}],"wp:term":[{"taxonomy":"category","embeddable":true,"href":"https:\/\/www.turistamagazine.com\/v2\/index.php?rest_route=%2Fwp%2Fv2%2Fcategories&post=67599"},{"taxonomy":"post_tag","embeddable":true,"href":"https:\/\/www.turistamagazine.com\/v2\/index.php?rest_route=%2Fwp%2Fv2%2Ftags&post=67599"}],"curies":[{"name":"wp","href":"https:\/\/api.w.org\/{rel}","templated":true}]}}