{"id":67555,"date":"2025-08-16T12:59:10","date_gmt":"2025-08-16T17:59:10","guid":{"rendered":"https:\/\/www.turistamagazine.com\/v2\/?p=67555"},"modified":"2025-08-16T12:59:39","modified_gmt":"2025-08-16T17:59:39","slug":"nolberto-solano-llego-a-pakistan-recibimiento-con-collares-de-flores-resguardo-de-autoridades","status":"publish","type":"post","link":"https:\/\/www.turistamagazine.com\/v2\/?p=67555","title":{"rendered":"NOLBERTO SOLANO LLEG\u00d3 A PAKIST\u00c1N: RECIBIMIENTO CON COLLARES DE FLORES, Y RESGUARDO DE AUTORIDADES \u00a0"},"content":{"rendered":"<p style=\"text-align: center;\"><span style=\"color: #333399;\"><em><strong>Nolberto Solano lleg\u00f3 a Pakist\u00e1n en medio de un grato recibimiento. &#8211; Cr\u00e9dito: Muneeb Farrukh<\/strong><\/em><\/span><\/p>\n<p style=\"text-align: center;\"><span style=\"color: #333399;\"><em><strong>El \u2018Maestrito\u2019 fue recibido por todo lo alto en las primeras horas del s\u00e1bado 16 de agosto. Inicia funciones como entrenador de la categor\u00eda Sub-23 de Pakist\u00e1n, pero luego ocupar\u00e1 el rol de conductor en la selecci\u00f3n nacional absoluta<\/strong><\/em><\/span><\/p>\n<p style=\"text-align: justify;\"><span style=\"color: #333399;\"><em><strong>PAKISTAN\/16\/08\/2025.-Nolberto Solano se hizo esperar demasiado en Pakist\u00e1n, pero por fin lleg\u00f3 para as\u00ed dar inicio al plan de revoluci\u00f3n. Una vez que recibi\u00f3 la visa pakistan\u00ed, pudo armar valijas desde Newcastle con el prop\u00f3sito de emprender su pr\u00f3ximo reto hacia los \u2018halcones\u2019, uno de los equipos m\u00e1s modestos de la Asociaci\u00f3n Asi\u00e1tica de F\u00fatbol (AFC).<\/strong><\/em><\/span><\/p>\n<p style=\"text-align: justify;\"><span style=\"color: #333399;\"><em><strong>A primera hora del s\u00e1bado 16 de agosto, \u2018Nobby\u2019 se apareci\u00f3 en el Aeropuerto Internacional Jinnah, donde fue recibido por autoridades de la Federaci\u00f3n de F\u00fatbol de Pakist\u00e1n y tambi\u00e9n por un peque\u00f1o grupo de j\u00f3venes, que le ofreci\u00f3 algunas ofrendas en se\u00f1al de bienvenida.<\/strong><\/em><\/span><\/p>\n<p style=\"text-align: justify;\"><span style=\"color: #333399;\"><em><strong>Con un atuendo bastante casual, Solano abraz\u00f3 con simpat\u00eda el gesto de los pakistan\u00edes. Uno de los momentos m\u00e1s especiales que marc\u00f3 su llegada fue recibi\u00f3 collares y ramos de flores, en un acto protocolar que marcar\u00e1 el inicio de su era en la selecci\u00f3n nacional tanto U23 como principal.<\/strong><\/em><\/span><\/p>\n<p style=\"text-align: justify;\"><span style=\"color: #333399;\"><em><strong>F\/ Por Renzo Galiano<\/strong><\/em><\/span><\/p>\n<p style=\"text-align: justify;\">\n","protected":false},"excerpt":{"rendered":"<p>Nolberto Solano lleg\u00f3 a Pakist\u00e1n en medio de un grato recibimiento. &#8211; Cr\u00e9dito: Muneeb Farrukh El \u2018Maestrito\u2019 fue recibido por todo lo alto en las primeras horas del s\u00e1bado 16 de agosto. Inicia funciones como entrenador de la categor\u00eda Sub-23 de Pakist\u00e1n, pero luego ocupar\u00e1 el rol de conductor en la selecci\u00f3n nacional absoluta PAKISTAN\/16\/08\/2025.-Nolberto Solano se hizo esperar demasiado en Pakist\u00e1n, pero por fin lleg\u00f3 para as\u00ed dar inicio al plan de revoluci\u00f3n. Una vez que recibi\u00f3 la visa pakistan\u00ed, pudo armar valijas desde Newcastle con el prop\u00f3sito de emprender su pr\u00f3ximo reto hacia los \u2018halcones\u2019, uno de los&#8230;<\/p>\n","protected":false},"author":1,"featured_media":67557,"comment_status":"open","ping_status":"open","sticky":false,"template":"","format":"standard","meta":{"footnotes":""},"categories":[4,84],"tags":[11846,10219,13502,1102],"class_list":["post-67555","post","type-post","status-publish","format-standard","has-post-thumbnail","hentry","category-breaking-news","category-internacionales","tag-elenatejeradirectora","tag-semanarioturistamagazine","tag-nolberto-solano","tag-pakistan"],"_links":{"self":[{"href":"https:\/\/www.turistamagazine.com\/v2\/index.php?rest_route=\/wp\/v2\/posts\/67555","targetHints":{"allow":["GET"]}}],"collection":[{"href":"https:\/\/www.turistamagazine.com\/v2\/index.php?rest_route=\/wp\/v2\/posts"}],"about":[{"href":"https:\/\/www.turistamagazine.com\/v2\/index.php?rest_route=\/wp\/v2\/types\/post"}],"author":[{"embeddable":true,"href":"https:\/\/www.turistamagazine.com\/v2\/index.php?rest_route=\/wp\/v2\/users\/1"}],"replies":[{"embeddable":true,"href":"https:\/\/www.turistamagazine.com\/v2\/index.php?rest_route=%2Fwp%2Fv2%2Fcomments&post=67555"}],"version-history":[{"count":2,"href":"https:\/\/www.turistamagazine.com\/v2\/index.php?rest_route=\/wp\/v2\/posts\/67555\/revisions"}],"predecessor-version":[{"id":67559,"href":"https:\/\/www.turistamagazine.com\/v2\/index.php?rest_route=\/wp\/v2\/posts\/67555\/revisions\/67559"}],"wp:featuredmedia":[{"embeddable":true,"href":"https:\/\/www.turistamagazine.com\/v2\/index.php?rest_route=\/wp\/v2\/media\/67557"}],"wp:attachment":[{"href":"https:\/\/www.turistamagazine.com\/v2\/index.php?rest_route=%2Fwp%2Fv2%2Fmedia&parent=67555"}],"wp:term":[{"taxonomy":"category","embeddable":true,"href":"https:\/\/www.turistamagazine.com\/v2\/index.php?rest_route=%2Fwp%2Fv2%2Fcategories&post=67555"},{"taxonomy":"post_tag","embeddable":true,"href":"https:\/\/www.turistamagazine.com\/v2\/index.php?rest_route=%2Fwp%2Fv2%2Ftags&post=67555"}],"curies":[{"name":"wp","href":"https:\/\/api.w.org\/{rel}","templated":true}]}}