{"id":67445,"date":"2025-08-03T15:22:07","date_gmt":"2025-08-03T20:22:07","guid":{"rendered":"https:\/\/www.turistamagazine.com\/v2\/?p=67445"},"modified":"2025-08-03T15:22:07","modified_gmt":"2025-08-03T20:22:07","slug":"la-peninsula-iberica-se-prepara-para-la-ola-de-calor-portugal-y-espana-en-alerta","status":"publish","type":"post","link":"https:\/\/www.turistamagazine.com\/v2\/?p=67445","title":{"rendered":"LA PEN\u00cdNSULA IB\u00c9RICA SE PREPARA PARA LA OLA DE CALOR: PORTUGAL Y ESPA\u00d1A EN ALERTA"},"content":{"rendered":"<p><em><strong>Derechos de autor AP Photo\/Sergio Azenha<\/strong><\/em><\/p>\n<p style=\"text-align: justify;\"><span style=\"color: #333399;\"><em><strong>P<\/strong><\/em><strong><em>or Rita Afonso &amp; Jes\u00fas Maturana<\/em><\/strong><\/span><\/p>\n<p style=\"text-align: justify;\"><span style=\"color: #333399;\"><strong><em>PORTUGAL\/03\/08\/2025.-La situaci\u00f3n de alerta para Portugal continental comienza a las 00:00 de este domingo y se prolonga hasta las 23:59 del jueves 7 de agosto, anunci\u00f3 la ministra del Interior, Maria L\u00facia Amaral.<\/em><\/strong><\/span><\/p>\n<p style=\"text-align: justify;\"><span style=\"color: #333399;\"><strong><em>Portugal continental entrar\u00e1 en alerta a partir de las 00:00 de este domingo debido al agravamiento del riesgo de incendios rurales como consecuencia del \u00abepisodio de calor considerablemente severo\u00bb en Portugal, con temperaturas m\u00e1ximas previstas de entre 36\u00baC y 44\u00baC<\/em><\/strong><\/span><\/p>\n<p style=\"text-align: justify;\"><span style=\"color: #333399;\"><strong><em>El anuncio lo hizo este s\u00e1bado la ministra de Administraci\u00f3n Interior, Maria L\u00facia Amaral. La situaci\u00f3n de alerta estar\u00e1 en vigor hasta las 23:59 del 7 de agosto.<\/em><\/strong><\/span><\/p>\n<p style=\"text-align: justify;\"><span style=\"color: #333399;\"><strong><em>\u00abEsta decisi\u00f3n se debe al mantenimiento de temperaturas muy elevadas, a los bajos niveles de humedad y a la necesidad de adoptar medidas preventivas y especiales para responder al riesgo de incendio en gran parte de Portugal continental\u00bb, explic\u00f3 la ministra.<\/em><\/strong><\/span><\/p>\n<p style=\"text-align: justify;\"><span style=\"color: #333399;\"><strong><em>Durante este periodo, a\u00f1adi\u00f3, se aplicar\u00e1n las siguientes medidas excepcionales: \u00abProhibici\u00f3n de acceso, circulaci\u00f3n y permanencia dentro de los espacios forestales, de acuerdo con los planes municipales de defensa contra incendios forestales; prohibici\u00f3n de quemas y fuegos, as\u00ed como la suspensi\u00f3n de las autorizaciones que se hayan expedido; prohibici\u00f3n de realizar trabajos en los espacios forestales y otros espacios rurales utilizando maquinaria; prohibici\u00f3n del uso de fuegos artificiales u otros artefactos pirot\u00e9cnicos, as\u00ed como la suspensi\u00f3n de las autorizaciones que se hayan expedido.\u00bb<\/em><\/strong><\/span><\/p>\n<p style=\"text-align: justify;\"><span style=\"color: #333399;\"><strong><em>Estas prohibiciones, subray\u00f3 Maria L\u00facia Amaral, incluyen algunas excepciones muy concretas, debidamente contempladas y que pueden consultarse en el portal del Gobierno.<\/em><\/strong><\/span><\/p>\n<p style=\"text-align: justify;\"><span style=\"color: #333399;\"><strong><em>\u00abEpisodio de calor considerablemente intenso\u00bb en Portugal<\/em><\/strong><\/span><\/p>\n<p style=\"text-align: justify;\"><span style=\"color: #333399;\"><strong><em>Una masa de aire caliente procedente del norte de \u00c1frica se bloquear\u00e1 sobre la Pen\u00ednsula Ib\u00e9rica a partir del domingo 3 de agosto, lo que significa que Portugal, al igual que Espa\u00f1a, experimentar\u00e1 temperaturas a\u00fan m\u00e1s elevadas que podr\u00edan alcanzar los 45\u00baC.<\/em><\/strong><\/span><\/p>\n<p style=\"text-align: justify;\"><span style=\"color: #333399;\"><strong><em>Hasta el pr\u00f3ximo mi\u00e9rcoles, 6 de agosto, se espera un \u00abepisodio de fuerte calor\u00bb en Portugal, con temperaturas m\u00e1ximas muy elevadas, de entre 36\u00baC y 40\u00b0C en la mayor parte del pa\u00eds, y de entre 41\u00baC y 44\u00b0C en el interior del Alentejo, el valle del Tajo y el valle del Duero. (\u2026)<\/em><\/strong><\/span><\/p>\n<p style=\"text-align: justify;\"><span style=\"color: #333399;\"><strong><em>F\/ EURONews<\/em><\/strong><\/span><\/p>\n","protected":false},"excerpt":{"rendered":"<p>Derechos de autor AP Photo\/Sergio Azenha Por Rita Afonso &amp; Jes\u00fas Maturana PORTUGAL\/03\/08\/2025.-La situaci\u00f3n de alerta para Portugal continental comienza a las 00:00 de este domingo y se prolonga hasta las 23:59 del jueves 7 de agosto, anunci\u00f3 la ministra del Interior, Maria L\u00facia Amaral. Portugal continental entrar\u00e1 en alerta a partir de las 00:00 de este domingo debido al agravamiento del riesgo de incendios rurales como consecuencia del \u00abepisodio de calor considerablemente severo\u00bb en Portugal, con temperaturas m\u00e1ximas previstas de entre 36\u00baC y 44\u00baC El anuncio lo hizo este s\u00e1bado la ministra de Administraci\u00f3n Interior, Maria L\u00facia Amaral. La&#8230;<\/p>\n","protected":false},"author":1,"featured_media":67446,"comment_status":"open","ping_status":"open","sticky":false,"template":"","format":"standard","meta":{"footnotes":""},"categories":[4,84],"tags":[11846,13490,10219],"class_list":["post-67445","post","type-post","status-publish","format-standard","has-post-thumbnail","hentry","category-breaking-news","category-internacionales","tag-elenatejeradirectora","tag-oladecalorenesapanayportugal","tag-semanarioturistamagazine"],"_links":{"self":[{"href":"https:\/\/www.turistamagazine.com\/v2\/index.php?rest_route=\/wp\/v2\/posts\/67445","targetHints":{"allow":["GET"]}}],"collection":[{"href":"https:\/\/www.turistamagazine.com\/v2\/index.php?rest_route=\/wp\/v2\/posts"}],"about":[{"href":"https:\/\/www.turistamagazine.com\/v2\/index.php?rest_route=\/wp\/v2\/types\/post"}],"author":[{"embeddable":true,"href":"https:\/\/www.turistamagazine.com\/v2\/index.php?rest_route=\/wp\/v2\/users\/1"}],"replies":[{"embeddable":true,"href":"https:\/\/www.turistamagazine.com\/v2\/index.php?rest_route=%2Fwp%2Fv2%2Fcomments&post=67445"}],"version-history":[{"count":1,"href":"https:\/\/www.turistamagazine.com\/v2\/index.php?rest_route=\/wp\/v2\/posts\/67445\/revisions"}],"predecessor-version":[{"id":67447,"href":"https:\/\/www.turistamagazine.com\/v2\/index.php?rest_route=\/wp\/v2\/posts\/67445\/revisions\/67447"}],"wp:featuredmedia":[{"embeddable":true,"href":"https:\/\/www.turistamagazine.com\/v2\/index.php?rest_route=\/wp\/v2\/media\/67446"}],"wp:attachment":[{"href":"https:\/\/www.turistamagazine.com\/v2\/index.php?rest_route=%2Fwp%2Fv2%2Fmedia&parent=67445"}],"wp:term":[{"taxonomy":"category","embeddable":true,"href":"https:\/\/www.turistamagazine.com\/v2\/index.php?rest_route=%2Fwp%2Fv2%2Fcategories&post=67445"},{"taxonomy":"post_tag","embeddable":true,"href":"https:\/\/www.turistamagazine.com\/v2\/index.php?rest_route=%2Fwp%2Fv2%2Ftags&post=67445"}],"curies":[{"name":"wp","href":"https:\/\/api.w.org\/{rel}","templated":true}]}}