{"id":67418,"date":"2025-08-01T16:31:10","date_gmt":"2025-08-01T21:31:10","guid":{"rendered":"https:\/\/www.turistamagazine.com\/v2\/?p=67418"},"modified":"2025-08-01T16:31:10","modified_gmt":"2025-08-01T21:31:10","slug":"pabellon-peru-en-la-expo-2025-osaka-kansai-se-expusieron-nuevas-teorias-y-geoglifos-de-las-lineas-de-nasca","status":"publish","type":"post","link":"https:\/\/www.turistamagazine.com\/v2\/?p=67418","title":{"rendered":"PABELL\u00d3N PER\u00da EN LA EXPO 2025 OSAKA-KANSAI SE EXPUSIERON NUEVAS TEOR\u00cdAS Y GEOGLIFOS DE LAS L\u00cdNEAS DE NASCA"},"content":{"rendered":"<p style=\"text-align: center;\"><span style=\"color: #333399;\"><em><strong>El profesor de la Universidad de Yamagata a cargo de la investigaci\u00f3n de las L\u00edneas de Nasca, Masato Sakai, dio una conferencia de prensa sobre los nuevos hallazgos.<\/strong><\/em><\/span><\/p>\n<p style=\"text-align: justify;\"><span style=\"color: #333399;\"><em><strong>JAP\u00d3N\/01\/08\/2025.- El Pabell\u00f3n de Per\u00fa en la Expo 2025 Osaka-Kansai fue el escenario de la presentaci\u00f3n oficial del hallazgo de 248 nuevos geoglifos, descubiertos mediante estudios de campo con apoyo de inteligencia artificial. El importante anuncio fue realizado por el profesor Masato Sakai, reconocido experto en la cultura Nasca, quien indic\u00f3 que estas figuras habr\u00edan sido creadas para contar historias o transmitir mensajes. La noticia fue compartida por PROMPER\u00da, entidad organizadora del pabell\u00f3n, que ya ha recibido a m\u00e1s de medio mill\u00f3n de visitantes.<\/strong><\/em><\/span><\/p>\n<p style=\"text-align: justify;\"><span style=\"color: #333399;\"><em><strong>Puntos principales de la presentaci\u00f3n de la investigaci\u00f3n<\/strong><\/em><\/span><\/p>\n<p style=\"text-align: justify;\"><span style=\"color: #333399;\"><em><strong>En 2023 y 2024, la Universidad de Yamagata e IBM realizaron estudios de campo con el apoyo de IA, lo que llev\u00f3 al descubrimiento de 248 nuevos geoglifos en la Pampa de Nasca.<\/strong><\/em><\/span><\/p>\n<p style=\"text-align: justify;\"><span style=\"color: #333399;\"><em><strong>\u201cSe investigaron sistem\u00e1ticamente caminos conocidos por contener geoglifos. Estos incluyen 41 que representan figuras humanas, 31 escenas de decapitaci\u00f3n, 21 llamas, 66 otros animales, 1 motivo de alfiler, 81 patrones geom\u00e9tricos y 7 de otros tipos, de los cuales 160 son geoglifos figurativos\u201d se\u00f1al\u00f3 Masato Sakai, profesor titular y vicedirector del Instituto Nasca de la Universidad de Yamagata.<\/strong><\/em><\/span><\/p>\n<p style=\"text-align: justify;\"><span style=\"color: #333399;\"><em><strong>Con este hallazgo, el n\u00famero total de geoglifos figurativos ha llegado a 893. Se cree que muchos de los geoglifos reci\u00e9n descubiertos se dispusieron a lo largo de peque\u00f1os caminos seg\u00fan temas espec\u00edficos. Se piensa que cada camino representaba temas como \u00absacrificio humano\u00bb, \u00abaves silvestres\u00bb o \u00abanimales domesticados\u00bb.<\/strong><\/em><\/span><\/p>\n<div id=\"attachment_67419\" style=\"width: 640px\" class=\"wp-caption aligncenter\"><a href=\"https:\/\/www.turistamagazine.com\/v2\/wp-content\/uploads\/2025\/08\/Presentacion-geoglifos-7.jpg\"><img decoding=\"async\" aria-describedby=\"caption-attachment-67419\" class=\"wp-image-67419\" src=\"https:\/\/www.turistamagazine.com\/v2\/wp-content\/uploads\/2025\/08\/Presentacion-geoglifos-7.jpg\" alt=\"\" width=\"630\" height=\"420\" srcset=\"https:\/\/www.turistamagazine.com\/v2\/wp-content\/uploads\/2025\/08\/Presentacion-geoglifos-7.jpg 700w, https:\/\/www.turistamagazine.com\/v2\/wp-content\/uploads\/2025\/08\/Presentacion-geoglifos-7-300x200.jpg 300w, https:\/\/www.turistamagazine.com\/v2\/wp-content\/uploads\/2025\/08\/Presentacion-geoglifos-7-630x420.jpg 630w, https:\/\/www.turistamagazine.com\/v2\/wp-content\/uploads\/2025\/08\/Presentacion-geoglifos-7-610x407.jpg 610w\" sizes=\"(max-width: 630px) 100vw, 630px\" \/><\/a><p id=\"caption-attachment-67419\" class=\"wp-caption-text\"><span style=\"color: #333399;\"><em><strong>La ubicaci\u00f3n de los geoglifos indica que fueron creados con intenci\u00f3n, no solo como decoraci\u00f3n. Se cree que transmit\u00edan historias o mensajes. Eran parte de una pr\u00e1ctica cultural ligada a la fe y la memoria colectiva de la comunidad.<\/strong><\/em><\/span><\/p><\/div>\n<p style=\"text-align: justify;\"><span style=\"color: #333399;\"><em><strong>Fernando Albareda, Vicecomisario del Pabell\u00f3n de Per\u00fa, declar\u00f3 en sus palabras de apertura: \u00abEste proyecto es un s\u00edmbolo de la cooperaci\u00f3n cultural entre Per\u00fa y Jap\u00f3n y representa un logro hist\u00f3rico que ha avanzado significativamente la protecci\u00f3n y comprensi\u00f3n de los geoglifos de Nasca, Patrimonio de la Humanidad. Es un honor anunciar estos logros en la Expo\u00bb.<\/strong><\/em><\/span><\/p>\n<p style=\"text-align: justify;\"><span style=\"color: #333399;\"><em><strong>Adem\u00e1s, el Pabell\u00f3n de Per\u00fa est\u00e1 transformando su zona de exhibici\u00f3n de la antig\u00fcedad de la \u00abCivilizaci\u00f3n Moche \u2013 Se\u00f1ores del Desierto\u00bb, que se centraba en el Se\u00f1or de Sip\u00e1n, en una exhibici\u00f3n tem\u00e1tica de Nasca. En la actualidad se exhiben paneles con los geoglifos, a principios de agosto se presentar\u00e1n piezas aut\u00e9nticas del per\u00edodo Nasca.<\/strong><\/em><\/span><\/p>\n<p style=\"text-align: justify;\"><span style=\"color: #800080;\"><em><strong>Per\u00fa Day<\/strong><\/em><\/span><\/p>\n<p style=\"text-align: justify;\"><span style=\"color: #333399;\"><em><strong>El 9 de agosto, el Pabell\u00f3n de Per\u00fa en la Expo 2025 Osaka-Kansai celebrar\u00e1 el D\u00eda Nacional del Per\u00fa con danzas, comparsas y m\u00fasica tradicional. El evento reunir\u00e1 a autoridades y p\u00fablico internacional en una jornada que mostrar\u00e1 la riqueza cultural del pa\u00eds. A trav\u00e9s de estas acciones, se busca fortalecer la imagen del pa\u00eds como un destino atractivo, sostenible y competitivo.<\/strong><\/em><\/span><\/p>\n","protected":false},"excerpt":{"rendered":"<p>El profesor de la Universidad de Yamagata a cargo de la investigaci\u00f3n de las L\u00edneas de Nasca, Masato Sakai, dio una conferencia de prensa sobre los nuevos hallazgos. JAP\u00d3N\/01\/08\/2025.- El Pabell\u00f3n de Per\u00fa en la Expo 2025 Osaka-Kansai fue el escenario de la presentaci\u00f3n oficial del hallazgo de 248 nuevos geoglifos, descubiertos mediante estudios de campo con apoyo de inteligencia artificial. El importante anuncio fue realizado por el profesor Masato Sakai, reconocido experto en la cultura Nasca, quien indic\u00f3 que estas figuras habr\u00edan sido creadas para contar historias o transmitir mensajes. La noticia fue compartida por PROMPER\u00da, entidad organizadora del&#8230;<\/p>\n","protected":false},"author":1,"featured_media":67420,"comment_status":"open","ping_status":"open","sticky":false,"template":"","format":"standard","meta":{"footnotes":""},"categories":[4,82],"tags":[11846,10219,13263],"class_list":["post-67418","post","type-post","status-publish","format-standard","has-post-thumbnail","hentry","category-breaking-news","category-nacionales","tag-elenatejeradirectora","tag-semanarioturistamagazine","tag-expo-2025-osaka-kansai"],"_links":{"self":[{"href":"https:\/\/www.turistamagazine.com\/v2\/index.php?rest_route=\/wp\/v2\/posts\/67418","targetHints":{"allow":["GET"]}}],"collection":[{"href":"https:\/\/www.turistamagazine.com\/v2\/index.php?rest_route=\/wp\/v2\/posts"}],"about":[{"href":"https:\/\/www.turistamagazine.com\/v2\/index.php?rest_route=\/wp\/v2\/types\/post"}],"author":[{"embeddable":true,"href":"https:\/\/www.turistamagazine.com\/v2\/index.php?rest_route=\/wp\/v2\/users\/1"}],"replies":[{"embeddable":true,"href":"https:\/\/www.turistamagazine.com\/v2\/index.php?rest_route=%2Fwp%2Fv2%2Fcomments&post=67418"}],"version-history":[{"count":1,"href":"https:\/\/www.turistamagazine.com\/v2\/index.php?rest_route=\/wp\/v2\/posts\/67418\/revisions"}],"predecessor-version":[{"id":67421,"href":"https:\/\/www.turistamagazine.com\/v2\/index.php?rest_route=\/wp\/v2\/posts\/67418\/revisions\/67421"}],"wp:featuredmedia":[{"embeddable":true,"href":"https:\/\/www.turistamagazine.com\/v2\/index.php?rest_route=\/wp\/v2\/media\/67420"}],"wp:attachment":[{"href":"https:\/\/www.turistamagazine.com\/v2\/index.php?rest_route=%2Fwp%2Fv2%2Fmedia&parent=67418"}],"wp:term":[{"taxonomy":"category","embeddable":true,"href":"https:\/\/www.turistamagazine.com\/v2\/index.php?rest_route=%2Fwp%2Fv2%2Fcategories&post=67418"},{"taxonomy":"post_tag","embeddable":true,"href":"https:\/\/www.turistamagazine.com\/v2\/index.php?rest_route=%2Fwp%2Fv2%2Ftags&post=67418"}],"curies":[{"name":"wp","href":"https:\/\/api.w.org\/{rel}","templated":true}]}}