{"id":67291,"date":"2025-07-19T18:28:10","date_gmt":"2025-07-19T23:28:10","guid":{"rendered":"https:\/\/www.turistamagazine.com\/v2\/?p=67291"},"modified":"2025-07-19T18:28:10","modified_gmt":"2025-07-19T23:28:10","slug":"hola-frida-por-primera-vez-la-vida-de-frida-kahlo-en-una-pelicula-animada","status":"publish","type":"post","link":"https:\/\/www.turistamagazine.com\/v2\/?p=67291","title":{"rendered":"\u201cHOLA FRIDA\u201d: POR PRIMERA VEZ, LA VIDA DE FRIDA KAHLO EN UNA PEL\u00cdCULA ANIMADA"},"content":{"rendered":"<p style=\"text-align: center;\">\u00a0<span style=\"color: #333399;\"><em><strong>Su infancia, desde su lucha contra la poliomielitis hasta el descubrimiento de su identidad creativa<\/strong><\/em><\/span><\/p>\n<p style=\"text-align: center;\"><span style=\"color: #333399;\"><em><strong>\u00a0A partir del 14 de agosto del 2025 en todas las salas de cine<\/strong><\/em><\/span><\/p>\n<p style=\"text-align: justify;\"><span style=\"color: #333399;\"><em><strong>Lima\/19\/07\/2025.-Frida Kahlo llega a la gran pantalla por primera vez en una pel\u00edcula animada, al cumplirse 70 a\u00f1os de su muerte. \u00abHola Frida\u00bb es dirigida por Karine V\u00e9zina y Andr\u00e9 Kadi y se ver\u00e1 a partir del 14 de agosto del 2025 en todas las salas de cine del pa\u00eds.<\/strong><\/em><\/span><\/p>\n<p style=\"text-align: justify;\"><span style=\"color: #333399;\"><em><strong>La cinta promete conquistar corazones con una historia entra\u00f1able, poderosa y visualmente deslumbrante basada en los libros infantiles de Sophie Faucher e ilustrados por la reconocida artista Cara Carmina. La autenticidad y sensibilidad con la que se retrata la infancia de Frida han conmovido tanto a expertos en su obra como al p\u00fablico general.<\/strong><\/em><\/span><\/p>\n<p style=\"text-align: justify;\"><span style=\"color: #333399;\"><em><strong>\u00abHola Frida\u00bb invita al p\u00fablico a conocer la infancia de uno de los personajes m\u00e1s ic\u00f3nicos del arte mexicano en su mundo de imaginaci\u00f3n desbordante, creatividad sin l\u00edmites y emociones profundas en el colorido coraz\u00f3n de Coyoac\u00e1n, desde su lucha temprana contra la poliomielitis hasta el descubrimiento de su identidad creativa.<\/strong><\/em><\/span><\/p>\n<p style=\"text-align: justify;\"><span style=\"color: #333399;\"><em><strong>La animaci\u00f3n est\u00e1 llena de color, textura y simbolismo. Cada detalle est\u00e1 cuidadosamente estudiado desde las cartas personales y el cuaderno de dibujo de Frida hasta los mercados vibrantes de la Ciudad de M\u00e9xico pasando por la intimidad de la Casa Azul.<\/strong><\/em><\/span><\/p>\n<p><a href=\"https:\/\/www.turistamagazine.com\/v2\/wp-content\/uploads\/2025\/07\/Frida.jpg\"><img decoding=\"async\" class=\"aligncenter wp-image-67293\" src=\"https:\/\/www.turistamagazine.com\/v2\/wp-content\/uploads\/2025\/07\/Frida.jpg\" alt=\"\" width=\"459\" height=\"536\" srcset=\"https:\/\/www.turistamagazine.com\/v2\/wp-content\/uploads\/2025\/07\/Frida.jpg 630w, https:\/\/www.turistamagazine.com\/v2\/wp-content\/uploads\/2025\/07\/Frida-257x300.jpg 257w, https:\/\/www.turistamagazine.com\/v2\/wp-content\/uploads\/2025\/07\/Frida-360x420.jpg 360w\" sizes=\"(max-width: 459px) 100vw, 459px\" \/><\/a><\/p>\n<p style=\"text-align: justify;\"><span style=\"color: #333399;\"><em><strong>El elenco de voces est\u00e1 encabezado por la cantante y actriz Olivia Ruiz quien, adem\u00e1s, compuso el tema musical principal. La banda sonora corre a cargo de Laetitia Pansanel-Garric, cuya partitura combina instrumentos tradicionales con armon\u00edas modernas para capturar la esencia de M\u00e9xico y el universo interno de Frida. La producci\u00f3n, que cuenta con el apoyo y colaboraci\u00f3n de Cristina Kahlo, sobrina nieta de la artista, y por el Museo Frida Kahlo, fue recibida con entusiasmo en sus primeras proyecciones en el Festival de Morelia en Ciudad de M\u00e9xico en 2024 y en el Festival de Cine de Animaci\u00f3n de Annecy en junio de este a\u00f1o, donde se exhibi\u00f3 gratuitamente para m\u00e1s de 500 personas incluyendo familias.<\/strong><\/em><\/span><\/p>\n<p style=\"text-align: justify;\"><span style=\"color: #333399;\"><em><strong>\u00abHola Frida\u00bb no es solo una pel\u00edcula biogr\u00e1fica: es una carta de amor a la imaginaci\u00f3n, a la identidad y a la fuerza de la infancia. Una historia que celebra el poder de ser uno mismo, incluso cuando el mundo parece no entenderlo. Un estreno imperdible para toda la familia.<\/strong><\/em><\/span><\/p>\n","protected":false},"excerpt":{"rendered":"<p>\u00a0Su infancia, desde su lucha contra la poliomielitis hasta el descubrimiento de su identidad creativa \u00a0A partir del 14 de agosto del 2025 en todas las salas de cine Lima\/19\/07\/2025.-Frida Kahlo llega a la gran pantalla por primera vez en una pel\u00edcula animada, al cumplirse 70 a\u00f1os de su muerte. \u00abHola Frida\u00bb es dirigida por Karine V\u00e9zina y Andr\u00e9 Kadi y se ver\u00e1 a partir del 14 de agosto del 2025 en todas las salas de cine del pa\u00eds. La cinta promete conquistar corazones con una historia entra\u00f1able, poderosa y visualmente deslumbrante basada en los libros infantiles de Sophie Faucher&#8230;<\/p>\n","protected":false},"author":1,"featured_media":67292,"comment_status":"open","ping_status":"open","sticky":false,"template":"","format":"standard","meta":{"footnotes":""},"categories":[4,82],"tags":[11846,13468,10219],"class_list":["post-67291","post","type-post","status-publish","format-standard","has-post-thumbnail","hentry","category-breaking-news","category-nacionales","tag-elenatejeradirectora","tag-fridakahlo","tag-semanarioturistamagazine"],"_links":{"self":[{"href":"https:\/\/www.turistamagazine.com\/v2\/index.php?rest_route=\/wp\/v2\/posts\/67291","targetHints":{"allow":["GET"]}}],"collection":[{"href":"https:\/\/www.turistamagazine.com\/v2\/index.php?rest_route=\/wp\/v2\/posts"}],"about":[{"href":"https:\/\/www.turistamagazine.com\/v2\/index.php?rest_route=\/wp\/v2\/types\/post"}],"author":[{"embeddable":true,"href":"https:\/\/www.turistamagazine.com\/v2\/index.php?rest_route=\/wp\/v2\/users\/1"}],"replies":[{"embeddable":true,"href":"https:\/\/www.turistamagazine.com\/v2\/index.php?rest_route=%2Fwp%2Fv2%2Fcomments&post=67291"}],"version-history":[{"count":4,"href":"https:\/\/www.turistamagazine.com\/v2\/index.php?rest_route=\/wp\/v2\/posts\/67291\/revisions"}],"predecessor-version":[{"id":67297,"href":"https:\/\/www.turistamagazine.com\/v2\/index.php?rest_route=\/wp\/v2\/posts\/67291\/revisions\/67297"}],"wp:featuredmedia":[{"embeddable":true,"href":"https:\/\/www.turistamagazine.com\/v2\/index.php?rest_route=\/wp\/v2\/media\/67292"}],"wp:attachment":[{"href":"https:\/\/www.turistamagazine.com\/v2\/index.php?rest_route=%2Fwp%2Fv2%2Fmedia&parent=67291"}],"wp:term":[{"taxonomy":"category","embeddable":true,"href":"https:\/\/www.turistamagazine.com\/v2\/index.php?rest_route=%2Fwp%2Fv2%2Fcategories&post=67291"},{"taxonomy":"post_tag","embeddable":true,"href":"https:\/\/www.turistamagazine.com\/v2\/index.php?rest_route=%2Fwp%2Fv2%2Ftags&post=67291"}],"curies":[{"name":"wp","href":"https:\/\/api.w.org\/{rel}","templated":true}]}}