{"id":67210,"date":"2025-07-13T16:04:28","date_gmt":"2025-07-13T21:04:28","guid":{"rendered":"https:\/\/www.turistamagazine.com\/v2\/?p=67210"},"modified":"2025-07-13T16:11:26","modified_gmt":"2025-07-13T21:11:26","slug":"apotur-pese-a-los-lamentables-hechos-en-el-sur-peruano-se-llegaria-a-la-cifra-de-4-2-millones-de-turistas-al-concluir-el-2025","status":"publish","type":"post","link":"https:\/\/www.turistamagazine.com\/v2\/?p=67210","title":{"rendered":"APOTUR: PESE A TODO  SE LLEGAR\u00cdA A LA CIFRA DE 4.2 MILLONES DE TURISTAS AL CONCLUIR EL 2025"},"content":{"rendered":"<p style=\"text-align: justify;\"><span style=\"color: #333399;\"><em><strong>LIMA\/PERU\/13\/07\/2025.- La presidenta de la Asociaci\u00f3n Peruana de Operadores de Turismo Receptivo e Interno (APOTUR), Claudia Medina expres\u00f3 su confianza que, al concluir el presente a\u00f1o, se llegu\u00e9 a la cifra de 4.2 millones de turistas, a pesar de los lamentables sucesos acaecidos en el sur de nuestro pa\u00eds.<\/strong><\/em><\/span><\/p>\n<p style=\"text-align: justify;\"><span style=\"color: #333399;\"><em><strong>Consider\u00f3 que, como gremio y como Per\u00fa, nuestro pa\u00eds se encuentra lleno de atractivos como la naturaleza, ecoturismo, gastronom\u00eda y entre otros.<\/strong><\/em><\/span><\/p>\n<p style=\"text-align: justify;\"><span style=\"color: #333399;\"><em><strong>\u201cPodemos hacer el esfuerzo en llegar a la meta al culminar el 2025 y porque no, superar m\u00e1s all\u00e1 de los cinco millones, pero se har\u00e1 con una determinaci\u00f3n de seguir invirtiendo activamente en la promoci\u00f3n y realizar viajes interregionales, as\u00ed como brindar al turista\u201d, sostuvo la titular de APOTUR.<\/strong><\/em><\/span><\/p>\n<p style=\"text-align: justify;\"><span style=\"color: #333399;\"><em><strong>Al respecto, Medina plante\u00f3 al gobierno buscar a las aerol\u00edneas europeas que operan en Sudam\u00e9rica como es el caso de Lufthansa (Alemania) que vuela en la actualidad a las ciudades de Bogot\u00e1, Colombia y Sao Paulo, Brasil.<\/strong><\/em><\/span><\/p>\n<p style=\"text-align: justify;\"><span style=\"color: #333399;\"><em><strong>\u201cTenemos que hacer el esfuerzo de generar las facilidades econ\u00f3micas para que vengan m\u00e1s aerol\u00edneas y sientan tambi\u00e9n m\u00e1s atractiva el uso del nuevo aeropuerto internacional\u201d, explic\u00f3.<\/strong><\/em><\/span><\/p>\n<p style=\"text-align: justify;\"><span style=\"color: #333399;\"><em><strong>Agreg\u00f3 que se tiene en Tarifa de Uso de Aeropuerto (TUA) y las facilidades que podr\u00eda dar Lima Airport Partners (LAP) y tener la infraestructura aeroportuaria adecuada para recibir aviones de largo alcance o un Airbus 380.<\/strong><\/em><\/span><\/p>\n<p style=\"text-align: justify;\"><span style=\"color: #333399;\"><em><strong>P\u00e9rdidas econ\u00f3micas<\/strong><\/em><\/span><\/p>\n<p style=\"text-align: justify;\"><span style=\"color: #333399;\"><em><strong>De otra parte, la presidenta de APOTUR estim\u00f3 que las p\u00e9rdidas econ\u00f3micas en Cusco, Arequipa e Ica ascender\u00edan unos 6.0 millones de d\u00f3lares por d\u00eda que ha ocasionado los mineros con el bloqueo de carreteras hacia los referidos destinos.<\/strong><\/em><\/span><\/p>\n<p style=\"text-align: justify;\"><span style=\"color: #333399;\"><em><strong>\u201cPor ejemplo, en Nazca, se han cancelado 1000 reservas por d\u00eda. Nuestro temor es que aquellos turistas que ten\u00edan previsto viajar al Per\u00fa podr\u00edan cancelar sus reservas o postergar su visita a nuestro pa\u00eds\u201d, manifest\u00f3 la dirigente gremial.<\/strong><\/em><\/span><\/p>\n<p style=\"text-align: justify;\"><span style=\"color: #333399;\"><em><strong>A\u00f1adi\u00f3 que dicho conflicto ha propiciado no poder llevar al turista a Nazca y Arequipa, hecho que perjudicar\u00eda la imagen del Per\u00fa en el exterior.<\/strong><\/em><\/span><\/p>\n","protected":false},"excerpt":{"rendered":"<p>LIMA\/PERU\/13\/07\/2025.- La presidenta de la Asociaci\u00f3n Peruana de Operadores de Turismo Receptivo e Interno (APOTUR), Claudia Medina expres\u00f3 su confianza que, al concluir el presente a\u00f1o, se llegu\u00e9 a la cifra de 4.2 millones de turistas, a pesar de los lamentables sucesos acaecidos en el sur de nuestro pa\u00eds. Consider\u00f3 que, como gremio y como Per\u00fa, nuestro pa\u00eds se encuentra lleno de atractivos como la naturaleza, ecoturismo, gastronom\u00eda y entre otros. \u201cPodemos hacer el esfuerzo en llegar a la meta al culminar el 2025 y porque no, superar m\u00e1s all\u00e1 de los cinco millones, pero se har\u00e1 con una determinaci\u00f3n&#8230;<\/p>\n","protected":false},"author":1,"featured_media":67211,"comment_status":"open","ping_status":"open","sticky":false,"template":"","format":"standard","meta":{"footnotes":""},"categories":[4,82],"tags":[13455,11846,10219,1065],"class_list":["post-67210","post","type-post","status-publish","format-standard","has-post-thumbnail","hentry","category-breaking-news","category-nacionales","tag-claudiamedinapresidentedeapotur","tag-elenatejeradirectora","tag-semanarioturistamagazine","tag-apotur"],"_links":{"self":[{"href":"https:\/\/www.turistamagazine.com\/v2\/index.php?rest_route=\/wp\/v2\/posts\/67210","targetHints":{"allow":["GET"]}}],"collection":[{"href":"https:\/\/www.turistamagazine.com\/v2\/index.php?rest_route=\/wp\/v2\/posts"}],"about":[{"href":"https:\/\/www.turistamagazine.com\/v2\/index.php?rest_route=\/wp\/v2\/types\/post"}],"author":[{"embeddable":true,"href":"https:\/\/www.turistamagazine.com\/v2\/index.php?rest_route=\/wp\/v2\/users\/1"}],"replies":[{"embeddable":true,"href":"https:\/\/www.turistamagazine.com\/v2\/index.php?rest_route=%2Fwp%2Fv2%2Fcomments&post=67210"}],"version-history":[{"count":2,"href":"https:\/\/www.turistamagazine.com\/v2\/index.php?rest_route=\/wp\/v2\/posts\/67210\/revisions"}],"predecessor-version":[{"id":67213,"href":"https:\/\/www.turistamagazine.com\/v2\/index.php?rest_route=\/wp\/v2\/posts\/67210\/revisions\/67213"}],"wp:featuredmedia":[{"embeddable":true,"href":"https:\/\/www.turistamagazine.com\/v2\/index.php?rest_route=\/wp\/v2\/media\/67211"}],"wp:attachment":[{"href":"https:\/\/www.turistamagazine.com\/v2\/index.php?rest_route=%2Fwp%2Fv2%2Fmedia&parent=67210"}],"wp:term":[{"taxonomy":"category","embeddable":true,"href":"https:\/\/www.turistamagazine.com\/v2\/index.php?rest_route=%2Fwp%2Fv2%2Fcategories&post=67210"},{"taxonomy":"post_tag","embeddable":true,"href":"https:\/\/www.turistamagazine.com\/v2\/index.php?rest_route=%2Fwp%2Fv2%2Ftags&post=67210"}],"curies":[{"name":"wp","href":"https:\/\/api.w.org\/{rel}","templated":true}]}}