{"id":66856,"date":"2025-06-12T17:05:56","date_gmt":"2025-06-12T22:05:56","guid":{"rendered":"https:\/\/www.turistamagazine.com\/v2\/?p=66856"},"modified":"2025-06-12T17:06:40","modified_gmt":"2025-06-12T22:06:40","slug":"gremios-de-turismo-y-comercio-rechazan-proyecto-de-ley-que-amenaza-con-aumentar-costo-de-los-boletos-aereos-y-afectara-a-millones-de-pasajeros","status":"publish","type":"post","link":"https:\/\/www.turistamagazine.com\/v2\/?p=66856","title":{"rendered":"GREMIOS DE TURISMO Y COMERCIO RECHAZAN PROYECTO DE LEY QUE AMENAZA CON AUMENTAR\u00a0 COSTO DE LOS BOLETOS A\u00c9REOS Y AFECTAR\u00c1 A MILLONES DE PASAJEROS"},"content":{"rendered":"<p style=\"text-align: center;\"><span style=\"color: #333399;\"><em><strong>COMUNICADO<\/strong><\/em><\/span><\/p>\n<p style=\"text-align: justify;\"><span style=\"color: #333399;\"><em><strong>La noche de ayer, sin haberse priorizado en la agenda del Pleno, el Congreso de la Rep\u00fablica aprob\u00f3 en primera votaci\u00f3n de los Proyectos de Ley N\u00b0 2210 y 2956\/2022-CR, que permitir\u00eda que el Estado peruano intervenga en la fijaci\u00f3n de precios de los boletos a\u00e9reos, con serias implicancias para los pasajeros y el mercado nacional e internacional. Al respecto, los gremios firmantes, se\u00f1alan que:<\/strong><\/em><\/span><\/p>\n<ul>\n<li><span style=\"color: #333399;\"><em><strong>Desde hace a\u00f1os, a nivel mundial la industria aeron\u00e1utica ha adoptado un modelo de flexibilizaci\u00f3n y personalizaci\u00f3n de tarifas, ofreciendo a los pasajeros alternativas m\u00e1s atractivas de boletos cada vez m\u00e1s asequibles, que incluyen servicios b\u00e1sicos y la posibilidad de sumar atributos adicionales en caso de requerirlos.<\/strong><\/em><\/span><\/li>\n<li><span style=\"color: #333399;\"><em><strong>Esto ha permitido un mayor acceso a este medio de transporte esencial, sumando m\u00e1s pasajeros, m\u00e1s competidores y beneficiando al turismo, al comercio y a toda la cadena de valor asociada al sector. De hecho, entre el 2011 y 2019, espec\u00edficamente en el Per\u00fa, el n\u00famero de pasajeros transportados por a\u00f1o aument\u00f3 de 18 a m\u00e1s de 40 millones y se redujeron -en ese periodo- casi 40% los precios de los boletos a\u00e9reos en rutas dom\u00e9sticas e internacionales.<\/strong><\/em><\/span><\/li>\n<li><span style=\"color: #333399;\"><em><strong>Pese a ello, sin que se haya identificado alguna falla de mercado o realizado un an\u00e1lisis del impacto econ\u00f3mico que pueda ocasionar, estos proyectos de ley buscan modificar el esquema tarifario actual, que obligar\u00eda a que las tarifas m\u00e1s b\u00e1sicas y econ\u00f3micas desaparezcan. Ello debido a que el servicio de transporte necesariamente tendr\u00e1 que incluir atributos que implican un costo adicional como la elecci\u00f3n de asiento y un equipaje de cabina de hasta 10 kilogramos, por los que\u00a0 los pasajeros no est\u00e1n dispuestos a pagar m\u00e1s y que en muchos casos no son de necesidad para el pasajero; alej\u00e1ndonos del desarrollo de la aviaci\u00f3n comercial.<\/strong><\/em><\/span><\/li>\n<li><span style=\"color: #333399;\"><em><strong>Esto atenta directamente contra la libertad de elecci\u00f3n que actualmente tienen las personas de adquirir un boleto a\u00e9reo pagando estrictamente lo que quieren o necesitan; y, si se lleva adelante, afectar\u00e1 a cerca del 70% de pasajeros que hoy deciden viajar con la tarifa m\u00e1s econ\u00f3mica, sin sumar ning\u00fan servicio adicional. Adicionalmente, esta iniciativa atenta contra los acuerdos bilaterales de servicios a\u00e9reos celebrados por Per\u00fa con pa\u00edses como Estados Unidos, los cuales incluyen disposiciones que reconocen la libertad de las aerol\u00edneas de determinar los precios de los servicios que prestan. Esta situaci\u00f3n pone en riesgo las relaciones con otros pa\u00edses, al desconocer compromisos internacionales previamente adquiridos.<\/strong><\/em><\/span><\/li>\n<li style=\"text-align: justify;\"><span style=\"color: #333399;\"><em><strong>Lamentamos que esta medida haya sido aprobada en primera votaci\u00f3n, sin ninguna discusi\u00f3n t\u00e9cnica previa y sin tomar en cuenta las opiniones de los especialistas y de \u00f3rganos competentes como el MTC o Indecopi, quienes ya han mostrado una posici\u00f3n contraria sobre el tema. De hecho, desde que se plante\u00f3 este proyecto, el Indecopi, entidad a cargo de salvaguardar los derechos de los consumidores peruanos, rechaz\u00f3 la propuesta y reconoci\u00f3 que la elecci\u00f3n de un asiento en un vuelo o transportar un equipaje de mano es una prestaci\u00f3n adicional que, de ser adquirida, deb\u00eda ser asumida por el pasajero que la requiera<\/strong><\/em><\/span><\/li>\n<\/ul>\n<p><span style=\"color: #333399;\"><em><strong>Por todo ello, exhortamos a los congresistas y sus bancadas -y, de corresponder, a las autoridades del Poder Ejecutivo- a enfocarse en propuestas que realmente sean beneficiosas para los peruanos,\u00a0 reconsiderando las implicancias reales e indefectiblemente negativas de esta decisi\u00f3n y rechazar este proyecto de ley, que en lugar de buscar el mayor beneficio de la poblaci\u00f3n, impactar\u00e1 gravemente a los viajeros, la conectividad, el turismo, el comercio y el desarrollo socioecon\u00f3mico del pa\u00eds, haciendo m\u00e1s dif\u00edcil el acceso al servicio de transporte a\u00e9reo a millones de personas, especialmente a las de menos recursos.<\/strong><\/em><\/span><\/p>\n<p style=\"text-align: justify;\"><span style=\"color: #333399;\"><em><strong>LIMA 12 DE JUNIO 2025<\/strong><\/em><\/span><\/p>\n<p>&nbsp;<\/p>\n<p>&nbsp;<\/p>\n<p>&nbsp;<\/p>\n<p>&nbsp;<\/p>\n","protected":false},"excerpt":{"rendered":"<p>COMUNICADO La noche de ayer, sin haberse priorizado en la agenda del Pleno, el Congreso de la Rep\u00fablica aprob\u00f3 en primera votaci\u00f3n de los Proyectos de Ley N\u00b0 2210 y 2956\/2022-CR, que permitir\u00eda que el Estado peruano intervenga en la fijaci\u00f3n de precios de los boletos a\u00e9reos, con serias implicancias para los pasajeros y el mercado nacional e internacional. Al respecto, los gremios firmantes, se\u00f1alan que: Desde hace a\u00f1os, a nivel mundial la industria aeron\u00e1utica ha adoptado un modelo de flexibilizaci\u00f3n y personalizaci\u00f3n de tarifas, ofreciendo a los pasajeros alternativas m\u00e1s atractivas de boletos cada vez m\u00e1s asequibles, que incluyen&#8230;<\/p>\n","protected":false},"author":1,"featured_media":49452,"comment_status":"open","ping_status":"open","sticky":false,"template":"","format":"standard","meta":{"footnotes":""},"categories":[4,82],"tags":[11846,10219,13386,9016],"class_list":["post-66856","post","type-post","status-publish","format-standard","has-post-thumbnail","hentry","category-breaking-news","category-nacionales","tag-elenatejeradirectora","tag-semanarioturistamagazine","tag-comunicado-de-gremios-turisticos","tag-elena-honores-coordinadora-de-ciestca-peru"],"_links":{"self":[{"href":"https:\/\/www.turistamagazine.com\/v2\/index.php?rest_route=\/wp\/v2\/posts\/66856","targetHints":{"allow":["GET"]}}],"collection":[{"href":"https:\/\/www.turistamagazine.com\/v2\/index.php?rest_route=\/wp\/v2\/posts"}],"about":[{"href":"https:\/\/www.turistamagazine.com\/v2\/index.php?rest_route=\/wp\/v2\/types\/post"}],"author":[{"embeddable":true,"href":"https:\/\/www.turistamagazine.com\/v2\/index.php?rest_route=\/wp\/v2\/users\/1"}],"replies":[{"embeddable":true,"href":"https:\/\/www.turistamagazine.com\/v2\/index.php?rest_route=%2Fwp%2Fv2%2Fcomments&post=66856"}],"version-history":[{"count":2,"href":"https:\/\/www.turistamagazine.com\/v2\/index.php?rest_route=\/wp\/v2\/posts\/66856\/revisions"}],"predecessor-version":[{"id":66858,"href":"https:\/\/www.turistamagazine.com\/v2\/index.php?rest_route=\/wp\/v2\/posts\/66856\/revisions\/66858"}],"wp:featuredmedia":[{"embeddable":true,"href":"https:\/\/www.turistamagazine.com\/v2\/index.php?rest_route=\/wp\/v2\/media\/49452"}],"wp:attachment":[{"href":"https:\/\/www.turistamagazine.com\/v2\/index.php?rest_route=%2Fwp%2Fv2%2Fmedia&parent=66856"}],"wp:term":[{"taxonomy":"category","embeddable":true,"href":"https:\/\/www.turistamagazine.com\/v2\/index.php?rest_route=%2Fwp%2Fv2%2Fcategories&post=66856"},{"taxonomy":"post_tag","embeddable":true,"href":"https:\/\/www.turistamagazine.com\/v2\/index.php?rest_route=%2Fwp%2Fv2%2Ftags&post=66856"}],"curies":[{"name":"wp","href":"https:\/\/api.w.org\/{rel}","templated":true}]}}