{"id":66823,"date":"2025-06-09T08:43:31","date_gmt":"2025-06-09T13:43:31","guid":{"rendered":"https:\/\/www.turistamagazine.com\/v2\/?p=66823"},"modified":"2025-06-09T08:43:31","modified_gmt":"2025-06-09T13:43:31","slug":"gobierno-saluda-decision-de-japon-de-levantar-requisito-de-visa-para-peruanos","status":"publish","type":"post","link":"https:\/\/www.turistamagazine.com\/v2\/?p=66823","title":{"rendered":"GOBIERNO SALUDA DECISI\u00d3N DE JAP\u00d3N DE LEVANTAR REQUISITO DE VISA PARA PERUANOS"},"content":{"rendered":"<p style=\"text-align: justify;\"><span style=\"color: #333399;\"><strong><em>LIMA\/PERU \/09\/06\/2025-.El Gobierno del Per\u00fa, a trav\u00e9s de la Canciller\u00eda, expres\u00f3 su benepl\u00e1cito por la decisi\u00f3n del Gobierno del Jap\u00f3n de levantar la recomendaci\u00f3n de visa para que los peruanos ingresen a ese pa\u00eds a partir del 1 de julio de 2025.<\/em><\/strong><\/span><\/p>\n<p style=\"text-align: justify;\"><span style=\"color: #333399;\"><strong><em>\u201cEl Gobierno del Per\u00fa valora profundamente y expresa su benepl\u00e1cito por la decisi\u00f3n del Gobierno del Jap\u00f3n de restablecer la exenci\u00f3n del requisito de visado para aquellos connacionales que deseen ingresar al territorio japon\u00e9s por un per\u00edodo no superior a 90 d\u00edas consecutivos\u201d, se\u00f1al\u00f3 en un comunicado.<\/em><\/strong><\/span><\/p>\n<p style=\"text-align: justify;\"><span style=\"color: #333399;\"><strong><em>Precis\u00f3 que esta medida entrar\u00e1 en vigor el 1 de julio de 2025, conforme al anuncio de la Canciller\u00eda japonesa efectuado hoy en Tokio, a trav\u00e9s de un comunicado oficial.<\/em><\/strong><\/span><\/p>\n<p style=\"text-align: justify;\"><span style=\"color: #333399;\"><strong><em>La exoneraci\u00f3n del requisito de visa, seg\u00fan indica la Canciller\u00eda, ser\u00e1 aplicable para los peruanos que cuenten con pasaporte ordinario v\u00e1lido, que cumpla con los est\u00e1ndares establecidos por la Organizaci\u00f3n de Aviaci\u00f3n Civil Internacional (OACI) para pasaportes con circuitos integrados (IC).<\/em><\/strong><\/span><\/p>\n<p style=\"text-align: justify;\"><span style=\"color: #333399;\"><strong><em>\u201cEsta exenci\u00f3n se mantendr\u00e1 vigente hasta el 30 de junio de 2028, pudiendo renovarse\u201d, asegura.<\/em><\/strong><\/span><\/p>\n<p style=\"text-align: justify;\"><span style=\"color: #333399;\"><strong><em>Excelente nivel de relaciones<\/em><\/strong><\/span><\/p>\n<p style=\"text-align: justify;\"><span style=\"color: #333399;\"><strong><em>La Canciller\u00eda peruana, asimismo, recuerda que el anuncio de la exenci\u00f3n de la visa fue adelantado a la presidente Dina Boluarte por el primer ministro de Jap\u00f3n,\u00a0 Shigeru Ishiba, en un encuentro que tuvieron ambas autoridades en Lima, el noviembre de 2024, y constituye un reflejo del excelente nivel de las relaciones bilaterales entre el Per\u00fa y Jap\u00f3n.<\/em><\/strong><\/span><\/p>\n<p style=\"text-align: justify;\"><span style=\"color: #333399;\"><strong><em>\u201cEn el marco de una pol\u00edtica exterior orientada a facilitar la movilidad internacional de los ciudadanos peruanos, la Canciller\u00eda realiz\u00f3 intensas gestiones para que se concrete este ofrecimiento lo antes posible\u201d, puntualiza.<\/em><\/strong><\/span><\/p>\n<p style=\"text-align: justify;\"><span style=\"color: #333399;\"><strong><em>En ese marco, el gobierno peruano reiterar su firme compromiso con el fortalecimiento de los hist\u00f3ricos lazos de amistad y cooperaci\u00f3n con Jap\u00f3n, que se mantienen desde hace 152 a\u00f1os, y reafirma su voluntad de seguir promoviendo una pol\u00edtica exterior que favorezca la conectividad, el desarrollo econ\u00f3mico y el acercamiento entre naciones.<\/em><\/strong><\/span><\/p>\n<p style=\"text-align: justify;\"><span style=\"color: #333399;\"><strong><em>Exoneraci\u00f3n de visa<\/em><\/strong><\/span><\/p>\n<p style=\"text-align: justify;\"><span style=\"color: #333399;\"><strong><em>El Gobierno del Jap\u00f3n anunci\u00f3 que levantar\u00e1 la medida que recomendaba la obtenci\u00f3n de una visa previa para los ciudadanos peruanos que posean pasaportes electr\u00f3nicos ordinarios peruanos v\u00e1lidos, compatibles con la normativa de OACI , a partir del 1 de julio de 2025.<\/em><\/strong><\/span><\/p>\n<p style=\"text-align: justify;\"><span style=\"color: #333399;\"><strong><em>Ser\u00e1 para viajes con el prop\u00f3sito de una estad\u00eda de corto plazo, por un per\u00edodo que no exceda los 90 d\u00edas consecutivos.<\/em><\/strong><\/span><\/p>\n","protected":false},"excerpt":{"rendered":"<p>LIMA\/PERU \/09\/06\/2025-.El Gobierno del Per\u00fa, a trav\u00e9s de la Canciller\u00eda, expres\u00f3 su benepl\u00e1cito por la decisi\u00f3n del Gobierno del Jap\u00f3n de levantar la recomendaci\u00f3n de visa para que los peruanos ingresen a ese pa\u00eds a partir del 1 de julio de 2025. \u201cEl Gobierno del Per\u00fa valora profundamente y expresa su benepl\u00e1cito por la decisi\u00f3n del Gobierno del Jap\u00f3n de restablecer la exenci\u00f3n del requisito de visado para aquellos connacionales que deseen ingresar al territorio japon\u00e9s por un per\u00edodo no superior a 90 d\u00edas consecutivos\u201d, se\u00f1al\u00f3 en un comunicado. Precis\u00f3 que esta medida entrar\u00e1 en vigor el 1 de julio&#8230;<\/p>\n","protected":false},"author":1,"featured_media":56219,"comment_status":"open","ping_status":"open","sticky":false,"template":"","format":"standard","meta":{"footnotes":""},"categories":[4,82],"tags":[11846,13381,10219],"class_list":["post-66823","post","type-post","status-publish","format-standard","has-post-thumbnail","hentry","category-breaking-news","category-nacionales","tag-elenatejeradirectora","tag-japoneliminavisa","tag-semanarioturistamagazine"],"_links":{"self":[{"href":"https:\/\/www.turistamagazine.com\/v2\/index.php?rest_route=\/wp\/v2\/posts\/66823","targetHints":{"allow":["GET"]}}],"collection":[{"href":"https:\/\/www.turistamagazine.com\/v2\/index.php?rest_route=\/wp\/v2\/posts"}],"about":[{"href":"https:\/\/www.turistamagazine.com\/v2\/index.php?rest_route=\/wp\/v2\/types\/post"}],"author":[{"embeddable":true,"href":"https:\/\/www.turistamagazine.com\/v2\/index.php?rest_route=\/wp\/v2\/users\/1"}],"replies":[{"embeddable":true,"href":"https:\/\/www.turistamagazine.com\/v2\/index.php?rest_route=%2Fwp%2Fv2%2Fcomments&post=66823"}],"version-history":[{"count":1,"href":"https:\/\/www.turistamagazine.com\/v2\/index.php?rest_route=\/wp\/v2\/posts\/66823\/revisions"}],"predecessor-version":[{"id":66824,"href":"https:\/\/www.turistamagazine.com\/v2\/index.php?rest_route=\/wp\/v2\/posts\/66823\/revisions\/66824"}],"wp:featuredmedia":[{"embeddable":true,"href":"https:\/\/www.turistamagazine.com\/v2\/index.php?rest_route=\/wp\/v2\/media\/56219"}],"wp:attachment":[{"href":"https:\/\/www.turistamagazine.com\/v2\/index.php?rest_route=%2Fwp%2Fv2%2Fmedia&parent=66823"}],"wp:term":[{"taxonomy":"category","embeddable":true,"href":"https:\/\/www.turistamagazine.com\/v2\/index.php?rest_route=%2Fwp%2Fv2%2Fcategories&post=66823"},{"taxonomy":"post_tag","embeddable":true,"href":"https:\/\/www.turistamagazine.com\/v2\/index.php?rest_route=%2Fwp%2Fv2%2Ftags&post=66823"}],"curies":[{"name":"wp","href":"https:\/\/api.w.org\/{rel}","templated":true}]}}