{"id":6668,"date":"2014-08-14T14:40:18","date_gmt":"2014-08-14T19:40:18","guid":{"rendered":"http:\/\/www.turistamagazine.com\/v2\/?p=6668"},"modified":"2014-08-14T14:40:18","modified_gmt":"2014-08-14T19:40:18","slug":"peru-canatur-saluda-designacion-de-maria-del-carmen-de-reparaz-como-nueva-viceministra-de-turismo","status":"publish","type":"post","link":"https:\/\/www.turistamagazine.com\/v2\/?p=6668","title":{"rendered":"PERU: CANATUR SALUDA DESIGNACI\u00d3N DE MAR\u00cdA DEL CARMEN DE REPARAZ COMO NUEVA VICEMINISTRA DE TURISMO"},"content":{"rendered":"<p style=\"text-align: justify;\">La C\u00e1mara Nacional de Turismo (CANATUR) salud\u00f3 la designaci\u00f3n de la nueva Viceministra de Turismo, Mar\u00eda del Carmen de Reparaz, considerando que su amplia experiencia y conocimiento del sector ser\u00e1n vitales para su normal desenvolvimiento en dicho cargo.<\/p>\n<p style=\"text-align: justify;\">El presidente de CANATUR, Arq. Jorge Jochamowitz Rodr\u00edguez expres\u00f3 su satisfacci\u00f3n por su designaci\u00f3n y adelant\u00f3 que pr\u00f3ximamente, solicitar\u00e1 una cita a fin de plantear una serie de acciones de desarrollo en forma conjunta del sector.<\/p>\n<p style=\"text-align: justify;\">\u00a0\u201cUno de los planteamientos es que el gobierno convierta en pol\u00edtica prioritaria del Estado a la actividad tur\u00edstica. Otro de los puntos es desarrollar en forma conjunta una verdadera promoci\u00f3n del turismo interno\u201d, indic\u00f3. Igualmente, Jochamowitz se pronunci\u00f3 en torno a las trabas burocr\u00e1ticas y administrativas que impiden el crecimiento de la actividad tur\u00edstica de nuestro pa\u00eds. Al respecto, afirm\u00f3 que en la actualidad, el desarrollo del sector \u201cse encuentra lento\u201d debido a los referidos obst\u00e1culos que imposibilita el crecimiento de la industria sin chimenea.<\/p>\n<p style=\"text-align: justify;\">\u201cLo importante es que se agilice. Hay una serie de proyectos pendientes (hoteleros) que se encuentran en espera. Tambi\u00e9n hay otros proyectos que est\u00e1n por venir, pero los procesos (tr\u00e1mites) son engorrosos y limitan una adecuada inversi\u00f3n. Los empresarios nacionales y extranjeros desean recuperar su inversi\u00f3n en plazos adecuados. Las trabas burocr\u00e1ticas impiden que sean atractivas dichas inversiones por una infraestructura tur\u00edstica\u201d, afirm\u00f3 Jochamowitz.<\/p>\n","protected":false},"excerpt":{"rendered":"<p>La C\u00e1mara Nacional de Turismo (CANATUR) salud\u00f3 la designaci\u00f3n de la nueva Viceministra de Turismo, Mar\u00eda del Carmen de Reparaz, considerando que su amplia experiencia y conocimiento del sector ser\u00e1n vitales para su normal desenvolvimiento en dicho cargo. El presidente de CANATUR, Arq. Jorge Jochamowitz Rodr\u00edguez expres\u00f3 su satisfacci\u00f3n por su designaci\u00f3n y adelant\u00f3 que pr\u00f3ximamente, solicitar\u00e1 una cita a fin de plantear una serie de acciones de desarrollo en forma conjunta del sector. \u00a0\u201cUno de los planteamientos es que el gobierno convierta en pol\u00edtica prioritaria del Estado a la actividad tur\u00edstica. Otro de los puntos es desarrollar en forma&#8230;<\/p>\n","protected":false},"author":1,"featured_media":0,"comment_status":"open","ping_status":"open","sticky":false,"template":"","format":"standard","meta":{"footnotes":""},"categories":[4,82],"tags":[167,321,305,340,117,2538],"class_list":["post-6668","post","type-post","status-publish","format-standard","hentry","category-breaking-news","category-nacionales","tag-canatur","tag-lima","tag-maria-del-carmen-de-reparaz","tag-peru","tag-promocion-turistica","tag-vicemistra-de-turismo"],"_links":{"self":[{"href":"https:\/\/www.turistamagazine.com\/v2\/index.php?rest_route=\/wp\/v2\/posts\/6668","targetHints":{"allow":["GET"]}}],"collection":[{"href":"https:\/\/www.turistamagazine.com\/v2\/index.php?rest_route=\/wp\/v2\/posts"}],"about":[{"href":"https:\/\/www.turistamagazine.com\/v2\/index.php?rest_route=\/wp\/v2\/types\/post"}],"author":[{"embeddable":true,"href":"https:\/\/www.turistamagazine.com\/v2\/index.php?rest_route=\/wp\/v2\/users\/1"}],"replies":[{"embeddable":true,"href":"https:\/\/www.turistamagazine.com\/v2\/index.php?rest_route=%2Fwp%2Fv2%2Fcomments&post=6668"}],"version-history":[{"count":3,"href":"https:\/\/www.turistamagazine.com\/v2\/index.php?rest_route=\/wp\/v2\/posts\/6668\/revisions"}],"predecessor-version":[{"id":6672,"href":"https:\/\/www.turistamagazine.com\/v2\/index.php?rest_route=\/wp\/v2\/posts\/6668\/revisions\/6672"}],"wp:attachment":[{"href":"https:\/\/www.turistamagazine.com\/v2\/index.php?rest_route=%2Fwp%2Fv2%2Fmedia&parent=6668"}],"wp:term":[{"taxonomy":"category","embeddable":true,"href":"https:\/\/www.turistamagazine.com\/v2\/index.php?rest_route=%2Fwp%2Fv2%2Fcategories&post=6668"},{"taxonomy":"post_tag","embeddable":true,"href":"https:\/\/www.turistamagazine.com\/v2\/index.php?rest_route=%2Fwp%2Fv2%2Ftags&post=6668"}],"curies":[{"name":"wp","href":"https:\/\/api.w.org\/{rel}","templated":true}]}}