{"id":66604,"date":"2025-05-21T16:39:39","date_gmt":"2025-05-21T21:39:39","guid":{"rendered":"https:\/\/www.turistamagazine.com\/v2\/?p=66604"},"modified":"2025-05-21T16:39:39","modified_gmt":"2025-05-21T21:39:39","slug":"apavit-peru-condena-asalto-y-secuestro-a-turistas-en-el-rio-amazonas","status":"publish","type":"post","link":"https:\/\/www.turistamagazine.com\/v2\/?p=66604","title":{"rendered":"APAVIT \u2013 PER\u00da CONDENA ASALTO Y SECUESTRO A TURISTAS EN EL R\u00cdO AMAZONAS"},"content":{"rendered":"<p style=\"text-align: center;\"><em><span style=\"color: #333399;\"><b>COMUNICADO DE PRENSA<\/b><\/span><\/em><\/p>\n<p style=\"text-align: justify;\"><span style=\"color: #333399;\"><em><strong>LIMA\/PERU\/21\/05\/2025.-La Asociaci\u00f3n Peruana de Agencias de Viajes y Turismo (APAVIT \u2013 PER\u00da) expresa su m\u00e1s en\u00e9rgico rechazo y profunda preocupaci\u00f3n ante el lamentable hecho ocurrido el pasado 14 de mayo, cuando un grupo de turistas fue v\u00edctima de asalto y secuestro por aproximadamente una hora mientras realizaban un recorrido en balsa por el r\u00edo Amazonas.<\/strong><\/em><\/span><\/p>\n<p style=\"text-align: justify;\"><span style=\"color: #333399;\"><em><strong>Este tipo de incidentes no solo atentan contra la integridad y seguridad de los visitantes, sino que adem\u00e1s afectan gravemente la imagen del Per\u00fa como destino tur\u00edstico confiable y hospitalario. La experiencia vivida por estos turistas \u2014y posiblemente por otros que no han sido reportados\u2014 es inaceptable y no puede repetirse.<\/strong><\/em><\/span><\/p>\n<p style=\"text-align: justify;\"><span style=\"color: #333399;\"><em><strong>Desde APAVIT \u2013 PER\u00da exhortamos a las agencias que operan rutas en la Amazon\u00eda a mantener una comunicaci\u00f3n constante y efectiva con las embarcaciones que realizan estos recorridos, adem\u00e1s de garantizar que cuenten con la infraestructura y protocolos necesarios para ofrecer una experiencia segura y de calidad tanto a turistas nacionales como internacionales.<\/strong><\/em><\/span><\/p>\n<p style=\"text-align: justify;\"><span style=\"color: #333399;\"><em><strong>Asimismo, invocamos a las autoridades competentes a reforzar las medidas de seguridad en estas zonas, implementando patrullaje, vigilancia fluvial y respuesta r\u00e1pida ante cualquier situaci\u00f3n de riesgo, a fin de prevenir hechos similares que solo generan caos y desconfianza.<\/strong><\/em><\/span><\/p>\n<p style=\"text-align: justify;\"><span style=\"color: #333399;\"><em><strong>Reiteramos nuestro compromiso con un turismo seguro, responsable y sostenible, y reafirmamos nuestra disposici\u00f3n a colaborar con las autoridades y operadores tur\u00edsticos para proteger tanto a nuestros visitantes como la reputaci\u00f3n del pa\u00eds.<\/strong><\/em><\/span><\/p>\n<p><strong>APAVIT<\/strong><\/p>\n","protected":false},"excerpt":{"rendered":"<p>COMUNICADO DE PRENSA LIMA\/PERU\/21\/05\/2025.-La Asociaci\u00f3n Peruana de Agencias de Viajes y Turismo (APAVIT \u2013 PER\u00da) expresa su m\u00e1s en\u00e9rgico rechazo y profunda preocupaci\u00f3n ante el lamentable hecho ocurrido el pasado 14 de mayo, cuando un grupo de turistas fue v\u00edctima de asalto y secuestro por aproximadamente una hora mientras realizaban un recorrido en balsa por el r\u00edo Amazonas. Este tipo de incidentes no solo atentan contra la integridad y seguridad de los visitantes, sino que adem\u00e1s afectan gravemente la imagen del Per\u00fa como destino tur\u00edstico confiable y hospitalario. La experiencia vivida por estos turistas \u2014y posiblemente por otros que no&#8230;<\/p>\n","protected":false},"author":1,"featured_media":55647,"comment_status":"open","ping_status":"open","sticky":false,"template":"","format":"standard","meta":{"footnotes":""},"categories":[4,82],"tags":[11846,10219,863,4941],"class_list":["post-66604","post","type-post","status-publish","format-standard","has-post-thumbnail","hentry","category-breaking-news","category-nacionales","tag-elenatejeradirectora","tag-semanarioturistamagazine","tag-apavit","tag-enrique-quinones"],"_links":{"self":[{"href":"https:\/\/www.turistamagazine.com\/v2\/index.php?rest_route=\/wp\/v2\/posts\/66604","targetHints":{"allow":["GET"]}}],"collection":[{"href":"https:\/\/www.turistamagazine.com\/v2\/index.php?rest_route=\/wp\/v2\/posts"}],"about":[{"href":"https:\/\/www.turistamagazine.com\/v2\/index.php?rest_route=\/wp\/v2\/types\/post"}],"author":[{"embeddable":true,"href":"https:\/\/www.turistamagazine.com\/v2\/index.php?rest_route=\/wp\/v2\/users\/1"}],"replies":[{"embeddable":true,"href":"https:\/\/www.turistamagazine.com\/v2\/index.php?rest_route=%2Fwp%2Fv2%2Fcomments&post=66604"}],"version-history":[{"count":1,"href":"https:\/\/www.turistamagazine.com\/v2\/index.php?rest_route=\/wp\/v2\/posts\/66604\/revisions"}],"predecessor-version":[{"id":66605,"href":"https:\/\/www.turistamagazine.com\/v2\/index.php?rest_route=\/wp\/v2\/posts\/66604\/revisions\/66605"}],"wp:featuredmedia":[{"embeddable":true,"href":"https:\/\/www.turistamagazine.com\/v2\/index.php?rest_route=\/wp\/v2\/media\/55647"}],"wp:attachment":[{"href":"https:\/\/www.turistamagazine.com\/v2\/index.php?rest_route=%2Fwp%2Fv2%2Fmedia&parent=66604"}],"wp:term":[{"taxonomy":"category","embeddable":true,"href":"https:\/\/www.turistamagazine.com\/v2\/index.php?rest_route=%2Fwp%2Fv2%2Fcategories&post=66604"},{"taxonomy":"post_tag","embeddable":true,"href":"https:\/\/www.turistamagazine.com\/v2\/index.php?rest_route=%2Fwp%2Fv2%2Ftags&post=66604"}],"curies":[{"name":"wp","href":"https:\/\/api.w.org\/{rel}","templated":true}]}}