{"id":6656,"date":"2014-08-13T12:38:58","date_gmt":"2014-08-13T17:38:58","guid":{"rendered":"http:\/\/www.turistamagazine.com\/v2\/?p=6656"},"modified":"2014-08-13T12:38:58","modified_gmt":"2014-08-13T17:38:58","slug":"peru-ministerio-de-vivienda-mas-de-1500-alumnos-inician-sus-clases-en-sencico-a-nivel-nacional","status":"publish","type":"post","link":"https:\/\/www.turistamagazine.com\/v2\/?p=6656","title":{"rendered":"PERU: MINISTERIO DE VIVIENDA: M\u00c1S DE 1500 ALUMNOS INICIAN SUS CLASES EN SENCICO A NIVEL NACIONAL"},"content":{"rendered":"<p style=\"text-align: justify;\">El viceministro de Vivienda y Urbanismo, Ricardo Vidal Nu\u00f1ez, declar\u00f3 inaugurado el ciclo acad\u00e9mico 2014-2 para los m\u00e1s de 1500 alumnos que inician sus clases en el Servicio Nacional de Capacitaci\u00f3n para la Industria de la Construcci\u00f3n \u2013 SENCICO, entidad adscrita al Ministerio de Vivienda, Construcci\u00f3n y Saneamiento.<\/p>\n<p style=\"text-align: justify;\">\u201cUstedes ahora tienen la posibilidad de recibir una educaci\u00f3n de primer nivel y obtener un t\u00edtulo t\u00e9cnico que les dar\u00e1 oportunidades para conseguir buenos trabajos, mejorando la calidad de vida de sus familias\u201d, expres\u00f3 el Viceministro Vidal a los j\u00f3venes que se hicieron presentes al auditorio principal de la instituci\u00f3n.<\/p>\n<p style=\"text-align: justify;\">SENCICO ofrece al estudiante lograr ser un t\u00e9cnico-profesional en dos y tres a\u00f1os en especialidades altamente requeridas en el rubro de la construcci\u00f3n como son Edificaciones, Dise\u00f1o de Interiores, Geom\u00e1tica, Topograf\u00eda, Laboratorio de Suelos, Concreto y Asfalto y Dibujo en Construcci\u00f3n Civil.<\/p>\n<p style=\"text-align: justify;\">En otro momento, Vidal destac\u00f3 el trabajo que ha venido desempe\u00f1ado su sector para la capacitaci\u00f3n de las futuras generaciones. \u201cNuestro objetivo es motivar a los j\u00f3venes para que se capaciten y participen en el desarrollo del pa\u00eds y que mejor con el respaldo de una entidad como SENCICO que ha sido reconocida internacionalmente\u201d, afirm\u00f3.<\/p>\n<p style=\"text-align: justify;\">\u00a0En la ceremonia, el Presidente Ejecutivo del SENCICO, Luis Ramos Rodr\u00edguez, junto con el Viceministro Ricardo Vidal realizaron la entrega de seis becas integrales a los alumnos que obtuvieron los primeros puestos en los diferentes ciclos de las carreras, as\u00ed como la presentaci\u00f3n de los 80 becados por el programa Beca 18 del Ministerio de Educaci\u00f3n. Tambi\u00e9n participaron el Gerente General y la Directora de la Escuela Superior Tecnol\u00f3gica de la referida entidad, Daniel Valdiz\u00e1n Montenegro y Cristina Portocarrero Z\u00e1rate, respectivamente(&#8230;)<\/p>\n","protected":false},"excerpt":{"rendered":"<p>El viceministro de Vivienda y Urbanismo, Ricardo Vidal Nu\u00f1ez, declar\u00f3 inaugurado el ciclo acad\u00e9mico 2014-2 para los m\u00e1s de 1500 alumnos que inician sus clases en el Servicio Nacional de Capacitaci\u00f3n para la Industria de la Construcci\u00f3n \u2013 SENCICO, entidad adscrita al Ministerio de Vivienda, Construcci\u00f3n y Saneamiento. \u201cUstedes ahora tienen la posibilidad de recibir una educaci\u00f3n de primer nivel y obtener un t\u00edtulo t\u00e9cnico que les dar\u00e1 oportunidades para conseguir buenos trabajos, mejorando la calidad de vida de sus familias\u201d, expres\u00f3 el Viceministro Vidal a los j\u00f3venes que se hicieron presentes al auditorio principal de la instituci\u00f3n. SENCICO ofrece&#8230;<\/p>\n","protected":false},"author":1,"featured_media":0,"comment_status":"open","ping_status":"open","sticky":false,"template":"","format":"standard","meta":{"footnotes":""},"categories":[4,82],"tags":[321,2534,340,2532,2533],"class_list":["post-6656","post","type-post","status-publish","format-standard","hentry","category-breaking-news","category-nacionales","tag-lima","tag-luis-ramos-rodriguez","tag-peru","tag-ricardo-vidal-nunez","tag-sencico"],"_links":{"self":[{"href":"https:\/\/www.turistamagazine.com\/v2\/index.php?rest_route=\/wp\/v2\/posts\/6656","targetHints":{"allow":["GET"]}}],"collection":[{"href":"https:\/\/www.turistamagazine.com\/v2\/index.php?rest_route=\/wp\/v2\/posts"}],"about":[{"href":"https:\/\/www.turistamagazine.com\/v2\/index.php?rest_route=\/wp\/v2\/types\/post"}],"author":[{"embeddable":true,"href":"https:\/\/www.turistamagazine.com\/v2\/index.php?rest_route=\/wp\/v2\/users\/1"}],"replies":[{"embeddable":true,"href":"https:\/\/www.turistamagazine.com\/v2\/index.php?rest_route=%2Fwp%2Fv2%2Fcomments&post=6656"}],"version-history":[{"count":3,"href":"https:\/\/www.turistamagazine.com\/v2\/index.php?rest_route=\/wp\/v2\/posts\/6656\/revisions"}],"predecessor-version":[{"id":6660,"href":"https:\/\/www.turistamagazine.com\/v2\/index.php?rest_route=\/wp\/v2\/posts\/6656\/revisions\/6660"}],"wp:attachment":[{"href":"https:\/\/www.turistamagazine.com\/v2\/index.php?rest_route=%2Fwp%2Fv2%2Fmedia&parent=6656"}],"wp:term":[{"taxonomy":"category","embeddable":true,"href":"https:\/\/www.turistamagazine.com\/v2\/index.php?rest_route=%2Fwp%2Fv2%2Fcategories&post=6656"},{"taxonomy":"post_tag","embeddable":true,"href":"https:\/\/www.turistamagazine.com\/v2\/index.php?rest_route=%2Fwp%2Fv2%2Ftags&post=6656"}],"curies":[{"name":"wp","href":"https:\/\/api.w.org\/{rel}","templated":true}]}}