{"id":66559,"date":"2025-05-15T19:33:26","date_gmt":"2025-05-16T00:33:26","guid":{"rendered":"https:\/\/www.turistamagazine.com\/v2\/?p=66559"},"modified":"2025-05-15T19:38:15","modified_gmt":"2025-05-16T00:38:15","slug":"nasca-rinde-homenaje-a-maria-reiche-al-cumplirse-122-anos-de-su-nacimiento","status":"publish","type":"post","link":"https:\/\/www.turistamagazine.com\/v2\/?p=66559","title":{"rendered":"NASCA RINDE HOMENAJE A MAR\u00cdA REICHE AL CUMPLIRSE 122 A\u00d1OS DE SU NACIMIENTO"},"content":{"rendered":"<p style=\"text-align: justify;\"><span style=\"color: #333399;\"><em><strong>NASCA\/PERU\/15\/05\/2025.-Con la entrega de ofrendas florales y declamaci\u00f3n po\u00e9tica, esta ma\u00f1ana los nasque\u00f1os le rindieron homenaje a la extinta arque\u00f3loga y matem\u00e1tica alemana, nacionalizada peruana, Mar\u00eda Reiche, por los 122 a\u00f1os de su nacimiento.<\/strong><\/em><\/span><\/p>\n<p style=\"text-align: justify;\"><span style=\"color: #333399;\"><em><strong>La ceremonia se realiz\u00f3 en el km 421 de la carretera Panamericana Sur en su casa museo, ubicado en sector de La Pascana en el distrito El Ingenio en la provincia de Nasca en la regi\u00f3n Ica.<\/strong><\/em><\/span><\/p>\n<p style=\"text-align: justify;\"><span style=\"color: #333399;\"><em><strong>La actividad conmemorativa de inici\u00f3 con una paraliturgia y luego las autoridades pol\u00edticas develaron un busto de Mar\u00eda Reiche, quien dedic\u00f3 su vida a proteger las enigm\u00e1ticas L\u00edneas de Nasca.<\/strong><\/em><\/span><\/p>\n<p style=\"text-align: justify;\"><span style=\"color: #333399;\"><em><strong>Posteriormente las diversas autoridades entregaron arreglos florales al pie de su mausoleo e izaron el Pabell\u00f3n Nacional, la bandera de Alemania, de Nasca y el distrito de El Ingenio.<\/strong><\/em><\/span><\/p>\n<p style=\"text-align: justify;\"><span style=\"color: #333399;\"><em><strong>En la ceremonia participaron diversas instituciones educativas del distrito de El Ingenio y de la ciudad de Nasca.<\/strong><\/em><\/span><\/p>\n<p><a href=\"https:\/\/www.turistamagazine.com\/v2\/wp-content\/uploads\/2023\/01\/Lineas-de-Nasca.jpg\"><img decoding=\"async\" class=\"wp-image-59392 aligncenter\" src=\"https:\/\/www.turistamagazine.com\/v2\/wp-content\/uploads\/2023\/01\/Lineas-de-Nasca.jpg\" alt=\"\" width=\"630\" height=\"259\" srcset=\"https:\/\/www.turistamagazine.com\/v2\/wp-content\/uploads\/2023\/01\/Lineas-de-Nasca.jpg 640w, https:\/\/www.turistamagazine.com\/v2\/wp-content\/uploads\/2023\/01\/Lineas-de-Nasca-300x123.jpg 300w, https:\/\/www.turistamagazine.com\/v2\/wp-content\/uploads\/2023\/01\/Lineas-de-Nasca-610x251.jpg 610w\" sizes=\"(max-width: 630px) 100vw, 630px\" \/><\/a><\/p>\n<p style=\"text-align: justify;\"><span style=\"color: #333399;\"><em><strong>Al culminar la ceremonia, la Asociaci\u00f3n Mar\u00eda Reiche, don\u00f3 libro a todos los accidentes sobre la vida de extinta arque\u00f3loga y matem\u00e1tica alemana, nacionalizada peruana.<\/strong><\/em><\/span><\/p>\n<p style=\"text-align: justify;\"><span style=\"color: #800080;\"><em><strong>Nasca recibe 200 mil turistas al a\u00f1o<\/strong><\/em><\/span><\/p>\n<p style=\"text-align: justify;\"><span style=\"color: #333399;\"><em><strong>El alcalde provincial de Nasca, Jorge Bravo Quispe, sostuvo que, gracias al trabajo que realiz\u00f3 Mar\u00eda Reiche, esta provincia recibe anualmente m\u00e1s de 200 mil turistas y recauda por boleto tur\u00edstico m\u00e1s de 5 millones de soles.<\/strong><\/em><\/span><\/p>\n<p style=\"text-align: justify;\"><span style=\"color: #333399;\"><em><strong>\u201cHoy nos reunimos con un profundo respeto y gratitud para rendir homenaje a una mujer que dedico su vida a estudiar y proteger para luego dar a conocer al mundo uno de los mayores tesoros culturales de la humanidad como son las l\u00edneas y geoglifos de Nasca\u201d, dijo.<\/strong><\/em><\/span><\/p>\n<p style=\"text-align: justify;\"><span style=\"color: #333399;\"><em><strong>La autoridad edil agreg\u00f3 que ingreso econ\u00f3mico que recibe los municipios de Nasca, El Ingenio, Changuillo y Vista Alegre es reinvertido en la conservaci\u00f3n de los diversos sitios tur\u00edsticos de su jurisdicci\u00f3n.<\/strong><\/em><\/span><\/p>\n<p style=\"text-align: justify;\"><span style=\"color: #800080;\"><em><strong>Casa museo<\/strong><\/em><\/span><\/p>\n<p style=\"text-align: justify;\"><span style=\"color: #333399;\"><em><strong>En su casa museo, los visitantes conocen la habitaci\u00f3n donde Mar\u00eda Reiche vivi\u00f3 por cerca de 40 a\u00f1os y tambi\u00e9n posee informaci\u00f3n sobre los estudios de las l\u00edneas y figuras de Nasca, as\u00ed como mapas, planos, fotos, material arqueol\u00f3gico y una maqueta did\u00e1ctica de sus dise\u00f1os.<\/strong><\/em><\/span><\/p>\n<p style=\"text-align: justify;\"><span style=\"color: #333399;\"><em><strong>De igual manera, conocer las diversas cer\u00e1micas de la cultura Nasca y una momia con tatuajes en el brazo. Asimismo el veh\u00edculo que utiliz\u00f3 Mar\u00eda Reiche para desplazarse para realizar sus estudios.\u00a0<\/strong><\/em><\/span><\/p>\n<p>F\/Andina<\/p>\n","protected":false},"excerpt":{"rendered":"<p>NASCA\/PERU\/15\/05\/2025.-Con la entrega de ofrendas florales y declamaci\u00f3n po\u00e9tica, esta ma\u00f1ana los nasque\u00f1os le rindieron homenaje a la extinta arque\u00f3loga y matem\u00e1tica alemana, nacionalizada peruana, Mar\u00eda Reiche, por los 122 a\u00f1os de su nacimiento. La ceremonia se realiz\u00f3 en el km 421 de la carretera Panamericana Sur en su casa museo, ubicado en sector de La Pascana en el distrito El Ingenio en la provincia de Nasca en la regi\u00f3n Ica. La actividad conmemorativa de inici\u00f3 con una paraliturgia y luego las autoridades pol\u00edticas develaron un busto de Mar\u00eda Reiche, quien dedic\u00f3 su vida a proteger las enigm\u00e1ticas L\u00edneas de&#8230;<\/p>\n","protected":false},"author":1,"featured_media":66560,"comment_status":"open","ping_status":"open","sticky":false,"template":"","format":"standard","meta":{"footnotes":""},"categories":[4,82],"tags":[11846,12202,10219,5694],"class_list":["post-66559","post","type-post","status-publish","format-standard","has-post-thumbnail","hentry","category-breaking-news","category-nacionales","tag-elenatejeradirectora","tag-lineasdenasca","tag-semanarioturistamagazine","tag-maria-reiche"],"_links":{"self":[{"href":"https:\/\/www.turistamagazine.com\/v2\/index.php?rest_route=\/wp\/v2\/posts\/66559","targetHints":{"allow":["GET"]}}],"collection":[{"href":"https:\/\/www.turistamagazine.com\/v2\/index.php?rest_route=\/wp\/v2\/posts"}],"about":[{"href":"https:\/\/www.turistamagazine.com\/v2\/index.php?rest_route=\/wp\/v2\/types\/post"}],"author":[{"embeddable":true,"href":"https:\/\/www.turistamagazine.com\/v2\/index.php?rest_route=\/wp\/v2\/users\/1"}],"replies":[{"embeddable":true,"href":"https:\/\/www.turistamagazine.com\/v2\/index.php?rest_route=%2Fwp%2Fv2%2Fcomments&post=66559"}],"version-history":[{"count":3,"href":"https:\/\/www.turistamagazine.com\/v2\/index.php?rest_route=\/wp\/v2\/posts\/66559\/revisions"}],"predecessor-version":[{"id":66563,"href":"https:\/\/www.turistamagazine.com\/v2\/index.php?rest_route=\/wp\/v2\/posts\/66559\/revisions\/66563"}],"wp:featuredmedia":[{"embeddable":true,"href":"https:\/\/www.turistamagazine.com\/v2\/index.php?rest_route=\/wp\/v2\/media\/66560"}],"wp:attachment":[{"href":"https:\/\/www.turistamagazine.com\/v2\/index.php?rest_route=%2Fwp%2Fv2%2Fmedia&parent=66559"}],"wp:term":[{"taxonomy":"category","embeddable":true,"href":"https:\/\/www.turistamagazine.com\/v2\/index.php?rest_route=%2Fwp%2Fv2%2Fcategories&post=66559"},{"taxonomy":"post_tag","embeddable":true,"href":"https:\/\/www.turistamagazine.com\/v2\/index.php?rest_route=%2Fwp%2Fv2%2Ftags&post=66559"}],"curies":[{"name":"wp","href":"https:\/\/api.w.org\/{rel}","templated":true}]}}