{"id":66543,"date":"2025-05-14T15:56:56","date_gmt":"2025-05-14T20:56:56","guid":{"rendered":"https:\/\/www.turistamagazine.com\/v2\/?p=66543"},"modified":"2025-05-14T16:19:40","modified_gmt":"2025-05-14T21:19:40","slug":"este-15-el-nuevo-aeropuerto-internacional-jorge-chavez-inicia-marcha-blanca","status":"publish","type":"post","link":"https:\/\/www.turistamagazine.com\/v2\/?p=66543","title":{"rendered":"MARCHA BLANCA  EN EL NUEVO AEROPUERTO INTERNACIONAL JORGE CH\u00c1VEZ DEL 15 AL 30 DE MAYO"},"content":{"rendered":"<p style=\"text-align: center;\"><span style=\"color: #333399;\"><em><strong>Cinco aerol\u00edneas internacionales operar\u00e1n desde el nuevo terminal a\u00e9reo, cuyo \u00fanico acceso es por la renovada Av. Morales Du\u00e1rez.<\/strong><\/em><\/span><\/p>\n<p style=\"text-align: justify;\"><span style=\"color: #333399;\"><em><strong>CALLAO\/PERU\/14\/05\/2025.-El Ministerio de Transportes y Comunicaciones (MTC), en coordinaci\u00f3n con el concesionario Lima Airport Partners (LAP), informa que este jueves 15 de mayo se dar\u00e1 inicio a la marcha blanca del nuevo Aeropuerto Internacional Jorge Ch\u00e1vez, con la participaci\u00f3n de cinco aerol\u00edneas internacionales y un n\u00famero controlado de operaciones.<\/strong><\/em><\/span><\/p>\n<p style=\"text-align: justify;\"><span style=\"color: #333399;\"><em><strong>\u201cLa marcha blanca del nuevo aeropuerto es un proceso clave para garantizar un inicio de operaciones integrales eficiente y seguro el 1 de junio. Este Durante esta fase, Aerol\u00edneas Argentinas, Air Europa, Volaris, Arajet y Aero Republica (Wingo Colombia), operar\u00e1n de manera controlada desde el nuevo terminal, con un promedio diario de entre 8 y 10 vuelos internacionales. Esta operaci\u00f3n acotada permitir\u00e1 continuar afinando los procesos operativos y reforzar la adaptaci\u00f3n del personal aeroportuario al nuevo flujo de pasajeros.<\/strong><\/em><\/span><\/p>\n<p style=\"text-align: justify;\"><span style=\"color: #800080;\"><em><strong>Ingreso exclusivo por Morales Du\u00e1rez<\/strong><\/em><\/span><\/p>\n<p style=\"text-align: justify;\"><span style=\"color: #333399;\"><em><strong>El MTC recuerda a la ciudadan\u00eda que la \u00fanica v\u00eda de ingreso al nuevo aeropuerto es por la Av. Morales Du\u00e1rez, completamente rehabilitada por el sector, con nuevo asfaltado, se\u00f1alizaci\u00f3n, semaforizaci\u00f3n y otras mejoras. Adem\u00e1s, desde el lunes 12 de mayo, se ha restringido el tr\u00e1nsito de veh\u00edculos de carga pesada y mercanc\u00edas mayores a 6.5 toneladas, con el fin de garantizar un flujo vehicular fluido y seguro en esta zona clave.<\/strong><\/em><\/span><\/p>\n<p style=\"text-align: justify;\"><span style=\"color: #333399;\"><em><strong>De forma complementaria, tambi\u00e9n se dar\u00e1 inicio a la marcha blanca del servicio AeroDirecto, el \u00fanico transporte p\u00fablico que ingresar\u00e1 al nuevo terminal, conectando puntos estrat\u00e9gicos de Lima y Callao con el aeropuerto de manera directa y segura, en beneficio de pasajeros, acompa\u00f1antes y trabajadores.<\/strong><\/em><\/span><\/p>\n<p style=\"text-align: justify;\"><span style=\"color: #333399;\"><em><strong><span style=\"color: #800080;\">Asimismo, LAP ha previsto facilidades para que los terminales de Faucett (actual) y Morales Du\u00e1rez (nuevo) se encuentren conectados durante la marcha blanca a trav\u00e9s de viales internos, para aquellos pasajeros que tengan vuelos de conexi\u00f3n o transferencia.<\/span>\u00a0<\/strong><\/em><\/span><\/p>\n<p style=\"text-align: justify;\"><span style=\"color: #333399;\"><em><strong>Todos los sistemas y procesos requeridos para la atenci\u00f3n de vuelos internacionales, tanto en llegadas como salidas, estar\u00e1n plenamente habilitados desde el inicio de esta marcha blanca, como el check-in, control de seguridad y migratorios, Aduanas, entre otros.<\/strong><\/em><\/span><\/p>\n<p style=\"text-align: justify;\"><span style=\"color: #800080;\"><em><strong>\u201cEl nuevo Jorge Ch\u00e1vez ya est\u00e1 listo para abrir sus puertas. Esta fase controlada nos permitir\u00e1 recibir a los primeros pasajeros con est\u00e1ndares internacionales de calidad y seguridad\u201d, indic\u00f3 Juan Jos\u00e9 Salm\u00f3n, Gerente General de Lima Airport Partners.<\/strong><\/em><\/span><\/p>\n<p style=\"text-align: justify;\"><span style=\"color: #333399;\"><em><strong>Para reforzar la seguridad en el entorno vial, el MTC, la Autoridad de Transporte Urbano (ATU) y la Polic\u00eda Nacional del Per\u00fa (PNP) firmaron en noviembre de 2024 un convenio tripartito que permite el despliegue de 124 efectivos policiales durante las 24 horas del d\u00eda, distribuidos en tres turnos en las principales v\u00edas de acceso al aeropuerto.<\/strong><\/em><\/span><\/p>\n<p style=\"text-align: justify;\"><span style=\"color: #800080;\"><em><strong>Se recomienda a los pasajeros con vuelos programados con las aerol\u00edneas mencionadas que est\u00e9n atentos a las comunicaciones oficiales de sus respectivas compa\u00f1\u00edas, a fin de confirmar el terminal de embarque correspondiente.<\/strong><\/em><\/span><\/p>\n<p style=\"text-align: justify;\"><span style=\"color: #333399;\"><em><strong>Con esta marcha blanca, el Per\u00fa marca un hito para la mejora de la conectividad a\u00e9rea del pa\u00eds con el mundo, con infraestructura aeroportuaria de primer nivel y apostando por una conectividad eficiente y segura al servicio de todos los ciudadanos.<\/strong><\/em><\/span><\/p>\n<p>F\/LAP<\/p>\n","protected":false},"excerpt":{"rendered":"<p>Cinco aerol\u00edneas internacionales operar\u00e1n desde el nuevo terminal a\u00e9reo, cuyo \u00fanico acceso es por la renovada Av. Morales Du\u00e1rez. CALLAO\/PERU\/14\/05\/2025.-El Ministerio de Transportes y Comunicaciones (MTC), en coordinaci\u00f3n con el concesionario Lima Airport Partners (LAP), informa que este jueves 15 de mayo se dar\u00e1 inicio a la marcha blanca del nuevo Aeropuerto Internacional Jorge Ch\u00e1vez, con la participaci\u00f3n de cinco aerol\u00edneas internacionales y un n\u00famero controlado de operaciones. \u201cLa marcha blanca del nuevo aeropuerto es un proceso clave para garantizar un inicio de operaciones integrales eficiente y seguro el 1 de junio. Este Durante esta fase, Aerol\u00edneas Argentinas, Air Europa,&#8230;<\/p>\n","protected":false},"author":1,"featured_media":66544,"comment_status":"open","ping_status":"open","sticky":false,"template":"","format":"standard","meta":{"footnotes":""},"categories":[4,82],"tags":[11846,13336,10219,166],"class_list":["post-66543","post","type-post","status-publish","format-standard","has-post-thumbnail","hentry","category-breaking-news","category-nacionales","tag-elenatejeradirectora","tag-jorgechavezmarchablanca","tag-semanarioturistamagazine","tag-aeropuerto-internacional-jorge-chavez"],"_links":{"self":[{"href":"https:\/\/www.turistamagazine.com\/v2\/index.php?rest_route=\/wp\/v2\/posts\/66543","targetHints":{"allow":["GET"]}}],"collection":[{"href":"https:\/\/www.turistamagazine.com\/v2\/index.php?rest_route=\/wp\/v2\/posts"}],"about":[{"href":"https:\/\/www.turistamagazine.com\/v2\/index.php?rest_route=\/wp\/v2\/types\/post"}],"author":[{"embeddable":true,"href":"https:\/\/www.turistamagazine.com\/v2\/index.php?rest_route=\/wp\/v2\/users\/1"}],"replies":[{"embeddable":true,"href":"https:\/\/www.turistamagazine.com\/v2\/index.php?rest_route=%2Fwp%2Fv2%2Fcomments&post=66543"}],"version-history":[{"count":2,"href":"https:\/\/www.turistamagazine.com\/v2\/index.php?rest_route=\/wp\/v2\/posts\/66543\/revisions"}],"predecessor-version":[{"id":66546,"href":"https:\/\/www.turistamagazine.com\/v2\/index.php?rest_route=\/wp\/v2\/posts\/66543\/revisions\/66546"}],"wp:featuredmedia":[{"embeddable":true,"href":"https:\/\/www.turistamagazine.com\/v2\/index.php?rest_route=\/wp\/v2\/media\/66544"}],"wp:attachment":[{"href":"https:\/\/www.turistamagazine.com\/v2\/index.php?rest_route=%2Fwp%2Fv2%2Fmedia&parent=66543"}],"wp:term":[{"taxonomy":"category","embeddable":true,"href":"https:\/\/www.turistamagazine.com\/v2\/index.php?rest_route=%2Fwp%2Fv2%2Fcategories&post=66543"},{"taxonomy":"post_tag","embeddable":true,"href":"https:\/\/www.turistamagazine.com\/v2\/index.php?rest_route=%2Fwp%2Fv2%2Ftags&post=66543"}],"curies":[{"name":"wp","href":"https:\/\/api.w.org\/{rel}","templated":true}]}}