{"id":66528,"date":"2025-05-12T12:02:47","date_gmt":"2025-05-12T17:02:47","guid":{"rendered":"https:\/\/www.turistamagazine.com\/v2\/?p=66528"},"modified":"2025-05-12T12:02:47","modified_gmt":"2025-05-12T17:02:47","slug":"luis-fonsi-en-lima-presentara-un-concierto-intimo","status":"publish","type":"post","link":"https:\/\/www.turistamagazine.com\/v2\/?p=66528","title":{"rendered":"LUIS FONSI EN LIMA PRESENTAR\u00c1 UN CONCIERTO \u00cdNTIMO"},"content":{"rendered":"<p style=\"text-align: justify;\"><span style=\"color: #333399;\"><strong><em>LIMA\/PERU\/ 12\/05\/2025.-Este 22 de mayo el int\u00e9rprete Luis Fonsi presentar\u00e1 un concierto \u00edntimo en donde solo presentar\u00e1 sus mejores \u00e9xitos en un concierto celebrando sus 25 a\u00f1os de carrera en el Arena 1 interpretando todos los temas que marcaron generaciones.<\/em><\/strong><\/span><\/p>\n<p style=\"text-align: justify;\"><span style=\"color: #333399;\"><strong><em>\u201cCada canci\u00f3n representa un momento de mi vida, y quiero compartirlo con ustedes, que han sido parte del viaje desde el principio\u201d, expres\u00f3 Fonsi al anunciar esta gira que ya ha emocionado a miles de fans en distintos pa\u00edses.<\/em><\/strong><\/span><\/p>\n<p style=\"text-align: justify;\"><span style=\"color: #333399;\"><strong><em>\u00a0Temas como \u201cImag\u00edname sin ti\u201d, \u201cNada es para siempre\u201d y \u201cNo me doy por vencido\u201d\u00a0 hasta sus \u00e9xitos globales como \u201c\u00c9chame la culpa\u201d, \u201cDate la vuelta\u201d, \u201cCalypso\u201d y, por supuesto, \u201cDespacito\u201d; el himno que rompi\u00f3 todos los r\u00e9cords y lo llev\u00f3 al coraz\u00f3n del mundo entero.<\/em><\/strong><\/span><\/p>\n<p style=\"text-align: justify;\"><span style=\"color: #333399;\"><strong><em>La lista de canciones tambi\u00e9n incluye joyas como \u201cCoraz\u00f3n en la maleta\u201d, \u201cAqu\u00ed estoy yo\u201d, \u201cLlegaste t\u00fa\u201d, \u201cRespira\u201d y nuevas propuestas de su \u00e1lbum \u201cEl Viaje\u201d, ganador del Latin Grammy 2024 y nominado al Grammy 2025.<\/em><\/strong><\/span><\/p>\n<p style=\"text-align: justify;\"><span style=\"color: #333399;\"><strong><em>Adem\u00e1s, presentar\u00e1 covers especiales como \u201cBohemian Rhapsody\u201d de Queen y \u201cI Wanna Dance With Somebody\u201d de Whitney Houston.<\/em><\/strong><\/span><\/p>\n<p style=\"text-align: justify;\"><span style=\"color: #333399;\"><strong><em>Fonsi llega a Lima con m\u00fasicos en vivo, cuerpo de baile, efectos visuales y una producci\u00f3n dise\u00f1ada para presentar su gira \u201c25 A\u00f1os Tour\u201d.<\/em><\/strong><\/span><\/p>\n<p style=\"text-align: justify;\"><span style=\"color: #333399;\"><strong><em>Fuente Andina<\/em><\/strong><\/span><\/p>\n","protected":false},"excerpt":{"rendered":"<p>LIMA\/PERU\/ 12\/05\/2025.-Este 22 de mayo el int\u00e9rprete Luis Fonsi presentar\u00e1 un concierto \u00edntimo en donde solo presentar\u00e1 sus mejores \u00e9xitos en un concierto celebrando sus 25 a\u00f1os de carrera en el Arena 1 interpretando todos los temas que marcaron generaciones. \u201cCada canci\u00f3n representa un momento de mi vida, y quiero compartirlo con ustedes, que han sido parte del viaje desde el principio\u201d, expres\u00f3 Fonsi al anunciar esta gira que ya ha emocionado a miles de fans en distintos pa\u00edses. \u00a0Temas como \u201cImag\u00edname sin ti\u201d, \u201cNada es para siempre\u201d y \u201cNo me doy por vencido\u201d\u00a0 hasta sus \u00e9xitos globales como \u201c\u00c9chame&#8230;<\/p>\n","protected":false},"author":1,"featured_media":66530,"comment_status":"open","ping_status":"open","sticky":false,"template":"","format":"standard","meta":{"footnotes":""},"categories":[4,82],"tags":[11846,10219,9123],"class_list":["post-66528","post","type-post","status-publish","format-standard","has-post-thumbnail","hentry","category-breaking-news","category-nacionales","tag-elenatejeradirectora","tag-semanarioturistamagazine","tag-luis-fonsi"],"_links":{"self":[{"href":"https:\/\/www.turistamagazine.com\/v2\/index.php?rest_route=\/wp\/v2\/posts\/66528","targetHints":{"allow":["GET"]}}],"collection":[{"href":"https:\/\/www.turistamagazine.com\/v2\/index.php?rest_route=\/wp\/v2\/posts"}],"about":[{"href":"https:\/\/www.turistamagazine.com\/v2\/index.php?rest_route=\/wp\/v2\/types\/post"}],"author":[{"embeddable":true,"href":"https:\/\/www.turistamagazine.com\/v2\/index.php?rest_route=\/wp\/v2\/users\/1"}],"replies":[{"embeddable":true,"href":"https:\/\/www.turistamagazine.com\/v2\/index.php?rest_route=%2Fwp%2Fv2%2Fcomments&post=66528"}],"version-history":[{"count":1,"href":"https:\/\/www.turistamagazine.com\/v2\/index.php?rest_route=\/wp\/v2\/posts\/66528\/revisions"}],"predecessor-version":[{"id":66531,"href":"https:\/\/www.turistamagazine.com\/v2\/index.php?rest_route=\/wp\/v2\/posts\/66528\/revisions\/66531"}],"wp:featuredmedia":[{"embeddable":true,"href":"https:\/\/www.turistamagazine.com\/v2\/index.php?rest_route=\/wp\/v2\/media\/66530"}],"wp:attachment":[{"href":"https:\/\/www.turistamagazine.com\/v2\/index.php?rest_route=%2Fwp%2Fv2%2Fmedia&parent=66528"}],"wp:term":[{"taxonomy":"category","embeddable":true,"href":"https:\/\/www.turistamagazine.com\/v2\/index.php?rest_route=%2Fwp%2Fv2%2Fcategories&post=66528"},{"taxonomy":"post_tag","embeddable":true,"href":"https:\/\/www.turistamagazine.com\/v2\/index.php?rest_route=%2Fwp%2Fv2%2Ftags&post=66528"}],"curies":[{"name":"wp","href":"https:\/\/api.w.org\/{rel}","templated":true}]}}