{"id":66494,"date":"2025-05-10T21:33:56","date_gmt":"2025-05-11T02:33:56","guid":{"rendered":"https:\/\/www.turistamagazine.com\/v2\/?p=66494"},"modified":"2025-05-10T21:33:56","modified_gmt":"2025-05-11T02:33:56","slug":"b-a-p-union-llevara-lo-mejor-del-pais-con-la-casa-peru","status":"publish","type":"post","link":"https:\/\/www.turistamagazine.com\/v2\/?p=66494","title":{"rendered":"B.A.P UNI\u00d3N LLEVAR\u00c1 LO MEJOR DEL PA\u00cdS CON LA CASA PER\u00da"},"content":{"rendered":"<p style=\"text-align: center;\"><span style=\"color: #333399;\"><em><strong>La Marca Per\u00fa se luce en una de las velas del buque escuela de la Marina de Guerra del Per\u00fa.<\/strong><\/em><\/span><\/p>\n<p style=\"text-align: justify;\"><span style=\"color: #333399;\"><em><strong>CALLAO\/PERU\/ 10\/05\/2025.-La Comisi\u00f3n de Promoci\u00f3n del Per\u00fa para la Exportaci\u00f3n y el Turismo (PROMPER\u00da) anunci\u00f3 que el B.A.P. Uni\u00f3n, buque escuela de la Marina de Guerra del Per\u00fa, que zarp\u00f3 de Callao el 9 de mayo, mostrar\u00e1 durante su traves\u00eda toda la riqueza de nuestro pa\u00eds a trav\u00e9s de la Casa Per\u00fa. Adem\u00e1s, el buque porta en una de sus velas la emblem\u00e1tica Marca Per\u00fa.<\/strong><\/em><\/span><\/p>\n<p style=\"text-align: justify;\"><span style=\"color: #333399;\"><em><strong>Casa Per\u00fa es la plataforma de exhibici\u00f3n de PROMPER\u00da instalada dentro del B.A.P. Uni\u00f3n y presentar\u00e1 a los visitantes extranjero una muestra de nuestra biodiversidad, atractivos tur\u00edsticos, cultura, as\u00ed como productos de exportaci\u00f3n como el caf\u00e9 de especialidad, pisco, fibra de alpaca, entre otros; a trav\u00e9s de una experiencia \u00fanica y sensorial. \u00a0<\/strong><\/em><\/span><a href=\"https:\/\/www.turistamagazine.com\/v2\/wp-content\/uploads\/2025\/05\/Casa-Peru-1.jpg\"><img decoding=\"async\" class=\"size-full wp-image-66497 aligncenter\" src=\"https:\/\/www.turistamagazine.com\/v2\/wp-content\/uploads\/2025\/05\/Casa-Peru-1.jpg\" alt=\"\" width=\"630\" height=\"420\" srcset=\"https:\/\/www.turistamagazine.com\/v2\/wp-content\/uploads\/2025\/05\/Casa-Peru-1.jpg 630w, https:\/\/www.turistamagazine.com\/v2\/wp-content\/uploads\/2025\/05\/Casa-Peru-1-300x200.jpg 300w, https:\/\/www.turistamagazine.com\/v2\/wp-content\/uploads\/2025\/05\/Casa-Peru-1-610x407.jpg 610w\" sizes=\"(max-width: 630px) 100vw, 630px\" \/><\/a><\/p>\n<p style=\"text-align: justify;\"><span style=\"color: #333399;\"><em><strong>En esta oportunidad, el buque visitar\u00e1 los puertos internacionales de Balboa (Panam\u00e1), Mayport (Estados Unidos), Londres (Inglaterra), Aberdeen (Escocia), Esbjerg (Dinamarca), Bremerhaven (Alemania), \u00c1msterdam (Pa\u00edses Bajos), Liverpool (Inglaterra), Dubl\u00edn (Irlanda) y Vigo (Espa\u00f1a).<\/strong><\/em><\/span><\/p>\n<p style=\"text-align: justify;\"><span style=\"color: #333399;\"><em><strong>Esta traves\u00eda representa para PROMPER\u00da una oportunidad inigualable para realizar acciones de promoci\u00f3n del turismo, las exportaciones, las inversiones empresariales y la imagen pa\u00eds, a trav\u00e9s de las oficinas comerciales en los mercados internacionales.<\/strong><\/em><\/span><\/p>\n<p style=\"text-align: justify;\"><span style=\"color: #333399;\"><em><strong>En ese marco, se desarrollar\u00e1n espacios de negocios con gremios empresariales e inversionistas en los mercados estrat\u00e9gicos visitados que podr\u00e1n conocer la completa oferta exportable y tur\u00edstica del pa\u00eds.<\/strong><\/em><\/span><\/p>\n<p style=\"text-align: justify;\"><span style=\"color: #800080;\"><em><strong>\u00a0Sobre El B.A.P. Uni\u00f3n<\/strong><\/em><\/span><\/p>\n<p style=\"text-align: justify;\"><span style=\"color: #333399;\"><em><strong>La tripulaci\u00f3n del B.A.P Uni\u00f3n est\u00e1 conformada por 155 miembros y 71 cadetes de la Escuela Naval del Per\u00fa. En ese sentido, el viaje tiene como objetivo complementar la formaci\u00f3n integral de los cadetes navales.<\/strong><\/em><\/span><\/p>\n","protected":false},"excerpt":{"rendered":"<p>La Marca Per\u00fa se luce en una de las velas del buque escuela de la Marina de Guerra del Per\u00fa. CALLAO\/PERU\/ 10\/05\/2025.-La Comisi\u00f3n de Promoci\u00f3n del Per\u00fa para la Exportaci\u00f3n y el Turismo (PROMPER\u00da) anunci\u00f3 que el B.A.P. Uni\u00f3n, buque escuela de la Marina de Guerra del Per\u00fa, que zarp\u00f3 de Callao el 9 de mayo, mostrar\u00e1 durante su traves\u00eda toda la riqueza de nuestro pa\u00eds a trav\u00e9s de la Casa Per\u00fa. Adem\u00e1s, el buque porta en una de sus velas la emblem\u00e1tica Marca Per\u00fa. Casa Per\u00fa es la plataforma de exhibici\u00f3n de PROMPER\u00da instalada dentro del B.A.P. Uni\u00f3n y&#8230;<\/p>\n","protected":false},"author":1,"featured_media":66495,"comment_status":"open","ping_status":"open","sticky":false,"template":"","format":"standard","meta":{"footnotes":""},"categories":[4,82],"tags":[11846,10219,13329],"class_list":["post-66494","post","type-post","status-publish","format-standard","has-post-thumbnail","hentry","category-breaking-news","category-nacionales","tag-elenatejeradirectora","tag-semanarioturistamagazine","tag-el-b-a-p-union"],"_links":{"self":[{"href":"https:\/\/www.turistamagazine.com\/v2\/index.php?rest_route=\/wp\/v2\/posts\/66494","targetHints":{"allow":["GET"]}}],"collection":[{"href":"https:\/\/www.turistamagazine.com\/v2\/index.php?rest_route=\/wp\/v2\/posts"}],"about":[{"href":"https:\/\/www.turistamagazine.com\/v2\/index.php?rest_route=\/wp\/v2\/types\/post"}],"author":[{"embeddable":true,"href":"https:\/\/www.turistamagazine.com\/v2\/index.php?rest_route=\/wp\/v2\/users\/1"}],"replies":[{"embeddable":true,"href":"https:\/\/www.turistamagazine.com\/v2\/index.php?rest_route=%2Fwp%2Fv2%2Fcomments&post=66494"}],"version-history":[{"count":2,"href":"https:\/\/www.turistamagazine.com\/v2\/index.php?rest_route=\/wp\/v2\/posts\/66494\/revisions"}],"predecessor-version":[{"id":66498,"href":"https:\/\/www.turistamagazine.com\/v2\/index.php?rest_route=\/wp\/v2\/posts\/66494\/revisions\/66498"}],"wp:featuredmedia":[{"embeddable":true,"href":"https:\/\/www.turistamagazine.com\/v2\/index.php?rest_route=\/wp\/v2\/media\/66495"}],"wp:attachment":[{"href":"https:\/\/www.turistamagazine.com\/v2\/index.php?rest_route=%2Fwp%2Fv2%2Fmedia&parent=66494"}],"wp:term":[{"taxonomy":"category","embeddable":true,"href":"https:\/\/www.turistamagazine.com\/v2\/index.php?rest_route=%2Fwp%2Fv2%2Fcategories&post=66494"},{"taxonomy":"post_tag","embeddable":true,"href":"https:\/\/www.turistamagazine.com\/v2\/index.php?rest_route=%2Fwp%2Fv2%2Ftags&post=66494"}],"curies":[{"name":"wp","href":"https:\/\/api.w.org\/{rel}","templated":true}]}}