{"id":66389,"date":"2025-05-02T19:01:17","date_gmt":"2025-05-03T00:01:17","guid":{"rendered":"https:\/\/www.turistamagazine.com\/v2\/?p=66389"},"modified":"2025-05-03T15:46:14","modified_gmt":"2025-05-03T20:46:14","slug":"telecabinas-de-kuelap-ha-sido-suspendido-de-forma-temporal-5-hasta-el-18-de-mayo-de-2025","status":"publish","type":"post","link":"https:\/\/www.turistamagazine.com\/v2\/?p=66389","title":{"rendered":"TELECABINAS DE KU\u00c9LAP HAN SIDO SUSPENDIDAS DE FORMA TEMPORAL 5 HASTA EL 18 DE MAYO DE 2025"},"content":{"rendered":"<p style=\"text-align: center;\"><span style=\"color: #333399;\"><em><strong>El Ministerio de Cultura, a trav\u00e9s de la Direcci\u00f3n Desconcentrada de Cultura de Amazonas, ha informado que el servicio de transporte por telecabinas de Ku\u00e9lap ha sido suspendido de forma temporal.<\/strong><\/em><\/span><\/p>\n<p style=\"text-align: justify;\"><span style=\"color: #333399;\"><em><strong>AMAZONAS\/PERU\/02\/05\/2025.-Seg\u00fan un comunicado oficial, desde el 5 hasta el 18 de mayo de 2025, se llevar\u00e1n labores de mantenimiento, las cuales hab\u00edan sido previamente programadas por la empresa Telecabinas Ku\u00e9lap.<\/strong><\/em><\/span><\/p>\n<p style=\"text-align: justify;\"><span style=\"color: #333399;\"><em><strong>Durante este periodo, la atenci\u00f3n al p\u00fablico en el Complejo Arqueol\u00f3gico Monumental Ku\u00e9lap (CAMK) y el acceso a la Llaqta de Ku\u00e9lap, se desarrollar\u00e1n con normalidad desde los d\u00edas martes a domingo en el horario habitual.<\/strong><\/em><\/span><\/p>\n<p style=\"text-align: justify;\"><span style=\"color: #333399;\"><em><strong>Cabe resaltar que, estos trabajos, se realizan para seguir garantizando la seguridad de los miles de visitantes que llegan hasta la imponente ciudadela para conocer la historia de la cultura Chachapoyas, una de las m\u00e1s representativas de nuestro pa\u00eds<\/strong><\/em><\/span><\/p>\n<p style=\"text-align: justify;\"><span style=\"color: #800080;\"><em><strong>Recomendaci\u00f3n clave<\/strong><\/em><\/span><\/p>\n<p style=\"text-align: justify;\"><span style=\"color: #333399;\"><em><strong>El Ministerio de Cultura recomienda a los visitantes tomar las previsiones necesarias: utilizar las tres rutas o v\u00edas alternas disponibles para visitar Ku\u00e9lap.<\/strong><\/em><\/span><\/p>\n<p style=\"text-align: justify;\"><span style=\"color: #333399;\"><em><strong>Si deseas conocer m\u00e1s sobre este y otros atractivos en Amazonas, siempre puedes contactar a los especialistas de IPER\u00da al correo iperu@promperu.gob.pe.<\/strong><\/em><\/span><\/p>\n<p style=\"text-align: justify;\"><span style=\"color: #333399;\"><em><strong>Adem\u00e1s, tambi\u00e9n cuentan con la l\u00ednea de tel\u00e9fono (+51 -1) 574 8000, y el Whatsapp de atenci\u00f3n las 24 horas del d\u00eda, (+51) 944492314.<\/strong><\/em><\/span><\/p>\n<p style=\"text-align: justify;\"><span style=\"color: #800080;\"><em><strong>La oficina de IPER\u00da en Chachapoyas se encuentra en Jr. Ortiz Arrieta 630; y en la Estaci\u00f3n de Embarque de Telecabinas Kuelap, en el Nuevo Tingo.<\/strong><\/em><\/span><\/p>\n<p>F\/ Y tu quePlanes<\/p>\n","protected":false},"excerpt":{"rendered":"<p>El Ministerio de Cultura, a trav\u00e9s de la Direcci\u00f3n Desconcentrada de Cultura de Amazonas, ha informado que el servicio de transporte por telecabinas de Ku\u00e9lap ha sido suspendido de forma temporal. AMAZONAS\/PERU\/02\/05\/2025.-Seg\u00fan un comunicado oficial, desde el 5 hasta el 18 de mayo de 2025, se llevar\u00e1n labores de mantenimiento, las cuales hab\u00edan sido previamente programadas por la empresa Telecabinas Ku\u00e9lap. Durante este periodo, la atenci\u00f3n al p\u00fablico en el Complejo Arqueol\u00f3gico Monumental Ku\u00e9lap (CAMK) y el acceso a la Llaqta de Ku\u00e9lap, se desarrollar\u00e1n con normalidad desde los d\u00edas martes a domingo en el horario habitual. Cabe resaltar que,&#8230;<\/p>\n","protected":false},"author":1,"featured_media":66390,"comment_status":"open","ping_status":"open","sticky":false,"template":"","format":"standard","meta":{"footnotes":""},"categories":[4,82],"tags":[11846,10219,13316],"class_list":["post-66389","post","type-post","status-publish","format-standard","has-post-thumbnail","hentry","category-breaking-news","category-nacionales","tag-elenatejeradirectora","tag-semanarioturistamagazine","tag-telecabinaskuelap"],"_links":{"self":[{"href":"https:\/\/www.turistamagazine.com\/v2\/index.php?rest_route=\/wp\/v2\/posts\/66389","targetHints":{"allow":["GET"]}}],"collection":[{"href":"https:\/\/www.turistamagazine.com\/v2\/index.php?rest_route=\/wp\/v2\/posts"}],"about":[{"href":"https:\/\/www.turistamagazine.com\/v2\/index.php?rest_route=\/wp\/v2\/types\/post"}],"author":[{"embeddable":true,"href":"https:\/\/www.turistamagazine.com\/v2\/index.php?rest_route=\/wp\/v2\/users\/1"}],"replies":[{"embeddable":true,"href":"https:\/\/www.turistamagazine.com\/v2\/index.php?rest_route=%2Fwp%2Fv2%2Fcomments&post=66389"}],"version-history":[{"count":2,"href":"https:\/\/www.turistamagazine.com\/v2\/index.php?rest_route=\/wp\/v2\/posts\/66389\/revisions"}],"predecessor-version":[{"id":66401,"href":"https:\/\/www.turistamagazine.com\/v2\/index.php?rest_route=\/wp\/v2\/posts\/66389\/revisions\/66401"}],"wp:featuredmedia":[{"embeddable":true,"href":"https:\/\/www.turistamagazine.com\/v2\/index.php?rest_route=\/wp\/v2\/media\/66390"}],"wp:attachment":[{"href":"https:\/\/www.turistamagazine.com\/v2\/index.php?rest_route=%2Fwp%2Fv2%2Fmedia&parent=66389"}],"wp:term":[{"taxonomy":"category","embeddable":true,"href":"https:\/\/www.turistamagazine.com\/v2\/index.php?rest_route=%2Fwp%2Fv2%2Fcategories&post=66389"},{"taxonomy":"post_tag","embeddable":true,"href":"https:\/\/www.turistamagazine.com\/v2\/index.php?rest_route=%2Fwp%2Fv2%2Ftags&post=66389"}],"curies":[{"name":"wp","href":"https:\/\/api.w.org\/{rel}","templated":true}]}}