{"id":66380,"date":"2025-05-01T13:23:51","date_gmt":"2025-05-01T18:23:51","guid":{"rendered":"https:\/\/www.turistamagazine.com\/v2\/?p=66380"},"modified":"2025-05-01T13:23:51","modified_gmt":"2025-05-01T18:23:51","slug":"nuevo-aeropuerto-jorge-chavez-iniciara-marcha-blanca-desde-el-15-de-mayo","status":"publish","type":"post","link":"https:\/\/www.turistamagazine.com\/v2\/?p=66380","title":{"rendered":"NUEVO AEROPUERTO JORGE CH\u00c1VEZ INICIAR\u00c1 MARCHA BLANCA DESDE EL 15 DE MAYO"},"content":{"rendered":"<p style=\"text-align: center;\"><span style=\"color: #333399;\"><em><strong>El titular del MTC, Ra\u00fal P\u00e9rez Reyes, confirm\u00f3 que el que se convertir\u00e1 en el terminal a\u00e9reo m\u00e1s importante del Per\u00fa se inaugurar\u00e1 el pr\u00f3ximo domingo 1 de junio<\/strong><\/em><\/span><\/p>\n<p style=\"text-align: justify;\"><span style=\"color: #333399;\"><em><strong>LIMA\/ 01 \/05\/ 2025 .\u2013 A partir de la quincena de mayo, el nuevo Aeropuerto Internacional Jorge Ch\u00e1vez, ubicado en el Callao, comenzar\u00e1 su proceso de marcha blanca. Este periodo de prueba se realizar\u00e1 con un n\u00famero reducido de vuelos, lo que permitir\u00e1 identificar posibles problemas y evaluar el comportamiento tanto de los pasajeros como de los operarios.<\/strong><\/em><\/span><\/p>\n<p style=\"text-align: justify;\"><span style=\"color: #333399;\"><em><strong>Seg\u00fan explic\u00f3 el titular del Ministerio de Transportes y Comunicaciones (MTC), Ra\u00fal P\u00e9rez Reyes, este proceso es clave para ajustar detalles antes de la inauguraci\u00f3n oficial del nuevo terminal a\u00e9reo.<\/strong><\/em><\/span><\/p>\n<p style=\"text-align: justify;\"><span style=\"color: #333399;\"><em><strong>\u201cSin duda, como toda operaci\u00f3n nueva, van a haber cosas que mejorar, cosas que ajustar. La idea es que vamos a estar todos los actores listos para reaccionar r\u00e1pidamente y corregir cualquier cosa que pueda ocurrir. Pero para no esperar hasta el d\u00eda 31, hasta el 1 de junio a las 12 del mediod\u00eda, lo que vamos a hacer (es una marcha blanca) aproximadamente hacia la quincena de mayo\u201d, se\u00f1al\u00f3 P\u00e9rez Reyes.<\/strong><\/em><\/span><\/p>\n<p style=\"text-align: justify;\"><span style=\"color: #333399;\"><em><strong>En este sentido, destac\u00f3 que la marcha blanca tiene como objetivo garantizar que el nuevo aeropuerto est\u00e9 completamente operativo para el 1 de junio, fecha en la que se dar\u00e1 inicio a la operaci\u00f3n regular de vuelos.<\/strong><\/em><\/span><\/p>\n<p style=\"text-align: justify;\"><span style=\"color: #333399;\"><em><strong>Durante este ciclo de pruebas, las aerol\u00edneas comenzar\u00e1n a operar de manera controlada para realizar ajustes necesarios en los servicios, asegurando as\u00ed un servicio de calidad para los pasajeros desde el primer d\u00eda.<\/strong><\/em><\/span><\/p>\n<p style=\"text-align: justify;\"><span style=\"color: #333399;\"><em><strong>\u201cVamos a iniciar una marcha blanca con un n\u00famero peque\u00f1o de vuelos que, controlados obviamente, nos van a permitir justamente ir viendo c\u00f3mo los servicios ya en l\u00ednea se van presentando y haciendo los ajustes de forma tal que, el 1 de junio, tengamos ya un aeropuerto totalmente operativo y que nos permita brindar un excelente servicio a la ciudadan\u00eda\u201d, a\u00f1adi\u00f3 el ministro. (&#8230;)<\/strong><\/em><\/span><\/p>\n<p>F\/ Andina<\/p>\n","protected":false},"excerpt":{"rendered":"<p>El titular del MTC, Ra\u00fal P\u00e9rez Reyes, confirm\u00f3 que el que se convertir\u00e1 en el terminal a\u00e9reo m\u00e1s importante del Per\u00fa se inaugurar\u00e1 el pr\u00f3ximo domingo 1 de junio LIMA\/ 01 \/05\/ 2025 .\u2013 A partir de la quincena de mayo, el nuevo Aeropuerto Internacional Jorge Ch\u00e1vez, ubicado en el Callao, comenzar\u00e1 su proceso de marcha blanca. Este periodo de prueba se realizar\u00e1 con un n\u00famero reducido de vuelos, lo que permitir\u00e1 identificar posibles problemas y evaluar el comportamiento tanto de los pasajeros como de los operarios. Seg\u00fan explic\u00f3 el titular del Ministerio de Transportes y Comunicaciones (MTC), Ra\u00fal P\u00e9rez&#8230;<\/p>\n","protected":false},"author":1,"featured_media":59843,"comment_status":"open","ping_status":"open","sticky":false,"template":"","format":"standard","meta":{"footnotes":""},"categories":[4,82],"tags":[11846,10219,166,340],"class_list":["post-66380","post","type-post","status-publish","format-standard","has-post-thumbnail","hentry","category-breaking-news","category-nacionales","tag-elenatejeradirectora","tag-semanarioturistamagazine","tag-aeropuerto-internacional-jorge-chavez","tag-peru"],"_links":{"self":[{"href":"https:\/\/www.turistamagazine.com\/v2\/index.php?rest_route=\/wp\/v2\/posts\/66380","targetHints":{"allow":["GET"]}}],"collection":[{"href":"https:\/\/www.turistamagazine.com\/v2\/index.php?rest_route=\/wp\/v2\/posts"}],"about":[{"href":"https:\/\/www.turistamagazine.com\/v2\/index.php?rest_route=\/wp\/v2\/types\/post"}],"author":[{"embeddable":true,"href":"https:\/\/www.turistamagazine.com\/v2\/index.php?rest_route=\/wp\/v2\/users\/1"}],"replies":[{"embeddable":true,"href":"https:\/\/www.turistamagazine.com\/v2\/index.php?rest_route=%2Fwp%2Fv2%2Fcomments&post=66380"}],"version-history":[{"count":1,"href":"https:\/\/www.turistamagazine.com\/v2\/index.php?rest_route=\/wp\/v2\/posts\/66380\/revisions"}],"predecessor-version":[{"id":66381,"href":"https:\/\/www.turistamagazine.com\/v2\/index.php?rest_route=\/wp\/v2\/posts\/66380\/revisions\/66381"}],"wp:featuredmedia":[{"embeddable":true,"href":"https:\/\/www.turistamagazine.com\/v2\/index.php?rest_route=\/wp\/v2\/media\/59843"}],"wp:attachment":[{"href":"https:\/\/www.turistamagazine.com\/v2\/index.php?rest_route=%2Fwp%2Fv2%2Fmedia&parent=66380"}],"wp:term":[{"taxonomy":"category","embeddable":true,"href":"https:\/\/www.turistamagazine.com\/v2\/index.php?rest_route=%2Fwp%2Fv2%2Fcategories&post=66380"},{"taxonomy":"post_tag","embeddable":true,"href":"https:\/\/www.turistamagazine.com\/v2\/index.php?rest_route=%2Fwp%2Fv2%2Ftags&post=66380"}],"curies":[{"name":"wp","href":"https:\/\/api.w.org\/{rel}","templated":true}]}}