{"id":66342,"date":"2025-04-27T11:01:47","date_gmt":"2025-04-27T16:01:47","guid":{"rendered":"https:\/\/www.turistamagazine.com\/v2\/?p=66342"},"modified":"2025-04-27T11:01:47","modified_gmt":"2025-04-27T16:01:47","slug":"semana-santa-o-laxa","status":"publish","type":"post","link":"https:\/\/www.turistamagazine.com\/v2\/?p=66342","title":{"rendered":"SEMANA SANTA O LAXA"},"content":{"rendered":"<p style=\"text-align: justify;\"><span style=\"color: #333399;\"><em><strong>Por Antero Flores-Araoz*<\/strong><\/em><\/span><\/p>\n<p style=\"text-align: justify;\"><span style=\"color: #333399;\"><em><strong>Los que profesamos el cristianismo, en cualquiera de sus diferentes credos religiosos, tenemos en la llamada \u201cSemana Santa\u201d d\u00edas de recogimiento, reflexi\u00f3n y oraci\u00f3n, al recordar la vida, pasi\u00f3n y muerte de nuestro Se\u00f1or Jesucristo, precedida por el denominado \u201cTiempo de Cuaresma\u201d, llegar al Domingo de Ramos, para concluir con el domingo o la Pascua de Resurrecci\u00f3n de Jes\u00fas.<\/strong><\/em><\/span><\/p>\n<p style=\"text-align: justify;\"><span style=\"color: #333399;\"><em><strong>Desde antiguo se recorr\u00eda durante el jueves santo las llamadas \u201cestaciones\u201d en diversas iglesias, conmemorando las paradas del Cristo Redentor, hasta llegar al lugar de su crucifixi\u00f3n. El viernes santo se escuchaba y meditaba con el \u201cSerm\u00f3n de las tres horas\u201d y el s\u00e1bado hasta llegar al Domingo Pascual, se segu\u00edan visitando las bas\u00edlicas, iglesias y capillas.<\/strong><\/em><\/span><\/p>\n<p style=\"text-align: justify;\"><span style=\"color: #333399;\"><em><strong>Antiguamente en esos d\u00edas las damas estaban con vestimenta de riguroso luto y con mantilla, y los hombres con traje negro y, si es que no lo ten\u00edan, con un brazalete del mismo color o un cintillo asimismo negro en la solapa del saco.\u00a0 Est\u00e1 costumbre a\u00fan subsiste en muchas ciudades del Ande Peruano.<\/strong><\/em><\/span><\/p>\n<p style=\"text-align: justify;\"><span style=\"color: #333399;\"><em><strong>La m\u00fasica que se escuchaba en las radios, era m\u00fasicas sacra o tambi\u00e9n m\u00fasica cl\u00e1sica y, en los primeros lustros de la televisi\u00f3n solo se ve\u00edan las pel\u00edculas vinculadas con la vida de Jes\u00fas y los santos, o algunas vinculadas con la Historia de aquellas \u00e9pocas, lo que tambi\u00e9n era costumbre en las salas cinematogr\u00e1ficas.<\/strong><\/em><\/span><\/p>\n<p style=\"text-align: justify;\"><span style=\"color: #333399;\"><em><strong>Con el correr de los tiempos todo ello se fue liberalizando, por llamarlo en alguna forma, hasta llegar a nuestros d\u00edas en que poco se conserva de \u00e9sas tradiciones, lo que puede ser entendible, pero lo que no lo es, es la falta de respeto de muchas personas a quienes siguen con las usanzas de anta\u00f1o en la Semana Santa, o simplemente sin las formales vestimentas de \u00e9pocas pasadas, pero con las actividades religiosas que marcan la espiritual Semana Santa.<\/strong><\/em><\/span><\/p>\n<p style=\"text-align: justify;\"><span style=\"color: #333399;\"><em><strong>Si estamos en un pa\u00eds que mayoritariamente somos cristianos, lo menos que se puede exigir a quienes no lo son, o quienes si\u00e9ndolo no son practicantes, es que nos respeten y guarden por lo menos la compostura, sin festejos mundanos con m\u00fasica bailable a alt\u00edsimos decibeles.\u00a0 Como dice antiguo aforismo \u201cRespetos guardan respetos\u201d.<\/strong><\/em><\/span><\/p>\n<p style=\"text-align: justify;\"><span style=\"color: #333399;\"><em><strong>Esos sujetos a los que nos referimos, si estuviesen en un pa\u00eds musulm\u00e1n, no se atrever\u00edan a hacer lo que en Semana Santa practican en d\u00edas del Ramad\u00e1n.<\/strong><\/em><\/span><\/p>\n<p style=\"text-align: justify;\"><span style=\"color: #333399;\"><em><strong>Si desean jolgorio, bien pueden esperar al Domingo de Pascua, que es alegr\u00eda por la resurrecci\u00f3n del Se\u00f1or, pero no nos incordien los d\u00edas precedentes, a quienes queremos cumplir con los preceptos y celebraciones religiosas.<\/strong><\/em><\/span><\/p>\n<p style=\"text-align: justify;\"><span style=\"color: #333399;\"><em><strong>Valga la ocasi\u00f3n, para tratar sobre otro atentado, no solo contra el buen gusto, sino tambi\u00e9n contra la tranquilidad de quienes veranean en nuestros balnearios, en que recorren en sus malecones personas que son visitantes y llevan sus radios o celulares con m\u00fasica a todo volumen que perturba la tranquilidad y sosiego de residentes y veraneantes que ans\u00edan vivir en paz.\u00a0\u00a0 Si quieren los visitantes escuchar m\u00fasica, que lo hagan con baja intensidad o con auriculares, para no perturbar a todo el vecindario.<\/strong><\/em><\/span><\/p>\n<p style=\"text-align: justify;\"><span style=\"color: #333399;\"><em><strong>La lectura del Manual de Carre\u00f1o deber\u00eda ser obligaci\u00f3n escolar.<\/strong><\/em><\/span><\/p>\n<p style=\"text-align: justify;\"><span style=\"color: #333399;\"><em><strong>* *Prestigioso\u00a0Abogado y pol\u00edtico peruano. Ex ministro del interior, Ex Senador, Ex congresista, fundador del partido pol\u00edtico ORDEN<\/strong><\/em><\/span><\/p>\n","protected":false},"excerpt":{"rendered":"<p>Por Antero Flores-Araoz* Los que profesamos el cristianismo, en cualquiera de sus diferentes credos religiosos, tenemos en la llamada \u201cSemana Santa\u201d d\u00edas de recogimiento, reflexi\u00f3n y oraci\u00f3n, al recordar la vida, pasi\u00f3n y muerte de nuestro Se\u00f1or Jesucristo, precedida por el denominado \u201cTiempo de Cuaresma\u201d, llegar al Domingo de Ramos, para concluir con el domingo o la Pascua de Resurrecci\u00f3n de Jes\u00fas. Desde antiguo se recorr\u00eda durante el jueves santo las llamadas \u201cestaciones\u201d en diversas iglesias, conmemorando las paradas del Cristo Redentor, hasta llegar al lugar de su crucifixi\u00f3n. El viernes santo se escuchaba y meditaba con el \u201cSerm\u00f3n de&#8230;<\/p>\n","protected":false},"author":1,"featured_media":58312,"comment_status":"open","ping_status":"open","sticky":false,"template":"","format":"standard","meta":{"footnotes":""},"categories":[90],"tags":[11846,10219,13310,1956],"class_list":["post-66342","post","type-post","status-publish","format-standard","has-post-thumbnail","hentry","category-pensando-en-voz-alta","tag-elenatejeradirectora","tag-semanarioturistamagazine","tag-semanasantaolaxa","tag-antero-flores-araoz"],"_links":{"self":[{"href":"https:\/\/www.turistamagazine.com\/v2\/index.php?rest_route=\/wp\/v2\/posts\/66342","targetHints":{"allow":["GET"]}}],"collection":[{"href":"https:\/\/www.turistamagazine.com\/v2\/index.php?rest_route=\/wp\/v2\/posts"}],"about":[{"href":"https:\/\/www.turistamagazine.com\/v2\/index.php?rest_route=\/wp\/v2\/types\/post"}],"author":[{"embeddable":true,"href":"https:\/\/www.turistamagazine.com\/v2\/index.php?rest_route=\/wp\/v2\/users\/1"}],"replies":[{"embeddable":true,"href":"https:\/\/www.turistamagazine.com\/v2\/index.php?rest_route=%2Fwp%2Fv2%2Fcomments&post=66342"}],"version-history":[{"count":1,"href":"https:\/\/www.turistamagazine.com\/v2\/index.php?rest_route=\/wp\/v2\/posts\/66342\/revisions"}],"predecessor-version":[{"id":66343,"href":"https:\/\/www.turistamagazine.com\/v2\/index.php?rest_route=\/wp\/v2\/posts\/66342\/revisions\/66343"}],"wp:featuredmedia":[{"embeddable":true,"href":"https:\/\/www.turistamagazine.com\/v2\/index.php?rest_route=\/wp\/v2\/media\/58312"}],"wp:attachment":[{"href":"https:\/\/www.turistamagazine.com\/v2\/index.php?rest_route=%2Fwp%2Fv2%2Fmedia&parent=66342"}],"wp:term":[{"taxonomy":"category","embeddable":true,"href":"https:\/\/www.turistamagazine.com\/v2\/index.php?rest_route=%2Fwp%2Fv2%2Fcategories&post=66342"},{"taxonomy":"post_tag","embeddable":true,"href":"https:\/\/www.turistamagazine.com\/v2\/index.php?rest_route=%2Fwp%2Fv2%2Ftags&post=66342"}],"curies":[{"name":"wp","href":"https:\/\/api.w.org\/{rel}","templated":true}]}}