{"id":66313,"date":"2025-04-24T16:29:15","date_gmt":"2025-04-24T21:29:15","guid":{"rendered":"https:\/\/www.turistamagazine.com\/v2\/?p=66313"},"modified":"2025-04-24T16:47:18","modified_gmt":"2025-04-24T21:47:18","slug":"monaco-peru-sera-protagonista-en-evento-que-celebra-su-riqueza-cultural-y-gastronomica","status":"publish","type":"post","link":"https:\/\/www.turistamagazine.com\/v2\/?p=66313","title":{"rendered":"M\u00d3NACO: PER\u00da SER\u00c1 PROTAGONISTA EN EVENTO QUE CELEBRA SU RIQUEZA CULTURAL Y GASTRON\u00d3MICA"},"content":{"rendered":"<p style=\"text-align: justify;\"><span style=\"color: #333399;\"><em><strong>MONACO\/PERU\/24\/04\/2025.- La Asociaci\u00f3n Monegasca Iberoamericana (AMI) anunci\u00f3 el \u00e9xito de concurrencia y aforo completo a la cena ben\u00e9fica de gala, el pr\u00f3ximo 29 de abril, en el prestigioso Yacht Club de M\u00f3naco, con Per\u00fa como protagonista de honor en un evento que celebra la riqueza cultural y gastron\u00f3mica del pa\u00eds andino y que promete ser una velada inolvidable.<\/strong><\/em><\/span><\/p>\n<p style=\"text-align: justify;\"><span style=\"color: #333399;\"><em><strong>La chef Lourdes Pluvinage, pionera de la cocina peruana en Francia, y su equipo Bruno Bertello y Anthony Yaya, ser\u00e1n los art\u00edfices del men\u00fa de lujo que resaltar\u00e1 los sabores caracter\u00edsticos de la gastronom\u00eda peruana, y llevar\u00e1n a los comensales en un viaje gastron\u00f3mico que fusiona tradici\u00f3n e innovaci\u00f3n.<\/strong><\/em><\/span><\/p>\n<p style=\"text-align: justify;\"><span style=\"color: #333399;\"><em><strong>Rosario Pajuelo, directora de la Oficina Comercial del Per\u00fa en Francia y el Principado de M\u00f3naco, se suma con una poderosa promoci\u00f3n de Per\u00fa como destino tur\u00edstico con un bell\u00edsimo desfile de trajes t\u00edpicos de Estampas del Per\u00fa, y souvenirs de degustaci\u00f3n de especialidades \u00fanicas de Caf\u00e9s del Per\u00fa. Posteriormente organizar\u00e1 un encuentro con las agencias de turismo de Montecarlo.<\/strong><\/em><\/span><\/p>\n<div id=\"attachment_66315\" style=\"width: 640px\" class=\"wp-caption aligncenter\"><a href=\"https:\/\/www.turistamagazine.com\/v2\/wp-content\/uploads\/2025\/04\/Monaco2.jpg\"><img decoding=\"async\" aria-describedby=\"caption-attachment-66315\" class=\"wp-image-66315 size-full\" src=\"https:\/\/www.turistamagazine.com\/v2\/wp-content\/uploads\/2025\/04\/Monaco2.jpg\" alt=\"\" width=\"630\" height=\"420\" srcset=\"https:\/\/www.turistamagazine.com\/v2\/wp-content\/uploads\/2025\/04\/Monaco2.jpg 630w, https:\/\/www.turistamagazine.com\/v2\/wp-content\/uploads\/2025\/04\/Monaco2-300x200.jpg 300w, https:\/\/www.turistamagazine.com\/v2\/wp-content\/uploads\/2025\/04\/Monaco2-610x407.jpg 610w\" sizes=\"(max-width: 630px) 100vw, 630px\" \/><\/a><p id=\"caption-attachment-66315\" class=\"wp-caption-text\"><span style=\"color: #333399;\"><em><strong>La AMI, fundada hace cuatro a\u00f1os por un grupo de mujeres oriundas de Am\u00e9rica Latina, Espa\u00f1a y Portugal, residentes en el principado hace m\u00e1s de dos d\u00e9cadas, busca promover la cultura iberoamericana y fortalecer los lazos entre las distintas comunidades.<\/strong><\/em><\/span><\/p><\/div>\n<p style=\"text-align: center;\"><span style=\"color: #333399;\"><em><strong>\u00a0Cabe destacar la disposici\u00f3n del empresario ayacuchano Carlos A\u00f1a\u00f1os y su Patronato Pikimachay y Tiyapuy con \u00abla Joya de los Andes\u00bb, papas nativas org\u00e1nicas peruanas, sembradas a m\u00e1s de 3,500 msnm.\u00a0\u00a0\u00a0<\/strong><\/em><\/span><\/p>\n<p style=\"text-align: justify;\"><span style=\"color: #333399;\"><em><strong>\u00a0La fiesta llegar\u00e1 \u00abpor marineras\u00bb, danza elegante, galante y apasionada que se caracteriza por su gracia, picard\u00eda y destreza, gracias al Club Libertad Filial M\u00f3naco, liderado por Neiza Rodr\u00edguez, recientemente nombrada vicec\u00f3nsul honoraria de Per\u00fa en el principado.<\/strong><\/em><\/span><\/p>\n<p style=\"text-align: justify;\"><span style=\"color: #333399;\"><em><strong>El programa art\u00edstico se completa con el elenco del ballet folcl\u00f3rico Im\u00e1genes Per\u00fa, radicado en Mil\u00e1n, ofrecer\u00e1 danzas de Costa, Sierra y Selva; y Aneth Saavedra, destacada int\u00e9rprete de la m\u00fasica criolla peruana en Europa. El dise\u00f1ador peruano Juan Ferreyros, cuyas creaciones han deslumbrado en las pasarelas de Nueva York, Nueva Jersey, Filadelfia y Washington D. C., presentar\u00e1 una selecci\u00f3n de su obra, exhibiendo la riqueza del dise\u00f1o peruano.<\/strong><\/em><\/span><\/p>\n<div id=\"attachment_62580\" style=\"width: 640px\" class=\"wp-caption aligncenter\"><a href=\"https:\/\/www.turistamagazine.com\/v2\/wp-content\/uploads\/2024\/02\/Pisco-Sour-.jpg\"><img decoding=\"async\" aria-describedby=\"caption-attachment-62580\" class=\"wp-image-62580\" src=\"https:\/\/www.turistamagazine.com\/v2\/wp-content\/uploads\/2024\/02\/Pisco-Sour-.jpg\" alt=\"\" width=\"630\" height=\"456\" srcset=\"https:\/\/www.turistamagazine.com\/v2\/wp-content\/uploads\/2024\/02\/Pisco-Sour-.jpg 640w, https:\/\/www.turistamagazine.com\/v2\/wp-content\/uploads\/2024\/02\/Pisco-Sour--300x217.jpg 300w, https:\/\/www.turistamagazine.com\/v2\/wp-content\/uploads\/2024\/02\/Pisco-Sour--581x420.jpg 581w, https:\/\/www.turistamagazine.com\/v2\/wp-content\/uploads\/2024\/02\/Pisco-Sour--220x160.jpg 220w\" sizes=\"(max-width: 630px) 100vw, 630px\" \/><\/a><p id=\"caption-attachment-62580\" class=\"wp-caption-text\"><span style=\"color: #333399;\"><strong><em>Nuestra bebida de bandera se lucir\u00e1 gracias al mix\u00f3logo Christophe Pluvinage, ganador del Pisco Week Paris 2018, creador del PiscoBar en Par\u00eds. Antes de la cena ofrecer\u00e1 una clase magistral en el Lyc\u00e9e Technique et H\u00f4telier de M\u00f3naco.<\/em><\/strong><\/span><\/p><\/div>\n<p style=\"text-align: justify;\"><span style=\"color: #333399;\"><em><strong>Este evento ben\u00e9fico no solo celebrar\u00e1 la cultura peruana, sino que tambi\u00e9n apoyar\u00e1 iniciativas que benefician a diversas causas sociales en la regi\u00f3n.<\/strong><\/em><\/span><\/p>\n<p style=\"text-align: justify;\"><span style=\"color: #333399;\"><em><strong>El encuentro reunir\u00e1 a autoridades y personalidades de la sociedad monegasca y representantes de misiones diplom\u00e1ticas acreditadas en Francia y en M\u00f3naco, resaltando la presencia del embajador de Per\u00fa en Francia, Rolando Ruiz Rosas, todos unidos por la pasi\u00f3n por la cultura y el deseo de contribuir a un futuro mejor. La cena ben\u00e9fica de AMI se perfila como un evento clave en el calendario social monegasco, donde Per\u00fa brillar\u00e1 con luz propia.<\/strong><\/em><\/span><\/p>\n<p style=\"text-align: justify;\"><span style=\"color: #333399;\"><em><strong>Andina<\/strong><\/em><\/span><\/p>\n","protected":false},"excerpt":{"rendered":"<p>MONACO\/PERU\/24\/04\/2025.- La Asociaci\u00f3n Monegasca Iberoamericana (AMI) anunci\u00f3 el \u00e9xito de concurrencia y aforo completo a la cena ben\u00e9fica de gala, el pr\u00f3ximo 29 de abril, en el prestigioso Yacht Club de M\u00f3naco, con Per\u00fa como protagonista de honor en un evento que celebra la riqueza cultural y gastron\u00f3mica del pa\u00eds andino y que promete ser una velada inolvidable. La chef Lourdes Pluvinage, pionera de la cocina peruana en Francia, y su equipo Bruno Bertello y Anthony Yaya, ser\u00e1n los art\u00edfices del men\u00fa de lujo que resaltar\u00e1 los sabores caracter\u00edsticos de la gastronom\u00eda peruana, y llevar\u00e1n a los comensales en un&#8230;<\/p>\n","protected":false},"author":1,"featured_media":66314,"comment_status":"open","ping_status":"open","sticky":false,"template":"","format":"standard","meta":{"footnotes":""},"categories":[4,82],"tags":[11846,10219,13306,13305],"class_list":["post-66313","post","type-post","status-publish","format-standard","has-post-thumbnail","hentry","category-breaking-news","category-nacionales","tag-elenatejeradirectora","tag-semanarioturistamagazine","tag-la-ami","tag-monaco-peru"],"_links":{"self":[{"href":"https:\/\/www.turistamagazine.com\/v2\/index.php?rest_route=\/wp\/v2\/posts\/66313","targetHints":{"allow":["GET"]}}],"collection":[{"href":"https:\/\/www.turistamagazine.com\/v2\/index.php?rest_route=\/wp\/v2\/posts"}],"about":[{"href":"https:\/\/www.turistamagazine.com\/v2\/index.php?rest_route=\/wp\/v2\/types\/post"}],"author":[{"embeddable":true,"href":"https:\/\/www.turistamagazine.com\/v2\/index.php?rest_route=\/wp\/v2\/users\/1"}],"replies":[{"embeddable":true,"href":"https:\/\/www.turistamagazine.com\/v2\/index.php?rest_route=%2Fwp%2Fv2%2Fcomments&post=66313"}],"version-history":[{"count":2,"href":"https:\/\/www.turistamagazine.com\/v2\/index.php?rest_route=\/wp\/v2\/posts\/66313\/revisions"}],"predecessor-version":[{"id":66317,"href":"https:\/\/www.turistamagazine.com\/v2\/index.php?rest_route=\/wp\/v2\/posts\/66313\/revisions\/66317"}],"wp:featuredmedia":[{"embeddable":true,"href":"https:\/\/www.turistamagazine.com\/v2\/index.php?rest_route=\/wp\/v2\/media\/66314"}],"wp:attachment":[{"href":"https:\/\/www.turistamagazine.com\/v2\/index.php?rest_route=%2Fwp%2Fv2%2Fmedia&parent=66313"}],"wp:term":[{"taxonomy":"category","embeddable":true,"href":"https:\/\/www.turistamagazine.com\/v2\/index.php?rest_route=%2Fwp%2Fv2%2Fcategories&post=66313"},{"taxonomy":"post_tag","embeddable":true,"href":"https:\/\/www.turistamagazine.com\/v2\/index.php?rest_route=%2Fwp%2Fv2%2Ftags&post=66313"}],"curies":[{"name":"wp","href":"https:\/\/api.w.org\/{rel}","templated":true}]}}