{"id":66293,"date":"2025-04-22T20:43:00","date_gmt":"2025-04-23T01:43:00","guid":{"rendered":"https:\/\/www.turistamagazine.com\/v2\/?p=66293"},"modified":"2025-04-22T20:43:00","modified_gmt":"2025-04-23T01:43:00","slug":"comunicado-urgente-apotur","status":"publish","type":"post","link":"https:\/\/www.turistamagazine.com\/v2\/?p=66293","title":{"rendered":"COMUNICADO URGENTE: APOTUR"},"content":{"rendered":"<p style=\"text-align: center;\"><span style=\"color: #333399;\"><strong><em><span style=\"color: #800080;\">Modificar el Fondo de Promoci\u00f3n Tur\u00edstica es debilitar al Per\u00fa: APOTUR exige su defensa y continuidad sin alteraciones<\/span><\/em><\/strong><\/span><\/p>\n<p style=\"text-align: justify;\"><span style=\"color: #333399;\"><strong><em>Desde la Asociaci\u00f3n Peruana de Operadores de Turismo Receptivo e Interno (APOTUR), expresamos nuestro rotundo rechazo al dictamen aprobado en primera votaci\u00f3n en el Congreso de la Rep\u00fablica, vinculado a los Proyectos de Ley N.\u00ba 7851\/2023-CR y N.\u00ba 7706\/2023-CR, que atentan directamente contra la estabilidad del Fondo de Promoci\u00f3n y Desarrollo Tur\u00edstico Nacional.<\/em><\/strong><\/span><\/p>\n<p style=\"text-align: justify;\"><span style=\"color: #333399;\"><strong><em>La eliminaci\u00f3n o redistribuci\u00f3n del fondo es un retroceso que el pa\u00eds no puede permitirse, este fondo no proviene del Tesoro P\u00fablico, sino del esfuerzo conjunto de los propios viajeros que eligen Per\u00fa como destino. Durante m\u00e1s de dos d\u00e9cadas, ha permitido que el Per\u00fa tenga voz, presencia y competitividad en el escenario tur\u00edstico internacional.<\/em><\/strong><\/span><\/p>\n<p style=\"text-align: justify;\"><span style=\"color: #800080;\"><strong><em>Desmantelar o fragmentar este fondo es silenciar al Per\u00fa en el mundo, dejar sin representaci\u00f3n a nuestras maravillas, a nuestra cultura, y renunciar a atraer turistas de calidad que buscan experiencias \u00fanicas como las que solo nuestro pa\u00eds ofrece.<\/em><\/strong><\/span><\/p>\n<p style=\"text-align: justify;\"><span style=\"color: #333399;\"><strong><em>La consecuencia directa: m\u00e1s desempleo, m\u00e1s pobreza, menos desarrollo. El turismo es una de las industrias m\u00e1s inclusivas del pa\u00eds. En cada visitante extranjero que llega al Per\u00fa, hay cientos de empleos activados: gu\u00edas, artesanos, transportistas, hoteleros, operadores, comunidades campesinas, familias enteras que viven directamente del turismo receptivo.<\/em><\/strong><\/span><\/p>\n<p style=\"text-align: justify;\"><span style=\"color: #800080;\"><strong><em>Aprobar esta medida es poner en riesgo millones de empleos directos e indirectos, y frenar el desarrollo de regiones y pueblos que han encontrado en el turismo una salida digna, descentralizada y sostenible.<\/em><\/strong><\/span><\/p>\n<p style=\"text-align: justify;\"><span style=\"color: #333399;\"><strong><em>Mientras Per\u00fa debilita su promoci\u00f3n, nuestros pa\u00edses vecinos invierten m\u00e1s Chile, Colombia, M\u00e9xico y otros pa\u00edses de la regi\u00f3n invierten cifras millonarias en promoci\u00f3n internacional. Nosotros, en cambio, amenazamos con reducir el \u00fanico fondo existente, financiado \u00edntegramente por los propios visitantes, no por el Tesoro Nacional. \u00bfVamos a permitir que el Per\u00fa quede invisible mientras la competencia regional nos sobrepasa?<\/em><\/strong><\/span><\/p>\n<p style=\"text-align: justify;\"><span style=\"color: #333399;\"><strong><em>Por eso, desde APOTUR, hacemos un llamado firme al Congreso de la Rep\u00fablica: <span style=\"color: #800080;\">DETENGAN ESTE RETROCESO.<\/span><\/em><\/strong><\/span><\/p>\n<p style=\"text-align: justify;\"><span style=\"color: #333399;\"><strong><em>Escuchen al sector tur\u00edstico, que ha demostrado compromiso y resiliencia. Abran un di\u00e1logo t\u00e9cnico y responsable. Protejan el futuro de millones de peruanos que trabajan gracias al turismo.<\/em><\/strong><\/span><\/p>\n<p style=\"text-align: justify;\"><span style=\"color: #800080;\"><strong><em>El Per\u00fa no necesita menos promoci\u00f3n. Necesita m\u00e1s inversi\u00f3n, m\u00e1s estrategia y m\u00e1s presencia internacional.<\/em><\/strong><\/span><\/p>\n<p style=\"text-align: justify;\"><span style=\"color: #333399;\"><strong><em>Por un turismo que da voz al Per\u00fa en el mundo. Por un turismo que genera empleo, descentraliza la econom\u00eda y transforma vidas.<\/em><\/strong><\/span><\/p>\n<p style=\"text-align: justify;\">\n<p style=\"text-align: justify;\"><span style=\"color: #333399;\"><strong><em>Lima, 22 de abril de 2025 APOTUR<\/em><\/strong><\/span><\/p>\n","protected":false},"excerpt":{"rendered":"<p>Modificar el Fondo de Promoci\u00f3n Tur\u00edstica es debilitar al Per\u00fa: APOTUR exige su defensa y continuidad sin alteraciones Desde la Asociaci\u00f3n Peruana de Operadores de Turismo Receptivo e Interno (APOTUR), expresamos nuestro rotundo rechazo al dictamen aprobado en primera votaci\u00f3n en el Congreso de la Rep\u00fablica, vinculado a los Proyectos de Ley N.\u00ba 7851\/2023-CR y N.\u00ba 7706\/2023-CR, que atentan directamente contra la estabilidad del Fondo de Promoci\u00f3n y Desarrollo Tur\u00edstico Nacional. La eliminaci\u00f3n o redistribuci\u00f3n del fondo es un retroceso que el pa\u00eds no puede permitirse, este fondo no proviene del Tesoro P\u00fablico, sino del esfuerzo conjunto de los propios&#8230;<\/p>\n","protected":false},"author":1,"featured_media":56526,"comment_status":"open","ping_status":"open","sticky":false,"template":"","format":"standard","meta":{"footnotes":""},"categories":[4,82],"tags":[11846,11693,10219,1065],"class_list":["post-66293","post","type-post","status-publish","format-standard","has-post-thumbnail","hentry","category-breaking-news","category-nacionales","tag-elenatejeradirectora","tag-enriquequinones","tag-semanarioturistamagazine","tag-apotur"],"_links":{"self":[{"href":"https:\/\/www.turistamagazine.com\/v2\/index.php?rest_route=\/wp\/v2\/posts\/66293","targetHints":{"allow":["GET"]}}],"collection":[{"href":"https:\/\/www.turistamagazine.com\/v2\/index.php?rest_route=\/wp\/v2\/posts"}],"about":[{"href":"https:\/\/www.turistamagazine.com\/v2\/index.php?rest_route=\/wp\/v2\/types\/post"}],"author":[{"embeddable":true,"href":"https:\/\/www.turistamagazine.com\/v2\/index.php?rest_route=\/wp\/v2\/users\/1"}],"replies":[{"embeddable":true,"href":"https:\/\/www.turistamagazine.com\/v2\/index.php?rest_route=%2Fwp%2Fv2%2Fcomments&post=66293"}],"version-history":[{"count":1,"href":"https:\/\/www.turistamagazine.com\/v2\/index.php?rest_route=\/wp\/v2\/posts\/66293\/revisions"}],"predecessor-version":[{"id":66294,"href":"https:\/\/www.turistamagazine.com\/v2\/index.php?rest_route=\/wp\/v2\/posts\/66293\/revisions\/66294"}],"wp:featuredmedia":[{"embeddable":true,"href":"https:\/\/www.turistamagazine.com\/v2\/index.php?rest_route=\/wp\/v2\/media\/56526"}],"wp:attachment":[{"href":"https:\/\/www.turistamagazine.com\/v2\/index.php?rest_route=%2Fwp%2Fv2%2Fmedia&parent=66293"}],"wp:term":[{"taxonomy":"category","embeddable":true,"href":"https:\/\/www.turistamagazine.com\/v2\/index.php?rest_route=%2Fwp%2Fv2%2Fcategories&post=66293"},{"taxonomy":"post_tag","embeddable":true,"href":"https:\/\/www.turistamagazine.com\/v2\/index.php?rest_route=%2Fwp%2Fv2%2Ftags&post=66293"}],"curies":[{"name":"wp","href":"https:\/\/api.w.org\/{rel}","templated":true}]}}