{"id":65989,"date":"2025-03-20T19:51:41","date_gmt":"2025-03-21T00:51:41","guid":{"rendered":"https:\/\/www.turistamagazine.com\/v2\/?p=65989"},"modified":"2025-03-20T19:51:41","modified_gmt":"2025-03-21T00:51:41","slug":"gercetur-presenta-catalogo-del-artesano-lambayecano-en-su-primera-edicion","status":"publish","type":"post","link":"https:\/\/www.turistamagazine.com\/v2\/?p=65989","title":{"rendered":"GERCETUR PRESENTA CAT\u00c1LOGO DEL ARTESANO LAMBAYECANO EN SU PRIMERA EDICI\u00d3N."},"content":{"rendered":"<p style=\"text-align: center;\"><em><strong><span style=\"color: #333399;\">\u00a0<span style=\"color: #800080;\">La autora del catalogo al centro\u00a0 acompa\u00f1ada de las esforzadas artesana de la Regi\u00f3n Lambayeque<\/span><\/span><\/strong><\/em><\/p>\n<p style=\"text-align: center;\"><span style=\"color: #333399;\"><strong>En homenaje al artesano: <\/strong><strong><em>Producto es autor\u00eda de reconocida periodista Lambayecana<\/em><\/strong> <strong><em>Lic. Milagros N\u00fa\u00f1ez.<\/em><\/strong><\/span><\/p>\n<p style=\"text-align: justify;\">E<span style=\"color: #333399;\"><em><strong>n la regi\u00f3n Lambayeque la creatividad de nuestros artesanos es infinita y se puede apreciar en la gran variedad de productos que se ponen en vitrina, elaborados a trav\u00e9s de diferentes l\u00edneas artesanales como el tejido en telar de cintura, mates burilados, bordados, cer\u00e1mica, tallado en piedra, entre otros d\u00e1ndole el valor a cada pieza artesanal que una vez culminada, ya est\u00e1 lista para su venta.<\/strong><\/em><\/span><\/p>\n<p style=\"text-align: justify;\"><span style=\"color: #333399;\"><em><strong>En un significativo evento el Gobierno Regional de Lambayeque, a trav\u00e9s de la Gerencia Regional de Comercio Exterior y Turismo, celebr\u00f3 el D\u00eda del Artesano, rindiendo homenaje a los hombres y mujeres que preservan, promueven el arte y la cultura de la regi\u00f3n. En dicha ceremonia el gobernador Dr. Jorge P\u00e9rez Flores con gran satisfacci\u00f3n present\u00f3 la primera edici\u00f3n del \u201cCat\u00e1logo Artesan\u00edas Lambayecanas\u201d producto tur\u00edstico que estuvo bajo la producci\u00f3n general de la reconocida periodista Lic. Milagros N\u00fa\u00f1ez promotora del turismo y la cultura Lambayecana por m\u00e1s de dos d\u00e9cadas, autora de tal magn\u00edfica obra, qui\u00e9n con su larga experiencia y vivencias con los artesanos de la regi\u00f3n por largos a\u00f1os se propuso plasmar un producto que mostrara el trabajo que realizan los artesanos con esmero y dedicaci\u00f3n en una primera edici\u00f3n.<\/strong><\/em><\/span><\/p>\n<div id=\"attachment_65993\" style=\"width: 640px\" class=\"wp-caption aligncenter\"><a href=\"https:\/\/www.turistamagazine.com\/v2\/wp-content\/uploads\/2025\/03\/GOBERNADOR-DR.-PREREZ.jpg\"><img decoding=\"async\" aria-describedby=\"caption-attachment-65993\" class=\"wp-image-65993\" src=\"https:\/\/www.turistamagazine.com\/v2\/wp-content\/uploads\/2025\/03\/GOBERNADOR-DR.-PREREZ.jpg\" alt=\"\" width=\"630\" height=\"419\" srcset=\"https:\/\/www.turistamagazine.com\/v2\/wp-content\/uploads\/2025\/03\/GOBERNADOR-DR.-PREREZ.jpg 640w, https:\/\/www.turistamagazine.com\/v2\/wp-content\/uploads\/2025\/03\/GOBERNADOR-DR.-PREREZ-300x200.jpg 300w, https:\/\/www.turistamagazine.com\/v2\/wp-content\/uploads\/2025\/03\/GOBERNADOR-DR.-PREREZ-631x420.jpg 631w, https:\/\/www.turistamagazine.com\/v2\/wp-content\/uploads\/2025\/03\/GOBERNADOR-DR.-PREREZ-610x406.jpg 610w\" sizes=\"(max-width: 630px) 100vw, 630px\" \/><\/a><p id=\"caption-attachment-65993\" class=\"wp-caption-text\"><span style=\"color: #333399;\"><strong><em>En dicha ceremonia el gobernador Dr. Jorge P\u00e9rez Flores con gran satisfacci\u00f3n present\u00f3 la primera edici\u00f3n del \u201cCat\u00e1logo Artesan\u00edas Lambayecanas\u201d producto tur\u00edstico que estuvo bajo la producci\u00f3n general de la reconocida periodista Lic. Milagros N\u00fa\u00f1ez<\/em><\/strong><\/span><\/p><\/div>\n<p style=\"text-align: justify;\"><span style=\"color: #333399;\"><em><strong>Milagros N\u00fa\u00f1ez es conocedora de la riqueza tur\u00edstica, gastron\u00f3mica y artesanal de la regi\u00f3n, con 22 a\u00f1os de trabajo indesmayable en busca del rescate de la Identidad Lambayecana, fomentando y promocionando cada rinc\u00f3n de los 38 distritos de nuestra regi\u00f3n; quien expresa con una gran sensibilidad que \u201cLa artesan\u00eda Lambayecana es incomparable pues de acuerdo a mi investigaci\u00f3n, nuestros artesanos le ponen vida, coraz\u00f3n y mucha creatividad en cada trabajo o producto realizado, transformando la materia prima en atractivas prendas y objetos con mensajes diferentes, haciendo que el producto final atraiga la visi\u00f3n y deseo de compra del turista, debemos apoyar el talento regional, debemos sentirnos orgullosos de nuestras tradiciones y costumbres, son una herencia encantadora que no debemos dejar morir\u201d expres\u00f3 la mujer periodista amante de sus tradiciones.<\/strong><\/em><\/span><\/p>\n<p style=\"text-align: justify;\"><span style=\"color: #333399;\"><em><strong>En esta primera edici\u00f3n de 104 p\u00e1ginas el Cat\u00e1logo Artesan\u00edas Lambayecanas, re\u00fane una selecci\u00f3n de piezas representativas del talento y creatividad de los artesanos de los distritos de Monsef\u00fa, Santa Rosa, T\u00facume, Pueblo Nuevo, Incahuasi, Ciudad Eten, San Jos\u00e9, P\u00edtipo y Pacora en su primera edici\u00f3n. Con este cat\u00e1logo se busca promover y posicionar el trabajo artesanal en mercados locales, nacionales e internacionales; y que tambi\u00e9n sirva de carta de presentaci\u00f3n de las autoridades durante sus visitas a la capital y al exterior.<\/strong><\/em><\/span><\/p>\n<div id=\"attachment_65994\" style=\"width: 640px\" class=\"wp-caption aligncenter\"><a href=\"https:\/\/www.turistamagazine.com\/v2\/wp-content\/uploads\/2025\/03\/DIA-DEL-ARTESANO-2.jpg\"><img decoding=\"async\" aria-describedby=\"caption-attachment-65994\" class=\"wp-image-65994 size-full\" src=\"https:\/\/www.turistamagazine.com\/v2\/wp-content\/uploads\/2025\/03\/DIA-DEL-ARTESANO-2.jpg\" alt=\"\" width=\"630\" height=\"474\" srcset=\"https:\/\/www.turistamagazine.com\/v2\/wp-content\/uploads\/2025\/03\/DIA-DEL-ARTESANO-2.jpg 630w, https:\/\/www.turistamagazine.com\/v2\/wp-content\/uploads\/2025\/03\/DIA-DEL-ARTESANO-2-300x226.jpg 300w, https:\/\/www.turistamagazine.com\/v2\/wp-content\/uploads\/2025\/03\/DIA-DEL-ARTESANO-2-558x420.jpg 558w\" sizes=\"(max-width: 630px) 100vw, 630px\" \/><\/a><p id=\"caption-attachment-65994\" class=\"wp-caption-text\"><span style=\"color: #333399;\"><em><strong>A la ceremonia se dieron cita distinguidas autoridades de la regi\u00f3n como el alcalde del distrito de Monsef\u00fa Lic. Erwin Huertas, el C.P.C F\u00e9lix M\u00edo Gerente regional de Comercio Exterior y Turismo quien se\u00f1al\u00f3 que este tipo de productos como el cat\u00e1logo necesita la regi\u00f3n Lambayeque para poner en vitrina la riqueza de nuestra artesan\u00eda con el trabajo valioso de los artesanos.<\/strong><\/em><\/span><\/p><\/div>\n<p style=\"text-align: justify;\"><span style=\"color: #333399;\"><em><strong>Es as\u00ed como el gobernador regional Dr. Jorge P\u00e9rez en plena ceremonia por el d\u00eda del artesano felicit\u00f3 y agradeci\u00f3 p\u00fablicamente a la periodista por esa entrega y dedicaci\u00f3n que le puso al proyecto, presentando con total satisfacci\u00f3n el cat\u00e1logo, reafirmando su compromiso con el sector artesanal, impulsando pol\u00edticas y programas que permitan fortalecer y revalorizar el trabajo de los artesanos, quienes con su talento mantienen vivas las tradiciones y la identidad lambayecana.<\/strong><\/em><\/span><\/p>\n<p style=\"text-align: justify;\"><span style=\"color: #333399;\"><em><strong>Por su parte la autora del producto tur\u00edstico manifest\u00f3 \u201cComo Lambayecana, reafirmo mi compromiso de seguir contribuyendo al desarrollo y promoci\u00f3n de la artesan\u00eda regional desde el lugar que me toque estar. Este producto fue realizado con mucha dedicaci\u00f3n, entrega, amor y pasi\u00f3n, con el prop\u00f3sito de promover nuestras costumbres y tradiciones. Felicito a la Gercetur y Gobierno regional por tener presente a los artesanos y preocuparse en difundir lo nuestro. Siempre defiendo la idea de valorar nuestra riqueza cultural, porque \u201cNadie ama lo que no conoce\u201d, por ello en mis reportajes y art\u00edculos desde hace 20 a\u00f1os siempre reitero \u201cPrimero lo Nuestro, despu\u00e9s el Resto\u201d, enfatiz\u00f3 Milagros N\u00fa\u00f1ez.<\/strong><\/em><\/span><\/p>\n<p style=\"text-align: justify;\"><span style=\"color: #800080;\"><b><i>Todo el Staff del Consocio Period\u00edstico Turistamagazine, felicita a la Lic. Milagros N\u00fa\u00f1ez por su continuo esfuerzo por poner en valor siempre lo nuestro<\/i><\/b><\/span><\/p>\n<p style=\"text-align: justify;\">\n","protected":false},"excerpt":{"rendered":"<p>\u00a0La autora del catalogo al centro\u00a0 acompa\u00f1ada de las esforzadas artesana de la Regi\u00f3n Lambayeque En homenaje al artesano: Producto es autor\u00eda de reconocida periodista Lambayecana Lic. Milagros N\u00fa\u00f1ez. En la regi\u00f3n Lambayeque la creatividad de nuestros artesanos es infinita y se puede apreciar en la gran variedad de productos que se ponen en vitrina, elaborados a trav\u00e9s de diferentes l\u00edneas artesanales como el tejido en telar de cintura, mates burilados, bordados, cer\u00e1mica, tallado en piedra, entre otros d\u00e1ndole el valor a cada pieza artesanal que una vez culminada, ya est\u00e1 lista para su venta. En un significativo evento el&#8230;<\/p>\n","protected":false},"author":1,"featured_media":65992,"comment_status":"open","ping_status":"open","sticky":false,"template":"","format":"standard","meta":{"footnotes":""},"categories":[4,82],"tags":[],"class_list":["post-65989","post","type-post","status-publish","format-standard","has-post-thumbnail","hentry","category-breaking-news","category-nacionales"],"_links":{"self":[{"href":"https:\/\/www.turistamagazine.com\/v2\/index.php?rest_route=\/wp\/v2\/posts\/65989","targetHints":{"allow":["GET"]}}],"collection":[{"href":"https:\/\/www.turistamagazine.com\/v2\/index.php?rest_route=\/wp\/v2\/posts"}],"about":[{"href":"https:\/\/www.turistamagazine.com\/v2\/index.php?rest_route=\/wp\/v2\/types\/post"}],"author":[{"embeddable":true,"href":"https:\/\/www.turistamagazine.com\/v2\/index.php?rest_route=\/wp\/v2\/users\/1"}],"replies":[{"embeddable":true,"href":"https:\/\/www.turistamagazine.com\/v2\/index.php?rest_route=%2Fwp%2Fv2%2Fcomments&post=65989"}],"version-history":[{"count":2,"href":"https:\/\/www.turistamagazine.com\/v2\/index.php?rest_route=\/wp\/v2\/posts\/65989\/revisions"}],"predecessor-version":[{"id":65995,"href":"https:\/\/www.turistamagazine.com\/v2\/index.php?rest_route=\/wp\/v2\/posts\/65989\/revisions\/65995"}],"wp:featuredmedia":[{"embeddable":true,"href":"https:\/\/www.turistamagazine.com\/v2\/index.php?rest_route=\/wp\/v2\/media\/65992"}],"wp:attachment":[{"href":"https:\/\/www.turistamagazine.com\/v2\/index.php?rest_route=%2Fwp%2Fv2%2Fmedia&parent=65989"}],"wp:term":[{"taxonomy":"category","embeddable":true,"href":"https:\/\/www.turistamagazine.com\/v2\/index.php?rest_route=%2Fwp%2Fv2%2Fcategories&post=65989"},{"taxonomy":"post_tag","embeddable":true,"href":"https:\/\/www.turistamagazine.com\/v2\/index.php?rest_route=%2Fwp%2Fv2%2Ftags&post=65989"}],"curies":[{"name":"wp","href":"https:\/\/api.w.org\/{rel}","templated":true}]}}