{"id":65979,"date":"2025-03-20T13:12:10","date_gmt":"2025-03-20T18:12:10","guid":{"rendered":"https:\/\/www.turistamagazine.com\/v2\/?p=65979"},"modified":"2025-03-20T13:12:10","modified_gmt":"2025-03-20T18:12:10","slug":"en-ascenso-el-desinteres-juvenil","status":"publish","type":"post","link":"https:\/\/www.turistamagazine.com\/v2\/?p=65979","title":{"rendered":"EN ASCENSO EL DESINTER\u00c9S JUVENIL"},"content":{"rendered":"<p style=\"text-align: justify;\"><span style=\"color: #333399;\"><strong><em>Por. Antero Flores-Araoz<\/em><\/strong><\/span><\/p>\n<p style=\"text-align: justify;\"><span style=\"color: #333399;\"><strong><em>Hace poco titul\u00e9 a una columna \u201cDESINTER\u00c9S JUVENIL\u201d, comentando que se observa hasta displicencia en mucha gente joven en temas en los que antes ocupaban su tiempo, como por ejemplo en la actividad pol\u00edtica, en tareas de ayuda social, en el sue\u00f1o de establecer familia, en la formaci\u00f3n personal y espiritual, y en algunos otros.<\/em><\/strong><\/span><\/p>\n<p style=\"text-align: justify;\"><span style=\"color: #333399;\"><strong><em>Comentando aquello con un estudioso del comportamiento humano y en general de la Sociolog\u00eda, me explicaba que el asunto es m\u00e1s grave que lo que supon\u00eda pues hay significativos cambios en las din\u00e1micas demogr\u00e1ficas, como por ejemplo en estos tiempos son padres m\u00e1s tarde y con menos hijos, patrones de conducta en que destaca la independencia laboral de las mujeres, mayor libertad sexual y con incremento de m\u00e9todos anticonceptivos, as\u00ed como la sustituci\u00f3n de la interrelaci\u00f3n personal por el uso de la tecnolog\u00eda como herramienta para comunicarnos.<\/em><\/strong><\/span><\/p>\n<p style=\"text-align: justify;\"><span style=\"color: #333399;\"><strong><em>A los cambios a los que nos referimos, los han denominado como din\u00e1mica postmoderna que pone fin a los llamados \u201crelatos globalizantes\u201d, aunque la influencia de la globalizaci\u00f3n es evidente al cambiar la mentalidad nacional por la universal. Tal es el cambio &#8211; me dec\u00eda mi amigo \u2013 que hasta cuando preguntan a las personas j\u00f3venes sobre el club de futbol de su preferencia, ya no se refieren a los locales como la U, Alianza, Boys y otros, sino a internacionales como el Real Madrid, el Barca, el Boca o el Juventus.<\/em><\/strong><\/span><\/p>\n<p style=\"text-align: justify;\"><span style=\"color: #333399;\"><strong><em>Tambi\u00e9n me explicaba que muchos j\u00f3venes son proclives a fundamentalismos en sus h\u00e1bitos, como por ejemplo que cada d\u00eda hay m\u00e1s animalistas a ultranza, veganos que no soportan a los consumidores de carne, feministas radicales, entre otros.<\/em><\/strong><\/span><\/p>\n<p style=\"text-align: justify;\"><span style=\"color: #333399;\"><strong><em>En lo que se refiere al aprendizaje y a la posterior dedicaci\u00f3n laboral, expres\u00e1bamos que hab\u00eda predilecci\u00f3n por las ciencias respecto a las letras, a lo que el estudioso y contertulio amigo me manifestaba, que ahora entre las ciencias hay clar\u00edsima inclinaci\u00f3n por la tecnolog\u00eda, en especial la digital, lo que tambi\u00e9n ha influido en lo que es el entretenimiento, el que dejando atr\u00e1s a la televisi\u00f3n, se realiza mediante video juegos en el tel\u00e9fono m\u00f3vil o celular, como lo llamamos en el Per\u00fa, y que es herramienta para comunicaci\u00f3n a trav\u00e9s de las redes sociales, que permanentemente suministran noticias.<\/em><\/strong><\/span><\/p>\n<p style=\"text-align: justify;\"><span style=\"color: #333399;\"><strong><em>Dec\u00edamos en el art\u00edculo period\u00edstico al que me refiero, que los deportes han sido superados por la gimnasia, a lo que me explicaba mi amigo soci\u00f3logo que ello es porque vivimos en una sociedad de espejos y pantallas, en que los j\u00f3venes quieren lucir bien pues est\u00e1n en permanente exhibici\u00f3n a trav\u00e9s de Facebook e Instagram. La belleza -me dec\u00eda- es m\u00e1s valorada y a ello ha contribuido la ciencia m\u00e9dica con cirug\u00eda pl\u00e1stica, al alcance de quienes tienen los medios para ello.\u00a0 Hay j\u00f3venes que sus ahorros los usan para verse mejor.<\/em><\/strong><\/span><\/p>\n<p style=\"text-align: justify;\"><span style=\"color: #333399;\"><strong><em>Teniendo en cuenta lo que estamos viviendo y que los j\u00f3venes nos suceder\u00e1n prontamente, tenemos que encontrar las f\u00f3rmulas para que se interesen y act\u00faen en la Pol\u00edtica, pues ser\u00e1n sus actores a la vuelta de la esquina.<\/em><\/strong><\/span><\/p>\n<p style=\"text-align: justify;\">*<strong>Prestigioso<\/strong>\u00a0<strong>Abogado y pol\u00edtico peruano. Ex ministro del interior, Ex Senador, Ex congresista, fundador del partido pol\u00edtico ORDEN<\/strong><\/p>\n<p>&nbsp;<\/p>\n","protected":false},"excerpt":{"rendered":"<p>Por. Antero Flores-Araoz Hace poco titul\u00e9 a una columna \u201cDESINTER\u00c9S JUVENIL\u201d, comentando que se observa hasta displicencia en mucha gente joven en temas en los que antes ocupaban su tiempo, como por ejemplo en la actividad pol\u00edtica, en tareas de ayuda social, en el sue\u00f1o de establecer familia, en la formaci\u00f3n personal y espiritual, y en algunos otros. Comentando aquello con un estudioso del comportamiento humano y en general de la Sociolog\u00eda, me explicaba que el asunto es m\u00e1s grave que lo que supon\u00eda pues hay significativos cambios en las din\u00e1micas demogr\u00e1ficas, como por ejemplo en estos tiempos son padres&#8230;<\/p>\n","protected":false},"author":1,"featured_media":65980,"comment_status":"open","ping_status":"open","sticky":false,"template":"","format":"standard","meta":{"footnotes":""},"categories":[4,82,90],"tags":[11846,10219,1956,13256],"class_list":["post-65979","post","type-post","status-publish","format-standard","has-post-thumbnail","hentry","category-breaking-news","category-nacionales","category-pensando-en-voz-alta","tag-elenatejeradirectora","tag-semanarioturistamagazine","tag-antero-flores-araoz","tag-en-ascenso-el-desinteres-juvenil"],"_links":{"self":[{"href":"https:\/\/www.turistamagazine.com\/v2\/index.php?rest_route=\/wp\/v2\/posts\/65979","targetHints":{"allow":["GET"]}}],"collection":[{"href":"https:\/\/www.turistamagazine.com\/v2\/index.php?rest_route=\/wp\/v2\/posts"}],"about":[{"href":"https:\/\/www.turistamagazine.com\/v2\/index.php?rest_route=\/wp\/v2\/types\/post"}],"author":[{"embeddable":true,"href":"https:\/\/www.turistamagazine.com\/v2\/index.php?rest_route=\/wp\/v2\/users\/1"}],"replies":[{"embeddable":true,"href":"https:\/\/www.turistamagazine.com\/v2\/index.php?rest_route=%2Fwp%2Fv2%2Fcomments&post=65979"}],"version-history":[{"count":1,"href":"https:\/\/www.turistamagazine.com\/v2\/index.php?rest_route=\/wp\/v2\/posts\/65979\/revisions"}],"predecessor-version":[{"id":65981,"href":"https:\/\/www.turistamagazine.com\/v2\/index.php?rest_route=\/wp\/v2\/posts\/65979\/revisions\/65981"}],"wp:featuredmedia":[{"embeddable":true,"href":"https:\/\/www.turistamagazine.com\/v2\/index.php?rest_route=\/wp\/v2\/media\/65980"}],"wp:attachment":[{"href":"https:\/\/www.turistamagazine.com\/v2\/index.php?rest_route=%2Fwp%2Fv2%2Fmedia&parent=65979"}],"wp:term":[{"taxonomy":"category","embeddable":true,"href":"https:\/\/www.turistamagazine.com\/v2\/index.php?rest_route=%2Fwp%2Fv2%2Fcategories&post=65979"},{"taxonomy":"post_tag","embeddable":true,"href":"https:\/\/www.turistamagazine.com\/v2\/index.php?rest_route=%2Fwp%2Fv2%2Ftags&post=65979"}],"curies":[{"name":"wp","href":"https:\/\/api.w.org\/{rel}","templated":true}]}}