{"id":65860,"date":"2025-03-09T17:43:50","date_gmt":"2025-03-09T22:43:50","guid":{"rendered":"https:\/\/www.turistamagazine.com\/v2\/?p=65860"},"modified":"2025-03-09T17:43:50","modified_gmt":"2025-03-09T22:43:50","slug":"apotur-se-pronuncia-a-favor-de-postergar-la-fecha-de-inauguracion-del-aeropuerto-jorge-chavez","status":"publish","type":"post","link":"https:\/\/www.turistamagazine.com\/v2\/?p=65860","title":{"rendered":"APOTUR SE PRONUNCIA A FAVOR DE POSTERGAR LA FECHA DE INAUGURACI\u00d3N DEL AEROPUERTO JORGE CH\u00c1VEZ"},"content":{"rendered":"<p style=\"text-align: center;\"><span style=\"color: #333399;\"><em><strong>De otra parte, APOTUR estim\u00f3 en 3.6 millones de turistas que visitar\u00e1n nuestro pa\u00eds al culminar 2025.<\/strong><\/em><\/span><\/p>\n<p style=\"text-align: justify;\"><span style=\"color: #333399;\"><em><strong>LIMA\/PERU\/09\/03\/2025.-El presidente de la Asociaci\u00f3n Peruana de Operadores de Turismo Receptivo e Interno (APOTUR), Enrique Qui\u00f1ones expres\u00f3 su incertidumbre si el nuevo aeropuerto internacional \u201cJorge Ch\u00e1vez\u201d se llegue a inaugurar el pr\u00f3ximo 30 de marzo.<\/strong><\/em><\/span><\/p>\n<p style=\"text-align: justify;\"><span style=\"color: #333399;\"><em><strong>En ese sentido, APOTUR se a\u00fana a otros gremios empresariales y organismos que han expresado sus dudas sobre la fecha de inauguraci\u00f3n del primer terminal a\u00e9reo de nuestro pa\u00eds.<\/strong><\/em><\/span><\/p>\n<p style=\"text-align: justify;\"><span style=\"color: #333399;\"><em><strong>\u201cNo me sorprender\u00eda que en los pr\u00f3ximos d\u00edas se anuncie el cambio de fecha a fin de que el terminal a\u00e9reo opere con la mayor seguridad y sin riesgos\u201d, manifest\u00f3.<\/strong><\/em><\/span><\/p>\n<p style=\"text-align: justify;\"><span style=\"color: #333399;\"><em><strong>A su entender, propuso que la fecha de inauguraci\u00f3n se postergue para fines de junio o principios de julio.<\/strong><\/em><\/span><\/p>\n<p style=\"text-align: justify;\"><span style=\"color: #333399;\"><em><strong>Dijo sin embargo que APOTUR apoyar\u00e1 a las operaciones aeroportuarias del nuevo terminal a\u00e9reo sea un total \u00e9xito en beneficio del pasajero local y extranjero, as\u00ed como el ingreso de nuevas l\u00edneas a\u00e9reas a nuestro territorio nacional.<\/strong><\/em><\/span><\/p>\n<p style=\"text-align: justify;\"><span style=\"color: #333399;\"><em><strong>Solamente 3.6 millones de turistas extranjeros<\/strong><\/em><\/span><\/p>\n<p style=\"text-align: justify;\"><span style=\"color: #333399;\"><em><strong>De otra parte, el titular de APOTUR estim\u00f3 que, al concluir el presente a\u00f1o, habr\u00e1n visitado el Per\u00fa tres millones 600 mil turistas extranjeros, en su gran mayor\u00eda provenientes de Chile y de los Estados Unidos.<\/strong><\/em><\/span><\/p>\n<p style=\"text-align: justify;\"><span style=\"color: #333399;\"><em><strong>En 2024, Per\u00fa recibi\u00f3 m\u00e1s de 3,2 millones de turistas internacionales, lo que representa un aumento de 29% en comparaci\u00f3n con el a\u00f1o anterior. En lo referente al mes de enero de 2025, 264,064 turistas internacionales llegaron al Per\u00fa, lo que represent\u00f3 un aumento de 5.1% en comparaci\u00f3n con el mismo mes del a\u00f1o anterior.<\/strong><\/em><\/span><\/p>\n<p style=\"text-align: justify;\"><span style=\"color: #333399;\"><em><strong>Los principales pa\u00edses de origen de los turistas son: Chile: 74,000; Estados Unidos: 41,000 turistas; Bolivia: 21,000 turistas; Ecuador: 19,000 turistas; Colombia: 14,000; y Brasil: 14,000 turistas.<\/strong><\/em><\/span><\/p>\n<p style=\"text-align: justify;\"><span style=\"color: #333399;\"><em><strong>Qui\u00f1ones se pronunci\u00f3 a favor de fortalecer la promoci\u00f3n tur\u00edstica del Per\u00fa a fin de aumentar el flujo de visitantes extranjeros y llegar a las cifras alcanzadas en el 2019.<\/strong><\/em><\/span><\/p>\n<p style=\"text-align: justify;\"><span style=\"color: #333399;\"><em><strong>\u201cEn la actualidad, tenemos un mill\u00f3n 100 mil menos (turistas extranjeros) y reforzar la promoci\u00f3n tur\u00edstica del Per\u00fa en los pa\u00edses latinoamericanos y en los Estados Unidos\u201d, finaliz\u00f3.\u00a0\u00a0\u00a0<\/strong><\/em><\/span><\/p>\n<p style=\"text-align: justify;\">\n<p style=\"text-align: justify;\">\n<p>&nbsp;<\/p>\n<p>&nbsp;<\/p>\n<p>&nbsp;<\/p>\n<p>&nbsp;<\/p>\n<p>&nbsp;<\/p>\n","protected":false},"excerpt":{"rendered":"<p>De otra parte, APOTUR estim\u00f3 en 3.6 millones de turistas que visitar\u00e1n nuestro pa\u00eds al culminar 2025. LIMA\/PERU\/09\/03\/2025.-El presidente de la Asociaci\u00f3n Peruana de Operadores de Turismo Receptivo e Interno (APOTUR), Enrique Qui\u00f1ones expres\u00f3 su incertidumbre si el nuevo aeropuerto internacional \u201cJorge Ch\u00e1vez\u201d se llegue a inaugurar el pr\u00f3ximo 30 de marzo. En ese sentido, APOTUR se a\u00fana a otros gremios empresariales y organismos que han expresado sus dudas sobre la fecha de inauguraci\u00f3n del primer terminal a\u00e9reo de nuestro pa\u00eds. \u201cNo me sorprender\u00eda que en los pr\u00f3ximos d\u00edas se anuncie el cambio de fecha a fin de que el&#8230;<\/p>\n","protected":false},"author":1,"featured_media":59843,"comment_status":"open","ping_status":"open","sticky":false,"template":"","format":"standard","meta":{"footnotes":""},"categories":[4,82],"tags":[11846,10219,1065,4941],"class_list":["post-65860","post","type-post","status-publish","format-standard","has-post-thumbnail","hentry","category-breaking-news","category-nacionales","tag-elenatejeradirectora","tag-semanarioturistamagazine","tag-apotur","tag-enrique-quinones"],"_links":{"self":[{"href":"https:\/\/www.turistamagazine.com\/v2\/index.php?rest_route=\/wp\/v2\/posts\/65860","targetHints":{"allow":["GET"]}}],"collection":[{"href":"https:\/\/www.turistamagazine.com\/v2\/index.php?rest_route=\/wp\/v2\/posts"}],"about":[{"href":"https:\/\/www.turistamagazine.com\/v2\/index.php?rest_route=\/wp\/v2\/types\/post"}],"author":[{"embeddable":true,"href":"https:\/\/www.turistamagazine.com\/v2\/index.php?rest_route=\/wp\/v2\/users\/1"}],"replies":[{"embeddable":true,"href":"https:\/\/www.turistamagazine.com\/v2\/index.php?rest_route=%2Fwp%2Fv2%2Fcomments&post=65860"}],"version-history":[{"count":1,"href":"https:\/\/www.turistamagazine.com\/v2\/index.php?rest_route=\/wp\/v2\/posts\/65860\/revisions"}],"predecessor-version":[{"id":65861,"href":"https:\/\/www.turistamagazine.com\/v2\/index.php?rest_route=\/wp\/v2\/posts\/65860\/revisions\/65861"}],"wp:featuredmedia":[{"embeddable":true,"href":"https:\/\/www.turistamagazine.com\/v2\/index.php?rest_route=\/wp\/v2\/media\/59843"}],"wp:attachment":[{"href":"https:\/\/www.turistamagazine.com\/v2\/index.php?rest_route=%2Fwp%2Fv2%2Fmedia&parent=65860"}],"wp:term":[{"taxonomy":"category","embeddable":true,"href":"https:\/\/www.turistamagazine.com\/v2\/index.php?rest_route=%2Fwp%2Fv2%2Fcategories&post=65860"},{"taxonomy":"post_tag","embeddable":true,"href":"https:\/\/www.turistamagazine.com\/v2\/index.php?rest_route=%2Fwp%2Fv2%2Ftags&post=65860"}],"curies":[{"name":"wp","href":"https:\/\/api.w.org\/{rel}","templated":true}]}}