{"id":65750,"date":"2025-02-28T19:15:50","date_gmt":"2025-03-01T00:15:50","guid":{"rendered":"https:\/\/www.turistamagazine.com\/v2\/?p=65750"},"modified":"2025-02-28T19:15:50","modified_gmt":"2025-03-01T00:15:50","slug":"atencion-viajero-red-de-caminos-inca-a-machu-picchu-estara-cerrado-hasta-el-15-de-marzo","status":"publish","type":"post","link":"https:\/\/www.turistamagazine.com\/v2\/?p=65750","title":{"rendered":"\u00a1ATENCI\u00d3N, VIAJERO! RED DE CAMINOS INCA A MACHU PICCHU ESTAR\u00c1 CERRADO HASTA EL 15 DE MARZO"},"content":{"rendered":"<p style=\"text-align: justify;\"><span style=\"color: #000080;\"><em><strong>Por lluvias intensas y riesgo de deslizamientos<\/strong><\/em><\/span><\/p>\n<p style=\"text-align: justify;\"><span style=\"color: #000080;\"><em><strong>CUSCO\/PERU\/28\/02\/2025.- Se posterg\u00f3 hasta el 15 de marzo la reapertura del ingreso de turistas a la Red de Caminos Inca a Machu Picchu debido a las lluvias intensas que se registran en la zona y en toda la regi\u00f3n Cusco. Inicialmente la reapertura estaba programada para este s\u00e1bado 1 de marzo.<\/strong><\/em><\/span><\/p>\n<p style=\"text-align: justify;\"><span style=\"color: #333399;\"><em><strong>As\u00ed se inform\u00f3 a trav\u00e9s de un comunicado conjunto suscrito por el Ministerio de Cultura, a trav\u00e9s de la Direcci\u00f3n Desconcentrada de Cultura de Cusco, el Servicio Nacional de \u00c1reas Naturales Protegidas por el Estado (Sernanp) y el Gobierno Regional de Cusco, representado por la Gerencia Regional de Comercio Exterior y Turismo y Artesan\u00eda (Gercetur).<\/strong><\/em><\/span><\/p>\n<p style=\"text-align: justify;\"><span style=\"color: #333399;\"><em><strong>Precisa que la medida de cierre temporal se aplica en todas las rutas de la Red de Caminos Inca del Santuario Hist\u00f3rico de Machu Picchu desde el 1 hasta el 15 de marzo.<\/strong><\/em><\/span><\/p>\n<p style=\"text-align: justify;\"><span style=\"color: #333399;\"><em><strong>Sostuvo que la decisi\u00f3n responde a las lluvias intensas que se registran en Cusco y los riesgos asociados que generan estas precipitaciones (derrumbes, huaicos, desborde de r\u00edos y otros). \u00abEsta medida ha sido establecida con la finalidad de proteger la integridad f\u00edsica y la salud de los visitantes\u00bb, subray\u00f3.(\u2026)<\/strong><\/em><\/span><\/p>\n<p style=\"text-align: justify;\"><span style=\"color: #333399;\"><em><strong>Del Solar manifest\u00f3 que espera que este cierre temporal no se extienda, pero que la decisi\u00f3n se tomar\u00e1 en el momento de acuerdo a c\u00f3mo se presente el clima. \u00abHacemos un monitoreo continuo en diferentes sectores de la Red de Caminos Inca, en especial, en los sectores donde hay m\u00e1s inestabilidad\u00bb, apunt\u00f3.<\/strong><\/em><\/span><\/p>\n<p style=\"text-align: justify;\"><span style=\"color: #333399;\"><em><strong>Devoluci\u00f3n de boletos<\/strong><\/em><\/span><\/p>\n<p style=\"text-align: justify;\"><span style=\"color: #333399;\"><em><strong>Ante la prolongaci\u00f3n del cierre del Camino Inca, se inform\u00f3 que la devoluci\u00f3n del costo de los boletos de ingreso a la Red de Caminos Inca de Machu Picchu se realizar\u00e1 siguiendo los procedimientos correspondientes ante la Direcci\u00f3n Desconcentrada de Cultura de Cusco.<\/strong><\/em><\/span><\/p>\n<p style=\"text-align: justify;\"><em style=\"color: #333399;\"><strong>F\/Andina<\/strong><\/em>A<\/p>\n","protected":false},"excerpt":{"rendered":"<p>Por lluvias intensas y riesgo de deslizamientos CUSCO\/PERU\/28\/02\/2025.- Se posterg\u00f3 hasta el 15 de marzo la reapertura del ingreso de turistas a la Red de Caminos Inca a Machu Picchu debido a las lluvias intensas que se registran en la zona y en toda la regi\u00f3n Cusco. Inicialmente la reapertura estaba programada para este s\u00e1bado 1 de marzo. As\u00ed se inform\u00f3 a trav\u00e9s de un comunicado conjunto suscrito por el Ministerio de Cultura, a trav\u00e9s de la Direcci\u00f3n Desconcentrada de Cultura de Cusco, el Servicio Nacional de \u00c1reas Naturales Protegidas por el Estado (Sernanp) y el Gobierno Regional de Cusco,&#8230;<\/p>\n","protected":false},"author":1,"featured_media":65751,"comment_status":"open","ping_status":"open","sticky":false,"template":"","format":"standard","meta":{"footnotes":""},"categories":[4,82],"tags":[11846,10219,168,13229],"class_list":["post-65750","post","type-post","status-publish","format-standard","has-post-thumbnail","hentry","category-breaking-news","category-nacionales","tag-elenatejeradirectora","tag-semanarioturistamagazine","tag-machu-picchu","tag-red-de-caminos-inca"],"_links":{"self":[{"href":"https:\/\/www.turistamagazine.com\/v2\/index.php?rest_route=\/wp\/v2\/posts\/65750","targetHints":{"allow":["GET"]}}],"collection":[{"href":"https:\/\/www.turistamagazine.com\/v2\/index.php?rest_route=\/wp\/v2\/posts"}],"about":[{"href":"https:\/\/www.turistamagazine.com\/v2\/index.php?rest_route=\/wp\/v2\/types\/post"}],"author":[{"embeddable":true,"href":"https:\/\/www.turistamagazine.com\/v2\/index.php?rest_route=\/wp\/v2\/users\/1"}],"replies":[{"embeddable":true,"href":"https:\/\/www.turistamagazine.com\/v2\/index.php?rest_route=%2Fwp%2Fv2%2Fcomments&post=65750"}],"version-history":[{"count":1,"href":"https:\/\/www.turistamagazine.com\/v2\/index.php?rest_route=\/wp\/v2\/posts\/65750\/revisions"}],"predecessor-version":[{"id":65752,"href":"https:\/\/www.turistamagazine.com\/v2\/index.php?rest_route=\/wp\/v2\/posts\/65750\/revisions\/65752"}],"wp:featuredmedia":[{"embeddable":true,"href":"https:\/\/www.turistamagazine.com\/v2\/index.php?rest_route=\/wp\/v2\/media\/65751"}],"wp:attachment":[{"href":"https:\/\/www.turistamagazine.com\/v2\/index.php?rest_route=%2Fwp%2Fv2%2Fmedia&parent=65750"}],"wp:term":[{"taxonomy":"category","embeddable":true,"href":"https:\/\/www.turistamagazine.com\/v2\/index.php?rest_route=%2Fwp%2Fv2%2Fcategories&post=65750"},{"taxonomy":"post_tag","embeddable":true,"href":"https:\/\/www.turistamagazine.com\/v2\/index.php?rest_route=%2Fwp%2Fv2%2Ftags&post=65750"}],"curies":[{"name":"wp","href":"https:\/\/api.w.org\/{rel}","templated":true}]}}