{"id":65747,"date":"2025-02-28T19:00:13","date_gmt":"2025-03-01T00:00:13","guid":{"rendered":"https:\/\/www.turistamagazine.com\/v2\/?p=65747"},"modified":"2025-02-28T19:00:13","modified_gmt":"2025-03-01T00:00:13","slug":"excelente-tren-de-pasajeros-lima-huancayo-brindara-servicio-turistico-en-semana-santa","status":"publish","type":"post","link":"https:\/\/www.turistamagazine.com\/v2\/?p=65747","title":{"rendered":"\u00a1EXCELENTE! TREN DE PASAJEROS LIMA &#8211; HUANCAYO BRINDAR\u00c1 SERVICIO TUR\u00cdSTICO EN SEMANA SANTA"},"content":{"rendered":"<p style=\"text-align: justify;\"><span style=\"color: #333399;\"><em><strong>Tambi\u00e9n para Fiestas Patrias<\/strong><\/em><\/span><\/p>\n<p style=\"text-align: justify;\"><span style=\"color: #333399;\"><em><strong>LIMA\/PERU\/28\/02\/2025.-El tren de pasajeros Lima &#8211; Huancayo &#8211; Lima reanudar\u00e1 su servicio para felicidad de miles de peruanos. El Ministerio de Transportes y Comunicaciones (MTC) anunci\u00f3 que el ferrocarril brindar\u00e1 servicios especiales en Semana Santa y Fiestas Patrias, dos importantes feriados largos del calendario tur\u00edstico nacional.<\/strong><\/em><\/span><\/p>\n<p style=\"text-align: justify;\"><span style=\"color: #333399;\"><em><strong>Seg\u00fan el titular del MTC, Ra\u00fal P\u00e9rez Reyes el servicio tur\u00edstico del tren de pasajeros en la ruta Lima\u2013Huancayo\u2013Lima fortalecer\u00e1 la conectividad entre la costa y la sierra central e impulsar\u00e1 el turismo y la econom\u00eda en la regi\u00f3n.<\/strong><\/em><\/span><\/p>\n<p style=\"text-align: justify;\"><span style=\"color: #800080;\"><em><strong>Sostuvo que el servicio se brindar\u00e1 en dos fechas clave. En Semana Santa, la salida desde Lima ser\u00e1 el 17 de abril a las 07:00 horas y el retorno desde Huancayo el 20 de abril a la misma hora.<\/strong><\/em><\/span><\/p>\n<p style=\"text-align: justify;\"><span style=\"color: #800080;\"><em><strong>En Fiestas Patrias, la salida desde Lima ser\u00e1 el 26 de julio a las 07:00 horas y el retorno desde Huancayo el 29 de julio a la misma hora.<\/strong><\/em><\/span><\/p>\n<p style=\"text-align: justify;\"><span style=\"color: #333399;\"><em><strong>El operador Ferrocarril Central Andino S.A. pondr\u00e1 nuevamente en funcionamiento el servicio tras estar suspendido por la pandemia del covid-19. Con su reactivaci\u00f3n, los pasajeros podr\u00e1n recorrer una de las rutas ferroviarias m\u00e1s altas del mundo y conocer la belleza de los andes peruanos.<\/strong><\/em><\/span><\/p>\n<p style=\"text-align: justify;\"><span style=\"color: #333399;\"><em><strong>El MTC reafirma su compromiso con un transporte seguro y eficiente. La puesta en marcha nuevamente de este servicio ofrecer\u00e1 una experiencia \u00fanica a los viajeros, pues se atravesar\u00e1 la Cordillera Occidental y el Valle del Mantaro hasta llegar a Huancayo, la capital de la regi\u00f3n Jun\u00edn.<\/strong><\/em><\/span><\/p>\n<p style=\"text-align: justify;\"><span style=\"color: #333399;\"><em><strong>F\/MTC<\/strong><\/em><\/span><\/p>\n","protected":false},"excerpt":{"rendered":"<p>Tambi\u00e9n para Fiestas Patrias LIMA\/PERU\/28\/02\/2025.-El tren de pasajeros Lima &#8211; Huancayo &#8211; Lima reanudar\u00e1 su servicio para felicidad de miles de peruanos. El Ministerio de Transportes y Comunicaciones (MTC) anunci\u00f3 que el ferrocarril brindar\u00e1 servicios especiales en Semana Santa y Fiestas Patrias, dos importantes feriados largos del calendario tur\u00edstico nacional. Seg\u00fan el titular del MTC, Ra\u00fal P\u00e9rez Reyes el servicio tur\u00edstico del tren de pasajeros en la ruta Lima\u2013Huancayo\u2013Lima fortalecer\u00e1 la conectividad entre la costa y la sierra central e impulsar\u00e1 el turismo y la econom\u00eda en la regi\u00f3n. Sostuvo que el servicio se brindar\u00e1 en dos fechas clave. En&#8230;<\/p>\n","protected":false},"author":1,"featured_media":65748,"comment_status":"open","ping_status":"open","sticky":false,"template":"","format":"standard","meta":{"footnotes":""},"categories":[4,82],"tags":[11846,10219,13228,13227],"class_list":["post-65747","post","type-post","status-publish","format-standard","has-post-thumbnail","hentry","category-breaking-news","category-nacionales","tag-elenatejeradirectora","tag-semanarioturistamagazine","tag-trenlimahuancayo","tag-ferrocarril-central-andino"],"_links":{"self":[{"href":"https:\/\/www.turistamagazine.com\/v2\/index.php?rest_route=\/wp\/v2\/posts\/65747","targetHints":{"allow":["GET"]}}],"collection":[{"href":"https:\/\/www.turistamagazine.com\/v2\/index.php?rest_route=\/wp\/v2\/posts"}],"about":[{"href":"https:\/\/www.turistamagazine.com\/v2\/index.php?rest_route=\/wp\/v2\/types\/post"}],"author":[{"embeddable":true,"href":"https:\/\/www.turistamagazine.com\/v2\/index.php?rest_route=\/wp\/v2\/users\/1"}],"replies":[{"embeddable":true,"href":"https:\/\/www.turistamagazine.com\/v2\/index.php?rest_route=%2Fwp%2Fv2%2Fcomments&post=65747"}],"version-history":[{"count":1,"href":"https:\/\/www.turistamagazine.com\/v2\/index.php?rest_route=\/wp\/v2\/posts\/65747\/revisions"}],"predecessor-version":[{"id":65749,"href":"https:\/\/www.turistamagazine.com\/v2\/index.php?rest_route=\/wp\/v2\/posts\/65747\/revisions\/65749"}],"wp:featuredmedia":[{"embeddable":true,"href":"https:\/\/www.turistamagazine.com\/v2\/index.php?rest_route=\/wp\/v2\/media\/65748"}],"wp:attachment":[{"href":"https:\/\/www.turistamagazine.com\/v2\/index.php?rest_route=%2Fwp%2Fv2%2Fmedia&parent=65747"}],"wp:term":[{"taxonomy":"category","embeddable":true,"href":"https:\/\/www.turistamagazine.com\/v2\/index.php?rest_route=%2Fwp%2Fv2%2Fcategories&post=65747"},{"taxonomy":"post_tag","embeddable":true,"href":"https:\/\/www.turistamagazine.com\/v2\/index.php?rest_route=%2Fwp%2Fv2%2Ftags&post=65747"}],"curies":[{"name":"wp","href":"https:\/\/api.w.org\/{rel}","templated":true}]}}