{"id":65732,"date":"2025-02-27T16:08:58","date_gmt":"2025-02-27T21:08:58","guid":{"rendered":"https:\/\/www.turistamagazine.com\/v2\/?p=65732"},"modified":"2025-02-27T16:08:58","modified_gmt":"2025-02-27T21:08:58","slug":"el-vaticano-tendra-una-alcaldesa-desde-el-1-de-marzo","status":"publish","type":"post","link":"https:\/\/www.turistamagazine.com\/v2\/?p=65732","title":{"rendered":"EL VATICANO TENDR\u00c1 UNA \u2018ALCALDESA\u2019 DESDE EL 1 DE MARZO"},"content":{"rendered":"<p style=\"text-align: center;\"><span style=\"color: #333399;\"><em><strong>Sor Raffaella Petrini en una imagen de archivo de 2021. (REUTERS)<\/strong><\/em><\/span><\/p>\n<p style=\"text-align: center;\"><span style=\"color: #333399;\"><em><strong>A partir del pr\u00f3ximo 1 de marzo, Raffaella Petrini ser\u00e1 la presidenta de la Pontificia Comisi\u00f3n para el Estado de la Ciudad del Vaticano y Presidenta de la Gobernaci\u00f3n del mismo Estado<\/strong><\/em><\/span><\/p>\n<p>Por <a href=\"https:\/\/www.infobae.com\/autor\/paola-bruni\/\" aria-label=\"Paola Bruni\">Paola Bruni<\/a><\/p>\n<p style=\"text-align: justify;\"><span style=\"color: #333399;\"><em><strong>ESPA\u00d1A\/27\/02\/2025.-El Vaticano tendr\u00e1 a partir del 1 de marzo mujer a cargo de su \u2018alcald\u00eda\u2019, la religiosa Raffaella Petrini. Es cierto que su cargo se denomina oficialmente presidenta de la Pontificia Comisi\u00f3n para el Estado de la Ciudad del Vaticano y Presidenta de la Gobernaci\u00f3n del mismo Estado, pero en la pr\u00e1ctica es sencillamente uno de los cargos m\u00e1s importantes en la administraci\u00f3n de la Santa Sede, porque implica la gesti\u00f3n del gobierno y las instituciones del Estado de la Ciudad del Vaticano.<\/strong><\/em><\/span><\/p>\n<p style=\"text-align: justify;\"><span style=\"color: #333399;\"><em><strong>Petrini ya era secretaria general del \u00f3rgano que ejerce el poder ejecutivo en la Santa Sede, pero Francisco aprovech\u00f3 uno de los primeros momentos en los que experiment\u00f3 una mejora de su estado de salud para firmar un decreto (entre otros nombramientos y renuncias) para darle mayores poderes a la hermana. Su nombramiento no es ninguna sorpresa, porque ya hab\u00eda sido adelantado por el proprio Francisco el 19 de enero.<\/strong><\/em><\/span><\/p>\n<p style=\"text-align: justify;\"><span style=\"color: #333399;\"><em><strong>El pont\u00edfice, de 88 a\u00f1os, lleva ingresado desde el pasado 14 de febrero en el hospital Gemelli de Roma por una bronquitis con infeccio\u0301n polimicrobiana a la que se sumo\u0301 una neumoni\u0301a bilateral y en la que se detect\u00f3 tambi\u00e9n una insuficiencia renal que hizo saltar todas las alarmas.<\/strong><\/em><\/span><\/p>\n<p style=\"text-align: justify;\"><span style=\"color: #333399;\"><em><strong>Sin embargo, el Vaticano inform\u00f3 que del lunes al martes el papa hab\u00eda pasado buena noche y, aunque su estado de salud segu\u00eda siendo cr\u00edtico, hab\u00eda tenido las fuerzas para reunirse con su n\u00famero dos, el poderoso cardenal Pietro Parolin, para retomar algunos asuntos pendientes, en un movimiento que muchos han querido ver como un intento de demostrar que la maquinaria de la iglesia sigue y el papa mira al futuro y a consolidar los cambios que tanto tiempo lleva impulsando.<\/strong><\/em><\/span><\/p>\n<p style=\"text-align: justify;\"><span style=\"color: #333399;\"><em><strong>Cambiar las leyes vaticanas<\/strong><\/em><\/span><\/p>\n<p style=\"text-align: justify;\"><span style=\"color: #333399;\"><em><strong>Entre ellos, estaba el cambio de algunas leyes del Estado vaticano para dar mayores poderes a la religiosa Raffaella Petrini: en concreto, modific\u00f3 la Ley Fundamental del Estado de la Ciudad del Vaticano y otras normas para nombrar a dos nuevos secretarios generales: Emilio Nappa y Giuseppe Puglisi-Alibrandi y le atribuy\u00f3 a la hermana \u201cla facultad de disponer y conferir, oportunamente, a los mencionados secretarios generales competencias espec\u00edficas o tareas particulares\u201d.<\/strong><\/em><\/span><\/p>\n<p style=\"text-align: justify;\"><span style=\"color: #333399;\"><em><strong>Petrini ser\u00e1, por tanto, la primera mujer en asumir este cargo y se convierte en la segunda mujer que ocupa un cargo de alto rango en el Vaticano, despu\u00e9s del nombramiento de la tambi\u00e9n religiosa Simona Brambilla, prefecta (ministra) para el dicasterio de los Institutos de Vida Consagrada. El simbolismo de esta decisi\u00f3n, situando a dos mujeres como l\u00edderes de un ministerio vaticano (los llamados dicasterios) y como presidenta del Gobierno de la ciudad es evidente.<\/strong><\/em><\/span><\/p>\n<p style=\"text-align: justify;\"><span style=\"color: #333399;\"><em><strong>Pero, \u00bfpor qu\u00e9 esta urgencia en realizar estos cambios? Porque seg\u00fan las normativas del Estado vaticano, para estos puestos se nombraba a un cardenal, y por ello se le ten\u00eda que conceder a Petrini los mismos poderes que tendr\u00eda un purpurado, m\u00e1xima autoridad en la iglesia por debajo del papa. Los cardenales son, de hecho, el grupo de potenciales papas en un escenario futuro en el que el papa dimita o muera.<\/strong><\/em><\/span><\/p>\n<p style=\"text-align: justify;\"><span style=\"color: #333399;\"><em><strong>\u00bfQui\u00e9n es Petrini?<\/strong><\/em><\/span><\/p>\n<p style=\"text-align: justify;\"><span style=\"color: #333399;\"><em><strong>Petrini es una monja franciscana, actualmente tiene 56 a\u00f1os y naci\u00f3 en Roma, donde estudi\u00f3 ciencias pol\u00edticas en la Universidad Luiss. Posteriormente, obtuvo un doctorado en ciencias sociales por la Universidad Pontificia de Santo Tom\u00e1s de Aquino y una maestr\u00eda por la Universidad de Hartford, en Estados Unidos. Su relevancia en la Curia ha ido en aumento, aunque tambi\u00e9n fue la primera mujer en asumir el cargo de secretaria de la Gobernaci\u00f3n en 2021. Entre otras propuestas, ha apoyado la creaci\u00f3n de una agencia internacional que se ocupe de desarrollar un cuadro normativo y operativo para el uso pac\u00edfico de la IA.<\/strong><\/em><\/span><\/p>\n<p style=\"text-align: justify;\"><span style=\"color: #333399;\"><em><strong>Francisco no ha escondido su intenci\u00f3n de querer dotar de mayor peso en el organigrama de la iglesia cat\u00f3lica a las mujeres y aumentar su poder, intentando que al menos pudieran administrar algunos sacramentos y que consiguieran emerger de esa posici\u00f3n oculta que siempre han tenido.<\/strong><\/em><\/span><\/p>\n<p style=\"text-align: justify;\"><span style=\"color: #333399;\"><em><strong>El historiador Adriano Prosperi, en una entrevista con Infobae, se muestra cauto sobre la implantaci\u00f3n de este deseo del papa y admite que esa \u201cl\u00ednea estrat\u00e9gica del papa \u201ddebe dirigirse a la estructura de las relaciones de poder dentro del colegio cardenalicio\u201d. Se refiere a que hay movimientos que, al parecer, incomodan de puertas para adentro.<\/strong><\/em><\/span><\/p>\n<p style=\"text-align: justify;\"><span style=\"color: #333399;\"><em><strong>Fuentes vaticanas afirman, sin embargo, que el legado del papa Francisco ya es una realidad palpable y valoran que sea un l\u00edder que no esconda los problemas bajo la alfombra, sino que los enfrenta de frente, como la pedofilia, la corrupci\u00f3n en las finanzas del Vaticano y otros temas inc\u00f3modos que nadie quer\u00eda abordar.<\/strong><\/em><\/span><\/p>\n<p style=\"text-align: justify;\"><span style=\"color: #333399;\"><em><strong>De hecho, las mismas fuentes admiten que esa transparencia y valent\u00eda le han dado una enorme autoridad hacia afuera, pero al mismo tiempo han incomodado a algunos dentro de la propia instituci\u00f3n.<\/strong><\/em><\/span><\/p>\n<p style=\"text-align: justify;\"><span style=\"color: #333399;\"><em><strong>Por ahora, Francisco, que ya ha experimentado una ligera mejor\u00eda, se preocupa desde el hospital donde a\u00fan sigue con pron\u00f3stico reservado a seguir guiando la iglesia de todos los cat\u00f3licos.<\/strong><\/em><\/span><\/p>\n<p style=\"text-align: justify;\"><span style=\"color: #333399;\"><em><strong>F\/INFOBAE<\/strong><\/em><\/span><\/p>\n","protected":false},"excerpt":{"rendered":"<p>Sor Raffaella Petrini en una imagen de archivo de 2021. (REUTERS) A partir del pr\u00f3ximo 1 de marzo, Raffaella Petrini ser\u00e1 la presidenta de la Pontificia Comisi\u00f3n para el Estado de la Ciudad del Vaticano y Presidenta de la Gobernaci\u00f3n del mismo Estado Por Paola Bruni ESPA\u00d1A\/27\/02\/2025.-El Vaticano tendr\u00e1 a partir del 1 de marzo mujer a cargo de su \u2018alcald\u00eda\u2019, la religiosa Raffaella Petrini. Es cierto que su cargo se denomina oficialmente presidenta de la Pontificia Comisi\u00f3n para el Estado de la Ciudad del Vaticano y Presidenta de la Gobernaci\u00f3n del mismo Estado, pero en la pr\u00e1ctica es sencillamente&#8230;<\/p>\n","protected":false},"author":1,"featured_media":65733,"comment_status":"open","ping_status":"open","sticky":false,"template":"","format":"standard","meta":{"footnotes":""},"categories":[87],"tags":[11846,10219],"class_list":["post-65732","post","type-post","status-publish","format-standard","has-post-thumbnail","hentry","category-actualidad","tag-elenatejeradirectora","tag-semanarioturistamagazine"],"_links":{"self":[{"href":"https:\/\/www.turistamagazine.com\/v2\/index.php?rest_route=\/wp\/v2\/posts\/65732","targetHints":{"allow":["GET"]}}],"collection":[{"href":"https:\/\/www.turistamagazine.com\/v2\/index.php?rest_route=\/wp\/v2\/posts"}],"about":[{"href":"https:\/\/www.turistamagazine.com\/v2\/index.php?rest_route=\/wp\/v2\/types\/post"}],"author":[{"embeddable":true,"href":"https:\/\/www.turistamagazine.com\/v2\/index.php?rest_route=\/wp\/v2\/users\/1"}],"replies":[{"embeddable":true,"href":"https:\/\/www.turistamagazine.com\/v2\/index.php?rest_route=%2Fwp%2Fv2%2Fcomments&post=65732"}],"version-history":[{"count":1,"href":"https:\/\/www.turistamagazine.com\/v2\/index.php?rest_route=\/wp\/v2\/posts\/65732\/revisions"}],"predecessor-version":[{"id":65734,"href":"https:\/\/www.turistamagazine.com\/v2\/index.php?rest_route=\/wp\/v2\/posts\/65732\/revisions\/65734"}],"wp:featuredmedia":[{"embeddable":true,"href":"https:\/\/www.turistamagazine.com\/v2\/index.php?rest_route=\/wp\/v2\/media\/65733"}],"wp:attachment":[{"href":"https:\/\/www.turistamagazine.com\/v2\/index.php?rest_route=%2Fwp%2Fv2%2Fmedia&parent=65732"}],"wp:term":[{"taxonomy":"category","embeddable":true,"href":"https:\/\/www.turistamagazine.com\/v2\/index.php?rest_route=%2Fwp%2Fv2%2Fcategories&post=65732"},{"taxonomy":"post_tag","embeddable":true,"href":"https:\/\/www.turistamagazine.com\/v2\/index.php?rest_route=%2Fwp%2Fv2%2Ftags&post=65732"}],"curies":[{"name":"wp","href":"https:\/\/api.w.org\/{rel}","templated":true}]}}