{"id":65718,"date":"2025-02-23T10:54:11","date_gmt":"2025-02-23T15:54:11","guid":{"rendered":"https:\/\/www.turistamagazine.com\/v2\/?p=65718"},"modified":"2025-02-23T10:54:11","modified_gmt":"2025-02-23T15:54:11","slug":"latam-airlines-peru-renueva-alianza-con-la-iniciativa-global-de-lucha-contra-el-cancer-infantil","status":"publish","type":"post","link":"https:\/\/www.turistamagazine.com\/v2\/?p=65718","title":{"rendered":"LATAM AIRLINES PER\u00da RENUEVA ALIANZA CON LA INICIATIVA GLOBAL DE LUCHA CONTRA EL C\u00c1NCER INFANTIL"},"content":{"rendered":"<p style=\"text-align: justify;\"><span style=\"color: #333399;\"><em><strong>LIMA\/PERU\/23\/02\/2025.-LATAM Airlines Per\u00fa fortalece su compromiso con la ni\u00f1ez en estado de vulnerabilidad duplicando el apoyo que desde hace 4 a\u00f1os mantiene con la Iniciativa Global de Lucha contra el C\u00e1ncer Infantil. Este 2025, el convenio le permitir\u00e1 a la aerol\u00ednea nacional poner a disposici\u00f3n de esta organizaci\u00f3n su Avi\u00f3n Solidario para el traslado de hasta 600 ni\u00f1as y ni\u00f1os pacientes de c\u00e1ncer y\/o sus familiares en vuelos dom\u00e9sticos dentro del pa\u00eds para su atenci\u00f3n m\u00e9dica respectiva.<\/strong><\/em><\/span><\/p>\n<p style=\"text-align: justify;\"><span style=\"color: #333399;\"><em><strong>La alianza se enmarca en el programa de valor compartido Avi\u00f3n Solidario, con el que el grupo LATAM despliega esfuerzos para cubrir traslados de urgencia en temas de salud, en emergencias climatol\u00f3gicas y para la conservaci\u00f3n ambiental de ecosistemas y animales silvestres.<\/strong><\/em><\/span><\/p>\n<p style=\"text-align: justify;\"><span style=\"color: #333399;\"><em><strong>\u201cCada a\u00f1o renovamos nuestro compromiso con el pa\u00eds. Ser una aerol\u00ednea de altos est\u00e1ndares tambi\u00e9n implica una responsabilidad con la sociedad y con los que realmente necesitan seguir so\u00f1ando. El Avi\u00f3n Solidario ha sido una v\u00eda para que m\u00e1s ni\u00f1as y ni\u00f1as cuenten con el recurso necesario para llegar de forma r\u00e1pida y segura al lugar donde lleven sus tratamientos m\u00e9dicos\u201d, asegur\u00f3 M\u00f3nica Obando, gerente senior de Asuntos Corporativos de LATAM Airlines Per\u00fa durante el acto p\u00fablico en el que tambi\u00e9n se cont\u00f3 con la participaci\u00f3n de representantes del Ministerio de Salud, entre ellos el Dr. Cristian D\u00edaz V\u00e9lez, Director General de la Direcci\u00f3n General de Intervenciones Estrat\u00e9gicas en Salud P\u00fablica, adem\u00e1s de la Presidenta Ejecutiva de la Federaci\u00f3n Peruana de Lucha contra el C\u00e1ncer y dem\u00e1s l\u00edderes de las organizaciones que conforman la Iniciativa.(\u2026)<\/strong><\/em><\/span><\/p>\n<p style=\"text-align: justify;\"><span style=\"color: #333399;\"><em><strong>F\/ Latan Per\u00fa<\/strong><\/em><\/span><\/p>\n","protected":false},"excerpt":{"rendered":"<p>LIMA\/PERU\/23\/02\/2025.-LATAM Airlines Per\u00fa fortalece su compromiso con la ni\u00f1ez en estado de vulnerabilidad duplicando el apoyo que desde hace 4 a\u00f1os mantiene con la Iniciativa Global de Lucha contra el C\u00e1ncer Infantil. Este 2025, el convenio le permitir\u00e1 a la aerol\u00ednea nacional poner a disposici\u00f3n de esta organizaci\u00f3n su Avi\u00f3n Solidario para el traslado de hasta 600 ni\u00f1as y ni\u00f1os pacientes de c\u00e1ncer y\/o sus familiares en vuelos dom\u00e9sticos dentro del pa\u00eds para su atenci\u00f3n m\u00e9dica respectiva. La alianza se enmarca en el programa de valor compartido Avi\u00f3n Solidario, con el que el grupo LATAM despliega esfuerzos para cubrir traslados&#8230;<\/p>\n","protected":false},"author":1,"featured_media":42365,"comment_status":"open","ping_status":"open","sticky":false,"template":"","format":"standard","meta":{"footnotes":""},"categories":[4,82],"tags":[11846,10219,6938],"class_list":["post-65718","post","type-post","status-publish","format-standard","has-post-thumbnail","hentry","category-breaking-news","category-nacionales","tag-elenatejeradirectora","tag-semanarioturistamagazine","tag-latam-airlines-peru"],"_links":{"self":[{"href":"https:\/\/www.turistamagazine.com\/v2\/index.php?rest_route=\/wp\/v2\/posts\/65718","targetHints":{"allow":["GET"]}}],"collection":[{"href":"https:\/\/www.turistamagazine.com\/v2\/index.php?rest_route=\/wp\/v2\/posts"}],"about":[{"href":"https:\/\/www.turistamagazine.com\/v2\/index.php?rest_route=\/wp\/v2\/types\/post"}],"author":[{"embeddable":true,"href":"https:\/\/www.turistamagazine.com\/v2\/index.php?rest_route=\/wp\/v2\/users\/1"}],"replies":[{"embeddable":true,"href":"https:\/\/www.turistamagazine.com\/v2\/index.php?rest_route=%2Fwp%2Fv2%2Fcomments&post=65718"}],"version-history":[{"count":1,"href":"https:\/\/www.turistamagazine.com\/v2\/index.php?rest_route=\/wp\/v2\/posts\/65718\/revisions"}],"predecessor-version":[{"id":65719,"href":"https:\/\/www.turistamagazine.com\/v2\/index.php?rest_route=\/wp\/v2\/posts\/65718\/revisions\/65719"}],"wp:featuredmedia":[{"embeddable":true,"href":"https:\/\/www.turistamagazine.com\/v2\/index.php?rest_route=\/wp\/v2\/media\/42365"}],"wp:attachment":[{"href":"https:\/\/www.turistamagazine.com\/v2\/index.php?rest_route=%2Fwp%2Fv2%2Fmedia&parent=65718"}],"wp:term":[{"taxonomy":"category","embeddable":true,"href":"https:\/\/www.turistamagazine.com\/v2\/index.php?rest_route=%2Fwp%2Fv2%2Fcategories&post=65718"},{"taxonomy":"post_tag","embeddable":true,"href":"https:\/\/www.turistamagazine.com\/v2\/index.php?rest_route=%2Fwp%2Fv2%2Ftags&post=65718"}],"curies":[{"name":"wp","href":"https:\/\/api.w.org\/{rel}","templated":true}]}}