{"id":65714,"date":"2025-02-22T16:17:39","date_gmt":"2025-02-22T21:17:39","guid":{"rendered":"https:\/\/www.turistamagazine.com\/v2\/?p=65714"},"modified":"2025-02-23T09:54:13","modified_gmt":"2025-02-23T14:54:13","slug":"al-vueloy-cortitas","status":"publish","type":"post","link":"https:\/\/www.turistamagazine.com\/v2\/?p=65714","title":{"rendered":"AL VUELO\u2026y cortitas"},"content":{"rendered":"<p style=\"text-align: justify;\"><span style=\"color: #333399;\"><strong><em>EL PAPA FRANCISCO.- \u00a0Seguimos Orando por su salud\u2026AMEN\u2026<\/em><\/strong><\/span><\/p>\n<p style=\"text-align: justify;\"><span style=\"color: #333399;\"><strong><em><a href=\"https:\/\/www.turistamagazine.com\/v2\/wp-content\/uploads\/2022\/05\/Elena-para-Feinpretudi-5-e1640603204981-1-e1651782698167.jpg\"><img decoding=\"async\" class=\"size-full wp-image-56198 alignleft\" src=\"https:\/\/www.turistamagazine.com\/v2\/wp-content\/uploads\/2022\/05\/Elena-para-Feinpretudi-5-e1640603204981-1-e1651782698167.jpg\" alt=\"\" width=\"112\" height=\"160\" \/><\/a>TODO EL STAFF DE TURISTAMAGAZINE.- Se une al dolor causado por la tragedia\u00a0 ocurrida en el\u00a0 centro Comercial Real Plaza \u00a0de la Ciudad de Trujillo en la Regi\u00f3n de la Libertad, al colapsar el techo de patio de comidas y expresa sus condolencias a todos los familiares de los fallecidos\u2026 REALMENTE OTRA VEZ ACTUAR\u00a0 POR\u00a0 REACCI\u00d3N\u2026<\/em><\/strong><\/span><\/p>\n<p style=\"text-align: justify;\"><span style=\"color: #333399;\"><strong><em>SHAKIRA Y EL CEBICHE.- Gran revuelo caus\u00f3\u00a0 en las redes sociales, el malestar estomacal que sufri\u00f3 en nuestro pa\u00eds, \u00a0\u00a0la popular y querida artista, no les vamos a comentar que fue ni c\u00f3mo fue. \u00a0Lo que si deben investigar\u00a0 especialmente el ministerio de Comercio Exterior, y Turismo es d\u00f3nde y c\u00f3mo comi\u00f3 ese ceviche\u2026 evidentemente no fue en un restaurante de 5 tenedores\u2026 se tejen un sin fin de comentarios, que si fue en un barrio popular en el restaurante de una amiga colombiana, que si lo pidi\u00f3 muy picante, que si ya tra\u00eda el problema\u00a0 de Brasil, en fin.<\/em><\/strong><\/span><\/p>\n<p style=\"text-align: justify;\"><span style=\"color: #333399;\"><strong><em>La gastronom\u00eda peruana\u00a0 ha ganado r\u00e1pidamente un puesto muy importante en el colectivo mundial y no podemos permitir que por mala informaci\u00f3n,\u00a0 dada la fama y popularidad de Shakira se tienda a menoscabar su calidad y bien ganado espacio especialmente con nuestro plato emblem\u00e1tico EL CEVICHE\u2026 A ponerse las Pilas Ministra de Turismo, AHORA, La Uni\u00f3n de Gremios y Asociaciones de Restaurantes, Etc. Etc. ESTO NO ES UN TEMA FARANDULERO\u2026 EST\u00c1 IMPLICADA NUESTRA GASTRONOM\u00cdA\u2026<\/em><\/strong><\/span><\/p>\n<p style=\"text-align: justify;\"><span style=\"color: #333399;\"><strong><em>LA PIEDRA DE LOS 12 ANGULOS.- La Piedra de los Doce \u00c1ngulos es un bloque de diorita verde incrustado en el muro del Palacio Arzobispal de Cusco, en el centro hist\u00f3rico de la capital cusque\u00f1a. Est\u00e1 catalogada como Patrimonio Cultural del Per\u00fa. Con doce \u00e1ngulos finamente tallados y un peso de seis toneladas, encaja a la perfecci\u00f3n con el resto de piedras del muro, por lo que se la considera un ejemplo de la habilidad y precisi\u00f3n de los ingenieros incas, y vestigio de la grandeza del Gran Inca Roca. Se cree que originalmente pudo tener un significado simb\u00f3lico o religioso. Se \u00a0trata de un bien cultural e hist\u00f3rico, de enorme valor para nuestra naci\u00f3n. El V\u00c1NDALO responde al nombre de Gabriel Mariano Roysi Malani, de 30 a\u00f1os y no est\u00e1 claro qu\u00e9 lo empuj\u00f3 a da\u00f1ar la piedra, se dice que estaba bajo los efectos de alcohol y estupefacientes, y que ahora se muestra arrepentido y pide perd\u00f3n\u2026 NO HAY ARREPENTIMIENTOS QUE VALGAN\u2026 LA CONDENA DEBE SER EJEMPLAR Y CONVINCENTE SI QUEREMOS SEMBRAR UN PRECEDENTE\u2026<\/em><\/strong><\/span><\/p>\n<p style=\"text-align: justify;\"><span style=\"color: #333399;\"><strong><em>NAYIB BUQUELE.- Presidente de El Salvador, lanz\u00f3 un programa laboral en el que el 40% de la poblaci\u00f3n carcelaria trabaja en obras p\u00fablicas y sectores productivos para reducir su condena y aprender habilidades \u00fatiles, son miles de presos que trabajan construyendo hospitales, escuelas y carreteras\u2026 \u00bfRehabilitaci\u00f3n a trav\u00e9s del trabajo? Podr\u00eda ser cierto\u2026 pero por lo menos no comen gratis con los impuestos del pueblo\u2026\u00a0 ES UN BUEN EJEMPLO A SEGUIR NO LO CREEN\u2026<\/em><\/strong><\/span><\/p>\n<p style=\"text-align: justify;\"><span style=\"color: #333399;\"><strong><em>\u00a0LATAM AIRLINES.- Suspende operaciones en el aeropuerto de Jauja indefinidamente, por falta de mantenimiento en las pistas de aterrizaje que no le dan ninguna seguridad de maniobra por el mal estado. No obstante el d\u00eda\u00a0 viernes 21\u00a0 CORPAC \u00a0operadora del aeropuerto, emiti\u00f3 un comunicado, informando que las pistas ya est\u00e1n reparadas y seguir\u00e1n operando, no obstante el aeropuerto de Jauja permanecer\u00e1 cerrado el primer domingo y lunes de cada mes para la ejecuci\u00f3n de labores de mantenimiento adicionales\u2026NO NOS LLAMA LA ATENCI\u00d3N, SIEMPRE ACTUAN POR REACCI\u00d3N\u2026 Y NO COMO DEBE SER POR PREVENCI\u00d3N\u2026<\/em><\/strong><\/span><\/p>\n<p style=\"text-align: justify;\"><span style=\"color: #333399;\"><strong><em>EL PET GUARDIOLA.-No somos \u00a0seguidores de f\u00fatbol, \u00a0sin embargo segu\u00edamos al Manchester City, por su jugador Erling Haaland, pero sobre todo por su entrenador Guardiola, por su inteligencia, su forma de dirigir a sus jugadores y por el excelente ser humano que es, todo lo conocemos a trav\u00e9s de los diarios especializados sobre todo los espa\u00f1oles . Es la raz\u00f3n por la que nos preguntamos sin saber nada de F\u00fatbol \u00a0\u00bfQu\u00e9 pasa con \u00e9l?&#8230; ESPERAMOS QUE LA CRISIS\u00a0 O LO QUE FUERE QUE LE OCURRE PASE PRONTO\u2026<\/em><\/strong><\/span><\/p>\n<p style=\"text-align: right;\"><span style=\"color: #333399;\"><strong><em>Elena Tejera<\/em><\/strong><\/span><\/p>\n<p style=\"text-align: right;\"><span style=\"color: #333399;\"><strong><em>Directora.<\/em><\/strong><\/span><\/p>\n<p style=\"text-align: right;\"><span style=\"color: #333399;\"><strong><em>Magister en Turismo y Comunicaci\u00f3n.<\/em><\/strong><\/span><\/p>\n<p><a href=\"https:\/\/www.turistamagazine.com\/v2\/wp-content\/uploads\/2022\/11\/Logo-N-uevo.png\"><img decoding=\"async\" class=\"wp-image-58747 aligncenter\" src=\"https:\/\/www.turistamagazine.com\/v2\/wp-content\/uploads\/2022\/11\/Logo-N-uevo.png\" alt=\"\" width=\"500\" height=\"260\" srcset=\"https:\/\/www.turistamagazine.com\/v2\/wp-content\/uploads\/2022\/11\/Logo-N-uevo.png 630w, https:\/\/www.turistamagazine.com\/v2\/wp-content\/uploads\/2022\/11\/Logo-N-uevo-300x156.png 300w, https:\/\/www.turistamagazine.com\/v2\/wp-content\/uploads\/2022\/11\/Logo-N-uevo-610x317.png 610w\" sizes=\"(max-width: 500px) 100vw, 500px\" \/><\/a><\/p>\n","protected":false},"excerpt":{"rendered":"<p>EL PAPA FRANCISCO.- \u00a0Seguimos Orando por su salud\u2026AMEN\u2026 TODO EL STAFF DE TURISTAMAGAZINE.- Se une al dolor causado por la tragedia\u00a0 ocurrida en el\u00a0 centro Comercial Real Plaza \u00a0de la Ciudad de Trujillo en la Regi\u00f3n de la Libertad, al colapsar el techo de patio de comidas y expresa sus condolencias a todos los familiares de los fallecidos\u2026 REALMENTE OTRA VEZ ACTUAR\u00a0 POR\u00a0 REACCI\u00d3N\u2026 SHAKIRA Y EL CEBICHE.- Gran revuelo caus\u00f3\u00a0 en las redes sociales, el malestar estomacal que sufri\u00f3 en nuestro pa\u00eds, \u00a0\u00a0la popular y querida artista, no les vamos a comentar que fue ni c\u00f3mo fue. \u00a0Lo que&#8230;<\/p>\n","protected":false},"author":1,"featured_media":0,"comment_status":"open","ping_status":"open","sticky":false,"template":"","format":"standard","meta":{"footnotes":""},"categories":[345],"tags":[11846,10219,13220,13219,10696],"class_list":["post-65714","post","type-post","status-publish","format-standard","hentry","category-editorial","tag-elenatejeradirectora","tag-semanarioturistamagazine","tag-erling-haaland","tag-pet-guardiola","tag-salud-del-papa-francisco"],"_links":{"self":[{"href":"https:\/\/www.turistamagazine.com\/v2\/index.php?rest_route=\/wp\/v2\/posts\/65714","targetHints":{"allow":["GET"]}}],"collection":[{"href":"https:\/\/www.turistamagazine.com\/v2\/index.php?rest_route=\/wp\/v2\/posts"}],"about":[{"href":"https:\/\/www.turistamagazine.com\/v2\/index.php?rest_route=\/wp\/v2\/types\/post"}],"author":[{"embeddable":true,"href":"https:\/\/www.turistamagazine.com\/v2\/index.php?rest_route=\/wp\/v2\/users\/1"}],"replies":[{"embeddable":true,"href":"https:\/\/www.turistamagazine.com\/v2\/index.php?rest_route=%2Fwp%2Fv2%2Fcomments&post=65714"}],"version-history":[{"count":3,"href":"https:\/\/www.turistamagazine.com\/v2\/index.php?rest_route=\/wp\/v2\/posts\/65714\/revisions"}],"predecessor-version":[{"id":65717,"href":"https:\/\/www.turistamagazine.com\/v2\/index.php?rest_route=\/wp\/v2\/posts\/65714\/revisions\/65717"}],"wp:attachment":[{"href":"https:\/\/www.turistamagazine.com\/v2\/index.php?rest_route=%2Fwp%2Fv2%2Fmedia&parent=65714"}],"wp:term":[{"taxonomy":"category","embeddable":true,"href":"https:\/\/www.turistamagazine.com\/v2\/index.php?rest_route=%2Fwp%2Fv2%2Fcategories&post=65714"},{"taxonomy":"post_tag","embeddable":true,"href":"https:\/\/www.turistamagazine.com\/v2\/index.php?rest_route=%2Fwp%2Fv2%2Ftags&post=65714"}],"curies":[{"name":"wp","href":"https:\/\/api.w.org\/{rel}","templated":true}]}}