{"id":65674,"date":"2025-02-23T15:41:29","date_gmt":"2025-02-23T20:41:29","guid":{"rendered":"https:\/\/www.turistamagazine.com\/v2\/?p=65674"},"modified":"2025-02-24T16:36:33","modified_gmt":"2025-02-24T21:36:33","slug":"conozca-como-seran-los-buses-aerodirecto-que-lo-llevaran-al-nuevo-aeropuerto-jorge-chavez","status":"publish","type":"post","link":"https:\/\/www.turistamagazine.com\/v2\/?p=65674","title":{"rendered":"CONOZCA C\u00d3MO SER\u00c1N LOS BUSES \u201cAERODIRECTO\u201d QUE LO LLEVAR\u00c1N AL NUEVO AEROPUERTO JORGE CH\u00c1VEZ."},"content":{"rendered":"<p style=\"text-align: justify;\"><span style=\"color: #333399;\"><em><strong>Los veh\u00edculos ser\u00e1n de color blanco y contar\u00e1n con el logo \u201cAeroDirecto\u201d en azul y rojo, indicando el nombre de la ruta.<\/strong><\/em><\/span><\/p>\n<p style=\"text-align: justify;\"><span style=\"color: #333399;\"><em><strong>LIMA\/PERU\/23<\/strong><\/em><\/span><span style=\"color: #333399;\"><em><strong>\/02\/2025.-En A partir del pr\u00f3ximo 30 de marzo, el nuevo Aeropuerto Internacional Jorge Ch\u00e1vez iniciar\u00e1 sus operaciones, y los viajeros, trabajadores o ciudadanos en general podr\u00e1n acceder al moderno terminal a\u00e9reo mediante el servicio de transporte p\u00fablico \u201cAeroDirecto\u201d, impulsado por el Ministerio de Transportes y Comunicaciones (MTC) a trav\u00e9s de la Autoridad de Transporte Urbano (ATU).<\/strong><\/em><\/span><\/p>\n<p style=\"text-align: justify;\"><span style=\"color: #333399;\"><em><strong>El servicio contar\u00e1 con cinco rutas que conectar\u00e1n distintas zonas de Lima y Callao con el nuevo aeropuerto. Los autobuses ser\u00e1n f\u00e1ciles de identificar, ya que estar\u00e1n pintados de color blanco y llevar\u00e1n el logotipo y nombre de la ruta en ambos lados y en la parte frontal. Por ejemplo, los buses que partir\u00e1n del cruce de las avenidas Izaguirre y Universitaria llevar\u00e1n la identificaci\u00f3n \u201cAeroDirecto Norte\u201d, mientras que los que saldr\u00e1n desde el cruce de las avenidas Cuba y Brasil estar\u00e1n se\u00f1alizados como \u201cAeroDirecto Sur\u201d.<\/strong><\/em><\/span><\/p>\n<p style=\"text-align: justify;\"><span style=\"color: #333399;\"><em><strong>Todos los buses \u201cAeroDirecto\u201d funcionar\u00e1n a gas natural vehicular (GNV) o ser\u00e1n el\u00e9ctricos, y contar\u00e1n con una longitud superior a 8 metros. Tambi\u00e9n tendr\u00e1n una antig\u00fcedad menor a 10 a\u00f1os. Asimismo, estar\u00e1n equipados con c\u00e1maras internas, paneles luminosos para el c\u00f3digo de la ruta, as\u00ed como sistemas de anuncios en alta voz para las paradas y de monitoreo en tiempo real.<\/strong><\/em><\/span><\/p>\n<p style=\"text-align: justify;\"><span style=\"color: #333399;\"><em><strong>Es importante se\u00f1alar que los viajeros podr\u00e1n llevar consigo solo mochila o equipaje de mano peque\u00f1as sin restricciones. Para otro tipo de equipaje, se recomienda el uso de otros medios de transporte.<\/strong><\/em><\/span><\/p>\n<p style=\"text-align: justify;\"><span style=\"color: #333399;\"><em><strong>Desembarque dentro del aeropuerto<\/strong><\/em><\/span><\/p>\n<p style=\"text-align: justify;\"><span style=\"color: #333399;\"><em><strong>A diferencia de las actuales unidades de servicios p\u00fablicos, los buses \u201cAeroDirecto\u201d llegar\u00e1n directamente al interior del nuevo Aeropuerto Internacional Jorge Ch\u00e1vez.<\/strong><\/em><\/span><\/p>\n<p style=\"text-align: justify;\"><span style=\"color: #333399;\"><em><strong>Las \u00e1reas de embarque y desembarque estar\u00e1n debidamente se\u00f1alizadas. Adem\u00e1s, los 57 paraderos establecidos a lo largo de las rutas contar\u00e1n con personal de la ATU para brindar orientaci\u00f3n a los pasajeros en puntos clave de conexi\u00f3n.<\/strong><\/em><\/span><\/p>\n<p style=\"text-align: justify;\"><span style=\"color: #333399;\"><em><strong>Puntos de partida de los \u201cAeroDirecto\u201d<\/strong><\/em><\/span><\/p>\n<ul style=\"text-align: justify;\">\n<li><span style=\"color: #333399;\"><em><strong>Norte: Cruce de las avenidas Izaguirre y Universitaria.<\/strong><\/em><\/span><\/li>\n<li><span style=\"color: #333399;\"><em><strong>Sur: Intersecci\u00f3n de las avenidas Rep\u00fablica Domincana y Brasil.<\/strong><\/em><\/span><\/li>\n<li><span style=\"color: #333399;\"><em><strong>Centro: \u00d3valo Dos de Mayo (cruce de las avenidas Alfonso Ugarte con Nicol\u00e1s de Pi\u00e9rola).<\/strong><\/em><\/span><\/li>\n<li><span style=\"color: #333399;\"><em><strong>Quilca (Callao): Avenida Quilca.<\/strong><\/em><\/span><\/li>\n<li><span style=\"color: #333399;\"><em><strong>Ventanilla: \u00d3valo La Playa (avenida N\u00e9stor Gambetta)<\/strong><\/em><\/span><\/li>\n<\/ul>\n<p style=\"text-align: justify;\"><span style=\"color: #333399;\"><em><strong>Con esta iniciativa, el MTC y la ATU buscan garantizar un acceso eficiente, moderno y seguro al nuevo terminal a\u00e9reo.<\/strong><\/em><\/span><\/p>\n<p style=\"text-align: justify;\">\n","protected":false},"excerpt":{"rendered":"<p>Los veh\u00edculos ser\u00e1n de color blanco y contar\u00e1n con el logo \u201cAeroDirecto\u201d en azul y rojo, indicando el nombre de la ruta. LIMA\/PERU\/23\/02\/2025.-En A partir del pr\u00f3ximo 30 de marzo, el nuevo Aeropuerto Internacional Jorge Ch\u00e1vez iniciar\u00e1 sus operaciones, y los viajeros, trabajadores o ciudadanos en general podr\u00e1n acceder al moderno terminal a\u00e9reo mediante el servicio de transporte p\u00fablico \u201cAeroDirecto\u201d, impulsado por el Ministerio de Transportes y Comunicaciones (MTC) a trav\u00e9s de la Autoridad de Transporte Urbano (ATU). El servicio contar\u00e1 con cinco rutas que conectar\u00e1n distintas zonas de Lima y Callao con el nuevo aeropuerto. Los autobuses ser\u00e1n f\u00e1ciles&#8230;<\/p>\n","protected":false},"author":1,"featured_media":65675,"comment_status":"open","ping_status":"open","sticky":false,"template":"","format":"standard","meta":{"footnotes":""},"categories":[4,82],"tags":[13210,11846,10219,166],"class_list":["post-65674","post","type-post","status-publish","format-standard","has-post-thumbnail","hentry","category-breaking-news","category-nacionales","tag-aerodirecto","tag-elenatejeradirectora","tag-semanarioturistamagazine","tag-aeropuerto-internacional-jorge-chavez"],"_links":{"self":[{"href":"https:\/\/www.turistamagazine.com\/v2\/index.php?rest_route=\/wp\/v2\/posts\/65674","targetHints":{"allow":["GET"]}}],"collection":[{"href":"https:\/\/www.turistamagazine.com\/v2\/index.php?rest_route=\/wp\/v2\/posts"}],"about":[{"href":"https:\/\/www.turistamagazine.com\/v2\/index.php?rest_route=\/wp\/v2\/types\/post"}],"author":[{"embeddable":true,"href":"https:\/\/www.turistamagazine.com\/v2\/index.php?rest_route=\/wp\/v2\/users\/1"}],"replies":[{"embeddable":true,"href":"https:\/\/www.turistamagazine.com\/v2\/index.php?rest_route=%2Fwp%2Fv2%2Fcomments&post=65674"}],"version-history":[{"count":3,"href":"https:\/\/www.turistamagazine.com\/v2\/index.php?rest_route=\/wp\/v2\/posts\/65674\/revisions"}],"predecessor-version":[{"id":65720,"href":"https:\/\/www.turistamagazine.com\/v2\/index.php?rest_route=\/wp\/v2\/posts\/65674\/revisions\/65720"}],"wp:featuredmedia":[{"embeddable":true,"href":"https:\/\/www.turistamagazine.com\/v2\/index.php?rest_route=\/wp\/v2\/media\/65675"}],"wp:attachment":[{"href":"https:\/\/www.turistamagazine.com\/v2\/index.php?rest_route=%2Fwp%2Fv2%2Fmedia&parent=65674"}],"wp:term":[{"taxonomy":"category","embeddable":true,"href":"https:\/\/www.turistamagazine.com\/v2\/index.php?rest_route=%2Fwp%2Fv2%2Fcategories&post=65674"},{"taxonomy":"post_tag","embeddable":true,"href":"https:\/\/www.turistamagazine.com\/v2\/index.php?rest_route=%2Fwp%2Fv2%2Ftags&post=65674"}],"curies":[{"name":"wp","href":"https:\/\/api.w.org\/{rel}","templated":true}]}}