{"id":65671,"date":"2025-02-19T15:00:25","date_gmt":"2025-02-19T20:00:25","guid":{"rendered":"https:\/\/www.turistamagazine.com\/v2\/?p=65671"},"modified":"2025-02-19T15:00:25","modified_gmt":"2025-02-19T20:00:25","slug":"sortearan-obras-de-arte-en-exposicion-rayminchik-mi-peru-y-sus-costumbres","status":"publish","type":"post","link":"https:\/\/www.turistamagazine.com\/v2\/?p=65671","title":{"rendered":"SORTEAR\u00c1N OBRAS DE ARTE EN EXPOSICI\u00d3N RAYMINCHIK \u201cMI PER\u00da Y SUS COSTUMBRES\u201d"},"content":{"rendered":"<p style=\"text-align: justify;\"><span style=\"color: #333399;\"><em><strong>LIMA\/PERU\/19\/02\/2025.-Los artistas pl\u00e1sticos integrante de la Asociaci\u00f3n de Docentes de Arte y Artistas del Per\u00fa \u2013 ADAYAP anunciaron que este s\u00e1bado, 22 de febrero, realizar\u00e1n el sorteo de algunas de sus valiosas obras, entre el p\u00fablico que asista a la exposici\u00f3n Rayminchik \u201cMi Per\u00fa y sus costumbres\u201d, la cual se desarrolla en el segundo piso de la torre Ku\u00e9lap del Ministerio de Cultura, en el distrito de San Borja.<\/strong><\/em><\/span><\/p>\n<p style=\"text-align: justify;\"><span style=\"color: #333399;\"><em><strong>Desde las 14:00 horas, los visitantes disfrutar\u00e1n de algunas presentaciones art\u00edsticas, como cantos, danzas y declamaciones po\u00e9ticas, las cuales se realizar\u00e1n para conmemorar el 16\u00b0 aniversario de esta asociaci\u00f3n de artistas peruanos.<\/strong><\/em><\/span><\/p>\n<p style=\"text-align: justify;\"><span style=\"color: #333399;\"><em><strong>En la segunda edici\u00f3n de Rayminchik, los artistas nos presentan las diversas expresiones culturales de la costa, sierra y selva del pa\u00eds. En los lienzos, podemos apreciar paisajes hermosos, a la sociedad con trajes t\u00edpicos y en actividades especiales. De esta manera, se difunde y pone valor nuestras tradiciones y legado cultural.<\/strong><\/em><\/span><\/p>\n<p style=\"text-align: justify;\"><span style=\"color: #333399;\"><em><strong>\u201cLa memoria colectiva se convierte en un puente entre el pasado y el presente, enfatizando la necesidad de conservar y transmitir nuestras costumbres a trav\u00e9s del tiempo\u201d, se\u00f1alan los organizadores.<\/strong><\/em><\/span><\/p>\n<p style=\"text-align: justify;\"><span style=\"color: #333399;\"><em><strong>En esta exposici\u00f3n tambi\u00e9n se reconoce el aporte y trayectoria profesional del artista pl\u00e1stico Francisco Quijano Mel\u00e9ndez, cuyos trabajos dejan una huella en el desarrollo de la cultura visual del Per\u00fa.<\/strong><\/em><\/span><\/p>\n<p style=\"text-align: justify;\"><span style=\"color: #333399;\"><em><strong>En esta expoventa de obras vienen present\u00e1ndose m\u00e1s de 70 artistas y docentes, de amplia trayectoria provenientes de diferentes regiones del pa\u00eds, como Arequipa, Ayacucho, Piura, Lambayeque, Huancavelica Jun\u00edn, Tarapoto, Moquegua, \u00c1ncash, entre otros.<\/strong><\/em><\/span><\/p>\n<p style=\"text-align: justify;\"><span style=\"color: #333399;\"><em><strong>Rayminchik abri\u00f3 sus puertas el 17 de enero, y estar\u00e1 disponible hasta el 26 de febrero, de 10:00 a. m. a 6:00 p. m.<\/strong><\/em><\/span><\/p>\n<p style=\"text-align: justify;\"><span style=\"color: #333399;\"><em><strong>F\/Andina<\/strong><\/em><\/span><\/p>\n","protected":false},"excerpt":{"rendered":"<p>LIMA\/PERU\/19\/02\/2025.-Los artistas pl\u00e1sticos integrante de la Asociaci\u00f3n de Docentes de Arte y Artistas del Per\u00fa \u2013 ADAYAP anunciaron que este s\u00e1bado, 22 de febrero, realizar\u00e1n el sorteo de algunas de sus valiosas obras, entre el p\u00fablico que asista a la exposici\u00f3n Rayminchik \u201cMi Per\u00fa y sus costumbres\u201d, la cual se desarrolla en el segundo piso de la torre Ku\u00e9lap del Ministerio de Cultura, en el distrito de San Borja. Desde las 14:00 horas, los visitantes disfrutar\u00e1n de algunas presentaciones art\u00edsticas, como cantos, danzas y declamaciones po\u00e9ticas, las cuales se realizar\u00e1n para conmemorar el 16\u00b0 aniversario de esta asociaci\u00f3n de artistas&#8230;<\/p>\n","protected":false},"author":1,"featured_media":65672,"comment_status":"open","ping_status":"open","sticky":false,"template":"","format":"standard","meta":{"footnotes":""},"categories":[4,82],"tags":[13209,11846,10219,13208],"class_list":["post-65671","post","type-post","status-publish","format-standard","has-post-thumbnail","hentry","category-breaking-news","category-nacionales","tag-mi-peru-y-sus-costumbres","tag-elenatejeradirectora","tag-semanarioturistamagazine","tag-rayminchik"],"_links":{"self":[{"href":"https:\/\/www.turistamagazine.com\/v2\/index.php?rest_route=\/wp\/v2\/posts\/65671","targetHints":{"allow":["GET"]}}],"collection":[{"href":"https:\/\/www.turistamagazine.com\/v2\/index.php?rest_route=\/wp\/v2\/posts"}],"about":[{"href":"https:\/\/www.turistamagazine.com\/v2\/index.php?rest_route=\/wp\/v2\/types\/post"}],"author":[{"embeddable":true,"href":"https:\/\/www.turistamagazine.com\/v2\/index.php?rest_route=\/wp\/v2\/users\/1"}],"replies":[{"embeddable":true,"href":"https:\/\/www.turistamagazine.com\/v2\/index.php?rest_route=%2Fwp%2Fv2%2Fcomments&post=65671"}],"version-history":[{"count":1,"href":"https:\/\/www.turistamagazine.com\/v2\/index.php?rest_route=\/wp\/v2\/posts\/65671\/revisions"}],"predecessor-version":[{"id":65673,"href":"https:\/\/www.turistamagazine.com\/v2\/index.php?rest_route=\/wp\/v2\/posts\/65671\/revisions\/65673"}],"wp:featuredmedia":[{"embeddable":true,"href":"https:\/\/www.turistamagazine.com\/v2\/index.php?rest_route=\/wp\/v2\/media\/65672"}],"wp:attachment":[{"href":"https:\/\/www.turistamagazine.com\/v2\/index.php?rest_route=%2Fwp%2Fv2%2Fmedia&parent=65671"}],"wp:term":[{"taxonomy":"category","embeddable":true,"href":"https:\/\/www.turistamagazine.com\/v2\/index.php?rest_route=%2Fwp%2Fv2%2Fcategories&post=65671"},{"taxonomy":"post_tag","embeddable":true,"href":"https:\/\/www.turistamagazine.com\/v2\/index.php?rest_route=%2Fwp%2Fv2%2Ftags&post=65671"}],"curies":[{"name":"wp","href":"https:\/\/api.w.org\/{rel}","templated":true}]}}